{"id":633738,"date":"2026-01-01T07:24:12","date_gmt":"2026-01-01T07:24:12","guid":{"rendered":"https:\/\/www.europesays.com\/fr\/633738\/"},"modified":"2026-01-01T07:24:12","modified_gmt":"2026-01-01T07:24:12","slug":"le-billet-de-pierre-taribo-nancy-nguyen-tran-recoit-le-prix-littre","status":"publish","type":"post","link":"https:\/\/www.europesays.com\/fr\/633738\/","title":{"rendered":"Le billet de Pierre Taribo. Nancy\u2004: Nguyen Tran re\u00e7oit le prix Littr\u00e9"},"content":{"rendered":"<p>D\u2019ailleurs pourquoi vouloir enfermer son enthousiasme et ses talents dans une case\u00a0? <a href=\"https:\/\/www.lasemaine.fr\/non-classe\/nancy-nguyen-tran-il-emmagasine-plusieurs-vies\/\" data-type=\"post\" data-id=\"244226\" target=\"_blank\" rel=\"noopener\">Nguyen Tran<\/a> bouge, glisse, met sa souplesse et son savoir-faire au service des autres. Qu\u2019on se le tienne pour dit, c\u2019est son style, sa conception de l\u2019engagement, le moteur de l\u2019action. Et si parfois il trouve un sas pour s\u2019aventurer vers d\u2019autres horizons, il ne s\u2019\u00e9loigne jamais du cadre initial de la m\u00e9decine qui reste le fil conducteur de ce qu\u2019il est, de ce qu\u2019il fait.<\/p>\n<p>\u00ab\u00a0Cette plong\u00e9e en eaux tr\u00e8s personnelle se fait sans masque ni artifice\u00a0\u00bb<\/p>\n<p>Attach\u00e9 \u00e0 la fraternit\u00e9 et \u00e0 l\u2019entraide, d\u2019une reconnaissance infinie envers ceux qui l\u2019ont aid\u00e9 dans son parcours de r\u00e9fugi\u00e9, il ne prend aucune revanche sur la vie dont les vilenies l\u2019ont \u00e9loign\u00e9 de son pays. L\u2019enfant dont il raconte la trajectoire dans son premier roman\u00a0Les murmures des frangipaniers\u00a0a des souvenirs \u00e0 la fois sombres et d\u00e9licieux. Cette plong\u00e9e en eaux tr\u00e8s personnelles se fait sans masque ni artifice. Le pass\u00e9 est grappill\u00e9 au jour le jour. Nous y d\u00e9celons une forme de fragilit\u00e9 ourl\u00e9e de d\u00e9licatesse. Un r\u00e9cit enlev\u00e9 et romanesque qui lui vaut de recevoir le Prix Littr\u00e9 d\u00e9cern\u00e9 par le Groupement des \u00e9crivains m\u00e9decins. En paix avec lui-m\u00eame, \u00e9tranger \u00e0 la m\u00e9lancolie, heureux, Nguyen Tran a trouv\u00e9 une nouvelle r\u00e9serve de passion dans l\u2019\u00e9criture, un d\u00e9rivatif qui ne l\u2019emp\u00eache pas de bondir vers des projets d\u2019envergure. Le dernier en date, l\u2019\u00c9cole v\u00e9t\u00e9rinaire du ch\u00e2teau de Pixer\u00e9court \u00e0 Malz\u00e9ville qui fait l\u2019objet d\u2019une consultation publique organis\u00e9e du 12 au 29\u00a0d\u00e9cembre sur la demande de d\u00e9rogation \u00e0 la protection stricte des esp\u00e8ces. G\u00e9n\u00e9ralement plut\u00f4t du genre tourbillonnant, Nguyen Tran patiente. Pour creuser son sillon il faut parfois savoir attendre.<\/p>\n","protected":false},"excerpt":{"rendered":"D\u2019ailleurs pourquoi vouloir enfermer son enthousiasme et ses talents dans une case\u00a0? Nguyen Tran bouge, glisse, met sa&hellip;\n","protected":false},"author":2,"featured_media":633739,"comment_status":"","ping_status":"","sticky":false,"template":"","format":"standard","meta":{"footnotes":""},"categories":[9635],"tags":[1111,11,1777,674,1011,27,775,1702,12,25],"class_list":{"0":"post-633738","1":"post","2":"type-post","3":"status-publish","4":"format-standard","5":"has-post-thumbnail","7":"category-nancy","8":"tag-actu","9":"tag-actualites","10":"tag-eu","11":"tag-europe","12":"tag-fr","13":"tag-france","14":"tag-grand-est","15":"tag-nancy","16":"tag-news","17":"tag-republique-francaise"},"share_on_mastodon":{"url":"https:\/\/pubeurope.com\/@fr\/115818650862733187","error":""},"_links":{"self":[{"href":"https:\/\/www.europesays.com\/fr\/wp-json\/wp\/v2\/posts\/633738","targetHints":{"allow":["GET"]}}],"collection":[{"href":"https:\/\/www.europesays.com\/fr\/wp-json\/wp\/v2\/posts"}],"about":[{"href":"https:\/\/www.europesays.com\/fr\/wp-json\/wp\/v2\/types\/post"}],"author":[{"embeddable":true,"href":"https:\/\/www.europesays.com\/fr\/wp-json\/wp\/v2\/users\/2"}],"replies":[{"embeddable":true,"href":"https:\/\/www.europesays.com\/fr\/wp-json\/wp\/v2\/comments?post=633738"}],"version-history":[{"count":0,"href":"https:\/\/www.europesays.com\/fr\/wp-json\/wp\/v2\/posts\/633738\/revisions"}],"wp:featuredmedia":[{"embeddable":true,"href":"https:\/\/www.europesays.com\/fr\/wp-json\/wp\/v2\/media\/633739"}],"wp:attachment":[{"href":"https:\/\/www.europesays.com\/fr\/wp-json\/wp\/v2\/media?parent=633738"}],"wp:term":[{"taxonomy":"category","embeddable":true,"href":"https:\/\/www.europesays.com\/fr\/wp-json\/wp\/v2\/categories?post=633738"},{"taxonomy":"post_tag","embeddable":true,"href":"https:\/\/www.europesays.com\/fr\/wp-json\/wp\/v2\/tags?post=633738"}],"curies":[{"name":"wp","href":"https:\/\/api.w.org\/{rel}","templated":true}]}}