{"id":633750,"date":"2026-01-01T07:35:10","date_gmt":"2026-01-01T07:35:10","guid":{"rendered":"https:\/\/www.europesays.com\/fr\/633750\/"},"modified":"2026-01-01T07:35:10","modified_gmt":"2026-01-01T07:35:10","slug":"ce-qui-nous-attend-en-2026-en-isere-la-reouverture-de-la-tour-perret-a-grenoble","status":"publish","type":"post","link":"https:\/\/www.europesays.com\/fr\/633750\/","title":{"rendered":"Ce qui nous attend en 2026 en Is\u00e8re\u00a0: la r\u00e9ouverture de la Tour Perret \u00e0 Grenoble"},"content":{"rendered":"<p>Ce sera l&rsquo;un des \u00e9v\u00e9nements patrimoniaux importants en Is\u00e8re en 2026 : la Tour Perret doit rouvrir au grand public en avril prochain, apr\u00e8s 66 ans de fermeture.<\/p>\n<p>Alors que 2026 commence tout juste, ici Is\u00e8re se penche sur les \u00e9v\u00e9nements qui vont marquer l&rsquo;Is\u00e8re dans l&rsquo;ann\u00e9e \u00e0 venir. Et on commence par une r\u00e9ouverture attendue de tr\u00e8s tr\u00e8s longue date\u00a0: la r\u00e9ouverture de la Tour Perret \u00e0 Grenoble\u00a0! Construite en 1924, ferm\u00e9e en 1960. Mais les travaux de r\u00e9novation sont presque termin\u00e9s.\u00a0Et apr\u00e8s 66 ans de fermeture\u00a0<a class=\"IciLink ici-link IciArticleLink g-ici-body-regular-1 underline brand svelte-1chfe2s\" href=\"https:\/\/www.francebleu.fr\/emissions\/l-envers-du-decor-ici-isere\/visite-a-l-interieur-de-la-tour-perret-a-grenoble-pendant-les-dernieres-etapes-du-chantier-de-renovation-9499120\" target=\"_blank\" rel=\"noopener\">et deux ans de travaux titanesques<\/a>, la tour en b\u00e9ton arm\u00e9 s&rsquo;appr\u00eate \u00e0 rouvrir ses portes.<\/p>\n<p>Le grand public doit \u00eatre accueilli \u00e0 partir d&rsquo;avril 2026 mais d\u00e8s la semaine prochaine, 8 chanceux auront droit \u00e0 une visite en avant-premi\u00e8re, ils ont gagn\u00e9 leur place lors d&rsquo;un tirage au sort sur le march\u00e9 de No\u00ebl de Grenoble.<\/p>\n","protected":false},"excerpt":{"rendered":"Ce sera l&rsquo;un des \u00e9v\u00e9nements patrimoniaux importants en Is\u00e8re en 2026 : la Tour Perret doit rouvrir au&hellip;\n","protected":false},"author":2,"featured_media":633751,"comment_status":"","ping_status":"","sticky":false,"template":"","format":"standard","meta":{"footnotes":""},"categories":[9566],"tags":[1111,11,2430,1777,674,1011,27,2731,12,25],"class_list":{"0":"post-633750","1":"post","2":"type-post","3":"status-publish","4":"format-standard","5":"has-post-thumbnail","7":"category-grenoble","8":"tag-actu","9":"tag-actualites","10":"tag-auvergne-rhone-alpes","11":"tag-eu","12":"tag-europe","13":"tag-fr","14":"tag-france","15":"tag-grenoble","16":"tag-news","17":"tag-republique-francaise"},"share_on_mastodon":{"url":"https:\/\/pubeurope.com\/@fr\/115818694091933065","error":""},"_links":{"self":[{"href":"https:\/\/www.europesays.com\/fr\/wp-json\/wp\/v2\/posts\/633750","targetHints":{"allow":["GET"]}}],"collection":[{"href":"https:\/\/www.europesays.com\/fr\/wp-json\/wp\/v2\/posts"}],"about":[{"href":"https:\/\/www.europesays.com\/fr\/wp-json\/wp\/v2\/types\/post"}],"author":[{"embeddable":true,"href":"https:\/\/www.europesays.com\/fr\/wp-json\/wp\/v2\/users\/2"}],"replies":[{"embeddable":true,"href":"https:\/\/www.europesays.com\/fr\/wp-json\/wp\/v2\/comments?post=633750"}],"version-history":[{"count":0,"href":"https:\/\/www.europesays.com\/fr\/wp-json\/wp\/v2\/posts\/633750\/revisions"}],"wp:featuredmedia":[{"embeddable":true,"href":"https:\/\/www.europesays.com\/fr\/wp-json\/wp\/v2\/media\/633751"}],"wp:attachment":[{"href":"https:\/\/www.europesays.com\/fr\/wp-json\/wp\/v2\/media?parent=633750"}],"wp:term":[{"taxonomy":"category","embeddable":true,"href":"https:\/\/www.europesays.com\/fr\/wp-json\/wp\/v2\/categories?post=633750"},{"taxonomy":"post_tag","embeddable":true,"href":"https:\/\/www.europesays.com\/fr\/wp-json\/wp\/v2\/tags?post=633750"}],"curies":[{"name":"wp","href":"https:\/\/api.w.org\/{rel}","templated":true}]}}