{"id":633758,"date":"2026-01-01T07:44:25","date_gmt":"2026-01-01T07:44:25","guid":{"rendered":"https:\/\/www.europesays.com\/fr\/633758\/"},"modified":"2026-01-01T07:44:25","modified_gmt":"2026-01-01T07:44:25","slug":"municipales-aux-urnes-les-15-et-22-mars-2026","status":"publish","type":"post","link":"https:\/\/www.europesays.com\/fr\/633758\/","title":{"rendered":"Municipales : aux urnes les 15 et 22 mars 2026"},"content":{"rendered":"<p>Municipales\u00a0: aux urnes les 15 et 22\u00a0mars<\/p>\n<p>\u00c9lections. Sur le plan politique, cette ann\u00e9e 2026 sera marqu\u00e9e par les \u00e9lections municipales qui se tiendront les dimanches 15 et 22\u00a0mars. En Loire-Atlantique, un peu plus d\u2019un million d\u2019\u00e9lecteurs seront appel\u00e9s aux urnes pour \u00e9lire leurs nouveaux maires et conseillers municipaux dans les 207\u00a0communes du d\u00e9partement. La date limite d\u2019inscription sur les listes \u00e9lectorales pour voter est fix\u00e9e au vendredi 6\u00a0f\u00e9vrier. En mars\u00a02020, en pleine crise du Covid, le premier tour des municipales avait \u00e9t\u00e9 marqu\u00e9 par une abstention record qui avait fr\u00f4l\u00e9 les 60\u00a0% en Loire-Atlantique. Au second tour, report\u00e9 fin juin, elle avait m\u00eame franchi cette barre, s\u2019approchant des 70\u00a0% \u00e0 Nantes et Saint-Nazaire.<\/p>\n<p>\u00a0<\/p>\n","protected":false},"excerpt":{"rendered":"Municipales\u00a0: aux urnes les 15 et 22\u00a0mars \u00c9lections. Sur le plan politique, cette ann\u00e9e 2026 sera marqu\u00e9e par&hellip;\n","protected":false},"author":2,"featured_media":633759,"comment_status":"","ping_status":"","sticky":false,"template":"","format":"standard","meta":{"footnotes":""},"categories":[2818],"tags":[9284,5734,10508,1111,11,1777,674,1011,27,918,3554,766,12,2636,25,6558],"class_list":{"0":"post-633758","1":"post","2":"type-post","3":"status-publish","4":"format-standard","5":"has-post-thumbnail","7":"category-nantes","8":"tag-9284","9":"tag-5734","10":"tag-10508","11":"tag-actu","12":"tag-actualites","13":"tag-eu","14":"tag-europe","15":"tag-fr","16":"tag-france","17":"tag-mars","18":"tag-municipales","19":"tag-nantes","20":"tag-news","21":"tag-pays-de-la-loire","22":"tag-republique-francaise","23":"tag-urnes"},"share_on_mastodon":{"url":"https:\/\/pubeurope.com\/@fr\/115818729780985258","error":""},"_links":{"self":[{"href":"https:\/\/www.europesays.com\/fr\/wp-json\/wp\/v2\/posts\/633758","targetHints":{"allow":["GET"]}}],"collection":[{"href":"https:\/\/www.europesays.com\/fr\/wp-json\/wp\/v2\/posts"}],"about":[{"href":"https:\/\/www.europesays.com\/fr\/wp-json\/wp\/v2\/types\/post"}],"author":[{"embeddable":true,"href":"https:\/\/www.europesays.com\/fr\/wp-json\/wp\/v2\/users\/2"}],"replies":[{"embeddable":true,"href":"https:\/\/www.europesays.com\/fr\/wp-json\/wp\/v2\/comments?post=633758"}],"version-history":[{"count":0,"href":"https:\/\/www.europesays.com\/fr\/wp-json\/wp\/v2\/posts\/633758\/revisions"}],"wp:featuredmedia":[{"embeddable":true,"href":"https:\/\/www.europesays.com\/fr\/wp-json\/wp\/v2\/media\/633759"}],"wp:attachment":[{"href":"https:\/\/www.europesays.com\/fr\/wp-json\/wp\/v2\/media?parent=633758"}],"wp:term":[{"taxonomy":"category","embeddable":true,"href":"https:\/\/www.europesays.com\/fr\/wp-json\/wp\/v2\/categories?post=633758"},{"taxonomy":"post_tag","embeddable":true,"href":"https:\/\/www.europesays.com\/fr\/wp-json\/wp\/v2\/tags?post=633758"}],"curies":[{"name":"wp","href":"https:\/\/api.w.org\/{rel}","templated":true}]}}