{"id":633766,"date":"2026-01-01T07:48:10","date_gmt":"2026-01-01T07:48:10","guid":{"rendered":"https:\/\/www.europesays.com\/fr\/633766\/"},"modified":"2026-01-01T07:48:10","modified_gmt":"2026-01-01T07:48:10","slug":"usine-de-paracetamol-made-in-toulouse-pourquoi-la-justice-pourrait-retarder-le-projet","status":"publish","type":"post","link":"https:\/\/www.europesays.com\/fr\/633766\/","title":{"rendered":"Usine de parac\u00e9tamol \u00ab\u00a0made in Toulouse\u00a0\u00bb\u00a0: pourquoi la justice pourrait retarder le projet"},"content":{"rendered":"<p>\n                                                                    l&rsquo;essentiel<br \/>\n                                                                Le placement en redressement judiciaire de la soci\u00e9t\u00e9 Ipsomedic, prononc\u00e9 le 17\u00a0novembre 2025, jette une ombre sur le calendrier du projet Ipsoph\u00e8ne, future usine de production de parac\u00e9tamol annonc\u00e9e \u00e0 Toulouse. Les porteurs du projet se veulent rassurants.\n                            <\/p>\n<p>Ipsoph\u00e8ne a-t-elle du plomb dans l\u2019aile\u00a0? Une proc\u00e9dure de redressement judiciaire a \u00e9t\u00e9 ouverte \u00e0 l\u2019encontre d\u2019Ipsomedic, soci\u00e9t\u00e9 install\u00e9e \u00e0 Aubagne (Bouches-du-Rh\u00f4ne).<\/p>\n<p>Cr\u00e9\u00e9e pour porter la recherche et le d\u00e9veloppement, Ipsomedic d\u00e9tient les brevets et les proc\u00e9d\u00e9s innovants destin\u00e9s \u00e0 la fabrication de principes actifs pharmaceutiques.<\/p>\n<p>Du parac\u00e9tamol \u00ab\u00a0Made in France\u00a0\u00bb \u00e0 Toulouse<\/p>\n<p>Ces technologies devaient \u00eatre exploit\u00e9es sous licence par Ipsoph\u00e8ne, la structure charg\u00e9e de la production industrielle, notamment d\u2019un parac\u00e9tamol \u00ab\u00a0made in France\u00a0\u00bb.<\/p>\n<p class=\"std-elt__inline\">\n        <strong>\u00c0 lire aussi :<\/strong><br \/>\n        <a href=\"https:\/\/www.ladepeche.fr\/2025\/01\/21\/usine-de-paracetamol-chez-arianegroup-a-toulouse-des-anciens-dazf-sont-pour-12458490.php\" target=\"_blank\" rel=\"noopener\">Usine de parac\u00e9tamol chez ArianeGroup \u00e0 Toulouse\u00a0: des anciens d\u2019AZF sont pour<\/a>\n    <\/p>\n<p>\u00c0 Toulouse, Ipsoph\u00e8ne pr\u00e9voit l\u2019am\u00e9nagement d\u2019une usine sur un site industriel d\u2019ArianeGroup, \u00e0 proximit\u00e9 de l\u2019ancien site AZF.<\/p>\n<p>Ce projet, tr\u00e8s suivi par les acteurs locaux, s\u2019inscrit dans un contexte de souverainet\u00e9 m\u00e9dicamenteuse, alors que pr\u00e8s de 85\u00a0% des principes actifs consomm\u00e9s en Europe sont aujourd\u2019hui produits hors du continent.<\/p>\n<p>Le pr\u00e9sident d\u2019Ipsoph\u00e8ne se veut rassurant<\/p>\n<p>Interrog\u00e9 par \u00ab\u00a0La D\u00e9p\u00eache\u00a0\u00bb sur les cons\u00e9quences du redressement judiciaire d\u2019Ipsomedic, Jean Boher, pr\u00e9sident d\u2019Ipsoph\u00e8ne, se veut rassurant\u00a0:<\/p>\n<p>\u00ab\u00a0Cette mise en redressement judiciaire d\u2019Ipsomedic n\u2019a pas de cons\u00e9quence sur l\u2019aboutissement du projet Ipsoph\u00e8ne, qui poss\u00e8de tous les savoir-faire et les \u00e9quipes pour d\u00e9marrer la production d\u00e8s que la ligne sera op\u00e9rationnelle\u00a0\u00bb, affirme-t-il.<\/p>\n<p>Dans les faits, le calendrier pourrait toutefois \u00eatre d\u00e9cal\u00e9. La fragilisation de la soci\u00e9t\u00e9 de R\u00a0&amp; D complique les discussions financi\u00e8res et industrielles, dans un projet d\u00e9j\u00e0 confront\u00e9 \u00e0 des investissements lourds et \u00e0 des exigences r\u00e9glementaires \u00e9lev\u00e9es.<\/p>\n<p>Autorisation du pr\u00e9fet de Haute-Garonne<\/p>\n<p>\u00c0 Aubagne, Ipsomedic avait pourtant inaugur\u00e9 ses locaux fin 2024, en pr\u00e9sence d\u2019\u00e9lus, avec l\u2019ambition affich\u00e9e de contribuer \u00e0 l\u2019ind\u00e9pendance sanitaire fran\u00e7aise gr\u00e2ce \u00e0 des proc\u00e9d\u00e9s de fabrication en continu, plus sobres et moins polluants.<\/p>\n<p>Reste d\u00e9sormais \u00e0 savoir si la proc\u00e9dure en cours permettra \u00e0 Ipsomedic de se redresser rapidement. Les cr\u00e9anciers ont jusqu\u2019\u00e0 deux mois apr\u00e8s la publication au Bodacc pour d\u00e9clarer leurs cr\u00e9ances.<\/p>\n<p class=\"std-elt__inline\">\n        <strong>\u00c0 lire aussi :<\/strong><br \/>\n        <a href=\"https:\/\/www.ladepeche.fr\/2025\/03\/12\/usine-de-paracetamol-pres-dazf-a-toulouse-on-ira-jusquau-tribunal-les-opposants-organisent-la-resistance-au-projet-12563468.php\" target=\"_blank\" rel=\"noopener\">Usine de parac\u00e9tamol pr\u00e8s d\u2019AZF \u00e0 Toulouse\u00a0: \u00ab\u00a0On ira jusqu\u2019au tribunal\u00a0\u00bb, les opposants organisent la r\u00e9sistance au projet<\/a>\n    <\/p>\n<p>Pour rappel, en septembre\u00a02025, Ipsoph\u00e8ne avait obtenu le feu vert des services du pr\u00e9fet de Haute-Garonne, qui avait valid\u00e9 l\u2019autorisation environnementale \u00ab\u00a0permettant l\u2019installation et l\u2019exploitation d\u2019une unit\u00e9 de fabrication de parac\u00e9tamol selon un proc\u00e9d\u00e9 innovant\u00a0\u00bb.<\/p>\n","protected":false},"excerpt":{"rendered":"l&rsquo;essentiel Le placement en redressement judiciaire de la soci\u00e9t\u00e9 Ipsomedic, prononc\u00e9 le 17\u00a0novembre 2025, jette une ombre sur&hellip;\n","protected":false},"author":2,"featured_media":633767,"comment_status":"","ping_status":"","sticky":false,"template":"","format":"standard","meta":{"footnotes":""},"categories":[2816],"tags":[1111,11,33,1777,674,1011,27,2722,693,32505,12,2680,25,2312],"class_list":{"0":"post-633766","1":"post","2":"type-post","3":"status-publish","4":"format-standard","5":"has-post-thumbnail","7":"category-toulouse","8":"tag-actu","9":"tag-actualites","10":"tag-economie","11":"tag-eu","12":"tag-europe","13":"tag-fr","14":"tag-france","15":"tag-haute-garonne","16":"tag-industrie","17":"tag-industrie-pharmaceutique","18":"tag-news","19":"tag-occitanie","20":"tag-republique-francaise","21":"tag-toulouse"},"share_on_mastodon":{"url":"https:\/\/pubeurope.com\/@fr\/115818745636025436","error":""},"_links":{"self":[{"href":"https:\/\/www.europesays.com\/fr\/wp-json\/wp\/v2\/posts\/633766","targetHints":{"allow":["GET"]}}],"collection":[{"href":"https:\/\/www.europesays.com\/fr\/wp-json\/wp\/v2\/posts"}],"about":[{"href":"https:\/\/www.europesays.com\/fr\/wp-json\/wp\/v2\/types\/post"}],"author":[{"embeddable":true,"href":"https:\/\/www.europesays.com\/fr\/wp-json\/wp\/v2\/users\/2"}],"replies":[{"embeddable":true,"href":"https:\/\/www.europesays.com\/fr\/wp-json\/wp\/v2\/comments?post=633766"}],"version-history":[{"count":0,"href":"https:\/\/www.europesays.com\/fr\/wp-json\/wp\/v2\/posts\/633766\/revisions"}],"wp:featuredmedia":[{"embeddable":true,"href":"https:\/\/www.europesays.com\/fr\/wp-json\/wp\/v2\/media\/633767"}],"wp:attachment":[{"href":"https:\/\/www.europesays.com\/fr\/wp-json\/wp\/v2\/media?parent=633766"}],"wp:term":[{"taxonomy":"category","embeddable":true,"href":"https:\/\/www.europesays.com\/fr\/wp-json\/wp\/v2\/categories?post=633766"},{"taxonomy":"post_tag","embeddable":true,"href":"https:\/\/www.europesays.com\/fr\/wp-json\/wp\/v2\/tags?post=633766"}],"curies":[{"name":"wp","href":"https:\/\/api.w.org\/{rel}","templated":true}]}}