{"id":633774,"date":"2026-01-01T07:53:10","date_gmt":"2026-01-01T07:53:10","guid":{"rendered":"https:\/\/www.europesays.com\/fr\/633774\/"},"modified":"2026-01-01T07:53:10","modified_gmt":"2026-01-01T07:53:10","slug":"marseille-unie-et-fiere-les-voeux-de-pablo-longoria-pour-2026","status":"publish","type":"post","link":"https:\/\/www.europesays.com\/fr\/633774\/","title":{"rendered":"\u00ab\u00a0Marseille unie et fi\u00e8re\u00a0\u00bb, les v\u0153ux de Pablo Longoria pour 2026"},"content":{"rendered":"<p>Il soufflera fin f\u00e9vrier sa 5e bougie en tant que pr\u00e9sident de l&rsquo;OM. En juin 2026, <a href=\"https:\/\/www.laprovence.com\/article\/om\/6413413215779\/om-qui-est-pablo-longoria-retrouvez-lepisode-2-de-notre-podcast-commanderie\" target=\"_blank\" rel=\"noopener\">Pablo Longoria<\/a> f\u00eatera aussi ses 40 ans. Pour la nouvelle ann\u00e9e, <a href=\"https:\/\/www.laprovence.com\/article\/om\/5720237968196314\/exclusif-om-il-faut-etre-positif-on-va-jouer-au-bernabeu-a-madrid-notre-interview-de-pablo-longoria\" target=\"_blank\" rel=\"noopener\">l&rsquo;Espagnol<\/a> pr\u00e9f\u00e9r\u00e9 des supporters olympiens a plusieurs v\u0153ux.<\/p>\n<p>\u00ab\u00a0Personnellement, je souhaite surtout la sant\u00e9 pour les miens. Avoir le temps de profiter un peu plus des moments simples, et garder l&rsquo;\u00e9nergie pour continuer \u00e0 faire ce que j&rsquo;aime, nous glisse-t-il avant de revenir sur son club et sur Marseille, ville qu&rsquo;il ch\u00e9rit. Pour l&rsquo;OM, mon v\u0153u est simple : continuer \u00e0 avancer. Il faut du travail, de la rigueur, et de la continuit\u00e9. Consolider le club et progresser chaque jour. Pour Marseille, je souhaite une ville unie et fi\u00e8re. C&rsquo;est une ville intense, avec une \u00e9nergie unique. Quand on va tous dans le m\u00eame sens, cette \u00e9nergie devient extraordinaire.\u00a0\u00bb<\/p>\n","protected":false},"excerpt":{"rendered":"Il soufflera fin f\u00e9vrier sa 5e bougie en tant que pr\u00e9sident de l&rsquo;OM. En juin 2026, Pablo Longoria&hellip;\n","protected":false},"author":2,"featured_media":633775,"comment_status":"","ping_status":"","sticky":false,"template":"","format":"standard","meta":{"footnotes":""},"categories":[2814],"tags":[5734,1111,11,1777,674,74223,1011,27,151,884,12,149,45046,882,25,74222,74173],"class_list":{"0":"post-633774","1":"post","2":"type-post","3":"status-publish","4":"format-standard","5":"has-post-thumbnail","7":"category-marseille","8":"tag-5734","9":"tag-actu","10":"tag-actualites","11":"tag-eu","12":"tag-europe","13":"tag-fiere","14":"tag-fr","15":"tag-france","16":"tag-les","17":"tag-marseille","18":"tag-news","19":"tag-om","20":"tag-pablo","21":"tag-provence-alpes-cote-dazur","22":"tag-republique-francaise","23":"tag-unie","24":"tag-voeux"},"share_on_mastodon":{"url":"https:\/\/pubeurope.com\/@fr\/115818764966684332","error":""},"_links":{"self":[{"href":"https:\/\/www.europesays.com\/fr\/wp-json\/wp\/v2\/posts\/633774","targetHints":{"allow":["GET"]}}],"collection":[{"href":"https:\/\/www.europesays.com\/fr\/wp-json\/wp\/v2\/posts"}],"about":[{"href":"https:\/\/www.europesays.com\/fr\/wp-json\/wp\/v2\/types\/post"}],"author":[{"embeddable":true,"href":"https:\/\/www.europesays.com\/fr\/wp-json\/wp\/v2\/users\/2"}],"replies":[{"embeddable":true,"href":"https:\/\/www.europesays.com\/fr\/wp-json\/wp\/v2\/comments?post=633774"}],"version-history":[{"count":0,"href":"https:\/\/www.europesays.com\/fr\/wp-json\/wp\/v2\/posts\/633774\/revisions"}],"wp:featuredmedia":[{"embeddable":true,"href":"https:\/\/www.europesays.com\/fr\/wp-json\/wp\/v2\/media\/633775"}],"wp:attachment":[{"href":"https:\/\/www.europesays.com\/fr\/wp-json\/wp\/v2\/media?parent=633774"}],"wp:term":[{"taxonomy":"category","embeddable":true,"href":"https:\/\/www.europesays.com\/fr\/wp-json\/wp\/v2\/categories?post=633774"},{"taxonomy":"post_tag","embeddable":true,"href":"https:\/\/www.europesays.com\/fr\/wp-json\/wp\/v2\/tags?post=633774"}],"curies":[{"name":"wp","href":"https:\/\/api.w.org\/{rel}","templated":true}]}}