{"id":633788,"date":"2026-01-01T08:02:15","date_gmt":"2026-01-01T08:02:15","guid":{"rendered":"https:\/\/www.europesays.com\/fr\/633788\/"},"modified":"2026-01-01T08:02:15","modified_gmt":"2026-01-01T08:02:15","slug":"a-paris-larc-de-triomphe-a-brille-de-mille-feux-pour-accueillir-2026","status":"publish","type":"post","link":"https:\/\/www.europesays.com\/fr\/633788\/","title":{"rendered":"A Paris, l\u2019Arc de Triomphe a brill\u00e9 de mille feux pour accueillir 2026"},"content":{"rendered":"<p><img fetchpriority=\"high\" decoding=\"async\" alt=\"A Paris, des centaines de milliers de personnes se sont rassembl\u00e9es sur l\u2019avenue des Champs-Elys\u00e9es, dans l\u2019attente du compte-\u00e0-rebours des douze coups de minuit.\" class=\"mb-s@xs radius-0@xs radius-xxs@md c-img\" loading=\"eager\" width=\"640\" height=\"408\" src=\"https:\/\/img.20mn.fr\/GHad1EEKQKeVfLc5UD5MZyk\/640x408_paris-france-january-1-people-gather-at-champs-elysees-to-watch-the-firework-and-light-shows-during-the-new-year-celebrations-in-paris-france-on-january-1-2026-luc-auffret-anadolu-photo-by-luc-auffret-anadolu-via-afp\" \/>Luc Auffret \/ Anadolu\u2002\/\u00a0AFP<\/p>\n<p>A Paris, des centaines de milliers de personnes se sont rassembl\u00e9es sur l\u2019avenue des Champs-Elys\u00e9es, dans l\u2019attente du compte-\u00e0-rebours des douze coups de minuit.<\/p>\n<p><img decoding=\"async\" alt=\"La foule \u00e9tait compacte pour f\u00eater l\u2019arriv\u00e9e de\u00a02026.\" class=\"mb-s@xs radius-0@xs radius-xxs@md c-img\" loading=\"eager\" width=\"640\" height=\"408\" src=\"https:\/\/img.20mn.fr\/5Q8_gMLbTo696eOn7ajj0Ck\/640x408_paris-france-january-1-people-gather-at-champs-elysees-to-watch-the-firework-and-light-shows-during-the-new-year-celebrations-in-paris-france-on-january-1-2026-luc-auffret-anadolu-photo-by-luc-auffret-anadolu-via-afp\" \/>Luc Auffret \/ Anadolu\u2002\/\u00a0AFP<\/p>\n<p>La foule \u00e9tait compacte pour f\u00eater l\u2019arriv\u00e9e de\u00a02026.<\/p>\n<p><img decoding=\"async\" alt=\"L\u2019Arc de Triomphe a plusieurs fois chang\u00e9 de couleur lors d\u2019un spectacle vid\u00e9o g\u00e9ant.\" class=\"mb-s@xs radius-0@xs radius-xxs@md c-img\" loading=\"eager\" width=\"640\" height=\"408\" src=\"https:\/\/img.20mn.fr\/llh_5_qOQzqEVIei6TErYCk\/640x408_mandatory-credit-photo-by-federico-pestellini-shutterstock-16219622z-fireworks-are-ignited-as-paris-2026-is-projected-onto-the-arc-de-triomphe-during-the-new-year-s-celebration-on-the-champs-elysees-on-december-31-2025-in-paris-france-fireworks-at-the-arc-de-triomphe-paris-france-31-dec-2025-shutterstock-editorial-fireworks-at-the-arc-de-triomp-16219622z-2601010132\" \/>Federico Pestellini \/ Shutterstock\u2002\/\u00a0SIPA<\/p>\n<p>L\u2019Arc de Triomphe a plusieurs fois chang\u00e9 de couleur lors d\u2019un spectacle vid\u00e9o g\u00e9ant.<\/p>\n<p><img decoding=\"async\" alt=\"Du bleu, du blanc, du rouge\u00a0: l\u2019Arc de Triomphe aux couleurs de la France.\" class=\"mb-s@xs radius-0@xs radius-xxs@md c-img\" loading=\"eager\" width=\"640\" height=\"408\" src=\"https:\/\/img.20mn.fr\/PgFVNb3CQXeWjI2vmEyGpyk\/640x408_mandatory-credit-photo-by-federico-pestellini-shutterstock-16219622b-fireworks-are-ignited-as-paris-2026-is-projected-onto-the-arc-de-triomphe-during-the-new-year-s-celebration-on-the-champs-elysees-on-december-31-2025-in-paris-france-fireworks-at-the-arc-de-triomphe-paris-france-31-dec-2025-shutterstock-editorial-fireworks-at-the-arc-de-triomp-16219622b-2601010118\" \/>Federico Pestellini \/ Shutterstock\u2002\/\u00a0SIPA<\/p>\n<p>Du bleu, du blanc, du rouge\u00a0: l\u2019Arc de Triomphe aux couleurs de la France.<\/p>\n<p><img decoding=\"async\" alt=\"Diff\u00e9rents tableaux vid\u00e9os se sont succ\u00e9d\u00e9s sur l\u2019Arc de Triomphe pour attendre le d\u00e9but de la nouvelle ann\u00e9e.\" class=\"mb-s@xs radius-0@xs radius-xxs@md c-img\" loading=\"eager\" width=\"640\" height=\"408\" src=\"https:\/\/img.20mn.fr\/p8VQodidTn-d4-0WiWqFzCk\/640x408_mandatory-credit-photo-by-federico-pestellini-shutterstock-16219622u-fireworks-are-ignited-as-paris-2026-is-projected-onto-the-arc-de-triomphe-during-the-new-year-s-celebration-on-the-champs-elysees-on-december-31-2025-in-paris-france-fireworks-at-the-arc-de-triomphe-paris-france-31-dec-2025-shutterstock-editorial-fireworks-at-the-arc-de-triomp-16219622u-2601010132\" \/>Federico Pestellini \/ Shutterstock\u2002\/\u00a0SIPA<\/p>\n<p>Diff\u00e9rents tableaux vid\u00e9os se sont succ\u00e9d\u00e9s sur l\u2019Arc de Triomphe pour attendre le d\u00e9but de la nouvelle ann\u00e9e.<\/p>\n<p><img decoding=\"async\" alt=\"La Tour Eiffel a eu le droit au passage de son image pour accueillir 2026.\" class=\"mb-s@xs radius-0@xs radius-xxs@md c-img\" loading=\"eager\" width=\"640\" height=\"408\" src=\"https:\/\/img.20mn.fr\/hdHifzmAT7WV8A3D6_au0Ck\/640x408_mandatory-credit-photo-by-federico-pestellini-shutterstock-16219622h-fireworks-are-ignited-as-paris-2026-is-projected-onto-the-arc-de-triomphe-during-the-new-year-s-celebration-on-the-champs-elysees-on-december-31-2025-in-paris-france-fireworks-at-the-arc-de-triomphe-paris-france-31-dec-2025-shutterstock-editorial-fireworks-at-the-arc-de-triomp-16219622h-2601010131\" \/>Federico Pestellini \/ Shutterstock\u2002\/\u00a0SIPA<\/p>\n<p>La Tour Eiffel a eu le droit au passage de son image pour accueillir 2026.<\/p>\n<p><img decoding=\"async\" alt=\"Un autre tableau vid\u00e9o monumental projet\u00e9 sur l\u2019Arc de Triomphe pour attendre 2026.\" class=\"mb-s@xs radius-0@xs radius-xxs@md c-img\" loading=\"eager\" width=\"640\" height=\"408\" src=\"https:\/\/img.20mn.fr\/tBVZ6RnCRduqFyXSCMA6JSk\/640x408_mandatory-credit-photo-by-federico-pestellini-shutterstock-16219622t-fireworks-are-ignited-as-paris-2026-is-projected-onto-the-arc-de-triomphe-during-the-new-year-s-celebration-on-the-champs-elysees-on-december-31-2025-in-paris-france-fireworks-at-the-arc-de-triomphe-paris-france-31-dec-2025-shutterstock-editorial-fireworks-at-the-arc-de-triomp-16219622t-2601010132\" \/>Federico Pestellini \/ Shutterstock\u2002\/\u00a0SIPA<\/p>\n<p>Un autre tableau vid\u00e9o monumental projet\u00e9 sur l\u2019Arc de Triomphe pour attendre 2026.<\/p>\n<p><img decoding=\"async\" alt=\"A minuit, le ciel parisien \u00e9tait \u00e9clair\u00e9 par des feux d\u2019artifice pour tourner la page de\u00a02025.\" class=\"mb-s@xs radius-0@xs radius-xxs@md c-img\" loading=\"eager\" width=\"640\" height=\"408\" src=\"https:\/\/img.20mn.fr\/F5HBUn6yRI-3hR6xoxjZxik\/640x408_a-minuit-le-ciel-parisien-etait-eclaire-par-des-feux-d-artifice-pour-tourner-la-page-de-2025\" \/>Christophe Ena \/ AP\u2002\/\u00a0SIPA<\/p>\n<p>A minuit, le ciel parisien \u00e9tait \u00e9clair\u00e9 par des feux d\u2019artifice pour tourner la page de\u00a02025.<\/p>\n<p><img decoding=\"async\" alt=\"Le spectacle \u00e9tait aussi bien sur l\u2019Arc de triomphe que dans les airs pour dire au revoir \u00e0\u00a02025.\" class=\"mb-s@xs radius-0@xs radius-xxs@md c-img\" loading=\"eager\" width=\"640\" height=\"408\" src=\"https:\/\/img.20mn.fr\/R8G0ecP5QU-NDssiUgTpByk\/640x408_mandatory-credit-photo-by-federico-pestellini-shutterstock-16219622ac-fireworks-are-ignited-as-paris-2026-is-projected-onto-the-arc-de-triomphe-during-the-new-year-s-celebration-on-the-champs-elysees-on-december-31-2025-in-paris-france-fireworks-at-the-arc-de-triomphe-paris-france-31-dec-2025-shutterstock-editorial-fireworks-at-the-arc-de-triom-16219622ac-2601010131\" \/>Federico Pestellini \/ Shutterstock\u2002\/\u00a0SIPA<\/p>\n<p>Le spectacle \u00e9tait aussi bien sur l\u2019Arc de triomphe que dans les airs pour dire au revoir \u00e0\u00a02025.<\/p>\n<p><img decoding=\"async\" alt=\"L\u2019arc de triomphe a brill\u00e9 de mille feux pour f\u00eater les premi\u00e8res minutes de\u00a02026.\" class=\"mb-s@xs radius-0@xs radius-xxs@md c-img\" loading=\"eager\" width=\"640\" height=\"408\" src=\"https:\/\/img.20mn.fr\/zazfHtMZQPi7nxNiupNIjSk\/640x408_mandatory-credit-photo-by-federico-pestellini-shutterstock-16219622af-fireworks-are-ignited-as-paris-2026-is-projected-onto-the-arc-de-triomphe-during-the-new-year-s-celebration-on-the-champs-elysees-on-december-31-2025-in-paris-france-fireworks-at-the-arc-de-triomphe-paris-france-31-dec-2025-shutterstock-editorial-fireworks-at-the-arc-de-triom-16219622af-2601010131\" \/>Federico Pestellini \/ Shutterstock\u2002\/\u00a0SIPA<\/p>\n<p>L\u2019arc de triomphe a brill\u00e9 de mille feux pour f\u00eater les premi\u00e8res minutes de\u00a02026.<\/p>\n","protected":false},"excerpt":{"rendered":"Luc Auffret \/ Anadolu\u2002\/\u00a0AFP A Paris, des centaines de milliers de personnes se sont rassembl\u00e9es sur l\u2019avenue des&hellip;\n","protected":false},"author":2,"featured_media":633789,"comment_status":"","ping_status":"","sticky":false,"template":"","format":"standard","meta":{"footnotes":""},"categories":[1888],"tags":[11,251,6196,1777,674,16701,1011,27,662,12,39117,626,25,69048,133],"class_list":{"0":"post-633788","1":"post","2":"type-post","3":"status-publish","4":"format-standard","5":"has-post-thumbnail","7":"category-paris","8":"tag-actualites","9":"tag-culture","10":"tag-diaporamas","11":"tag-eu","12":"tag-europe","13":"tag-feu-dartifice","14":"tag-fr","15":"tag-france","16":"tag-ile-de-france","17":"tag-news","18":"tag-nouvel-an","19":"tag-paris","20":"tag-republique-francaise","21":"tag-reveillon","22":"tag-video"},"share_on_mastodon":{"url":"https:\/\/pubeurope.com\/@fr\/115818800871304553","error":""},"_links":{"self":[{"href":"https:\/\/www.europesays.com\/fr\/wp-json\/wp\/v2\/posts\/633788","targetHints":{"allow":["GET"]}}],"collection":[{"href":"https:\/\/www.europesays.com\/fr\/wp-json\/wp\/v2\/posts"}],"about":[{"href":"https:\/\/www.europesays.com\/fr\/wp-json\/wp\/v2\/types\/post"}],"author":[{"embeddable":true,"href":"https:\/\/www.europesays.com\/fr\/wp-json\/wp\/v2\/users\/2"}],"replies":[{"embeddable":true,"href":"https:\/\/www.europesays.com\/fr\/wp-json\/wp\/v2\/comments?post=633788"}],"version-history":[{"count":0,"href":"https:\/\/www.europesays.com\/fr\/wp-json\/wp\/v2\/posts\/633788\/revisions"}],"wp:featuredmedia":[{"embeddable":true,"href":"https:\/\/www.europesays.com\/fr\/wp-json\/wp\/v2\/media\/633789"}],"wp:attachment":[{"href":"https:\/\/www.europesays.com\/fr\/wp-json\/wp\/v2\/media?parent=633788"}],"wp:term":[{"taxonomy":"category","embeddable":true,"href":"https:\/\/www.europesays.com\/fr\/wp-json\/wp\/v2\/categories?post=633788"},{"taxonomy":"post_tag","embeddable":true,"href":"https:\/\/www.europesays.com\/fr\/wp-json\/wp\/v2\/tags?post=633788"}],"curies":[{"name":"wp","href":"https:\/\/api.w.org\/{rel}","templated":true}]}}