{"id":63379,"date":"2025-04-30T03:29:13","date_gmt":"2025-04-30T03:29:13","guid":{"rendered":"https:\/\/www.europesays.com\/fr\/63379\/"},"modified":"2025-04-30T03:29:13","modified_gmt":"2025-04-30T03:29:13","slug":"une-necropole-merovingienne-mise-au-jour-lors-de-fouilles-a-bordeaux","status":"publish","type":"post","link":"https:\/\/www.europesays.com\/fr\/63379\/","title":{"rendered":"Une n\u00e9cropole m\u00e9rovingienne mise au jour lors de fouilles \u00e0 Bordeaux"},"content":{"rendered":"<p>Ces fouilles pr\u00e9ventives sont men\u00e9es depuis un an sur 2.700 m2 dans le centre historique de la ville autour de l&rsquo;\u00e9glise Sainte-Croix, avant des travaux de v\u00e9g\u00e9talisation et de plantations d&rsquo;arbres op\u00e9r\u00e9s par la M\u00e9tropole.<\/p>\n<p>Cette ancienne abbaye avait \u00e9t\u00e9 fond\u00e9e \u00e0 l&rsquo;\u00e9poque m\u00e9rovingienne (du Ve au VIIe si\u00e8cle), \u00e0 \u00ab\u00a0quelques centaines de m\u00e8tres du centre antique\u00a0\u00bb de Bordeaux, avec \u00ab\u00a0une n\u00e9cropole qui s&rsquo;est d\u00e9velopp\u00e9e durant le Moyen-\u00c2ge jusqu&rsquo;\u00e0 \u00eatre enclose dans un cimeti\u00e8re paroissial \u00e0 l&rsquo;\u00e9poque moderne (XVIIIe si\u00e8cle)\u00a0\u00bb, a rappel\u00e9 le responsable du service arch\u00e9ologique de Bordeaux M\u00e9tropole Laurent Guyard.<\/p>\n<p>              <img ci-src=\"https:\/\/www.nicematin.com\/histoire\/afp\/2724b802583c6ce9f1c0e83c9ece42aede816d28-VokPeALh.jpg?vh=04fab7&amp;ci_seal=0d7ad6d79f\" alt=\"\"\/><br \/>\n        Une grande n\u00e9cropole de l&rsquo;\u00e9poque m\u00e9rovingienne, dot\u00e9e d&rsquo;une cinquantaine de sarcophages, a \u00e9t\u00e9 exhum\u00e9e \u00e0 Bordeaux le 29 avril 2025 <strong>AFP \/ Philippe LOPEZ.<\/strong> <\/p>\n<p>Au total, pr\u00e8s d&rsquo;une centaine de \u00ab\u00a0structures fun\u00e9raires\u00a0\u00bb, dont 49 sarcophages, allant de la p\u00e9riode m\u00e9rovingienne \u00e0 l&rsquo;\u00e9poque moderne, ainsi que les murs en pierre blanche, \u00ab\u00a0\u00e9tonnamment bien conserv\u00e9s\u00a0\u00bb, de l&rsquo;ancien clo\u00eetre de l&rsquo;abbaye m\u00e9di\u00e9vale ont \u00e9t\u00e9 d\u00e9couverts, enfouis entre 30 cm et 1m80 sous la chauss\u00e9e.<\/p>\n<p>Ces vestiges sont visibles \u00e0 m\u00eame la rue et ouverts tous les mercredis au public jusqu&rsquo;\u00e0 la fin du mois de mai, avant le lancement des travaux d&rsquo;am\u00e9nagements initialement pr\u00e9vus.<\/p>\n<p>Les fouilles doivent se poursuivre dans le quartier jusqu&rsquo;\u00e0 l&rsquo;\u00e9t\u00e9 2026, avant le recouvrement des vestiges.<\/p>\n","protected":false},"excerpt":{"rendered":"Ces fouilles pr\u00e9ventives sont men\u00e9es depuis un an sur 2.700 m2 dans le centre historique de la ville&hellip;\n","protected":false},"author":2,"featured_media":63380,"comment_status":"","ping_status":"","sticky":false,"template":"","format":"standard","meta":{"footnotes":""},"categories":[2817],"tags":[1111,11,1997,1777,674,1011,27,937,12,2219,25],"class_list":{"0":"post-63379","1":"post","2":"type-post","3":"status-publish","4":"format-standard","5":"has-post-thumbnail","7":"category-bordeaux","8":"tag-actu","9":"tag-actualites","10":"tag-bordeaux","11":"tag-eu","12":"tag-europe","13":"tag-fr","14":"tag-france","15":"tag-histoire","16":"tag-news","17":"tag-nouvelle-aquitaine","18":"tag-republique-francaise"},"share_on_mastodon":{"url":"https:\/\/pubeurope.com\/@fr\/114424798547272089","error":""},"_links":{"self":[{"href":"https:\/\/www.europesays.com\/fr\/wp-json\/wp\/v2\/posts\/63379","targetHints":{"allow":["GET"]}}],"collection":[{"href":"https:\/\/www.europesays.com\/fr\/wp-json\/wp\/v2\/posts"}],"about":[{"href":"https:\/\/www.europesays.com\/fr\/wp-json\/wp\/v2\/types\/post"}],"author":[{"embeddable":true,"href":"https:\/\/www.europesays.com\/fr\/wp-json\/wp\/v2\/users\/2"}],"replies":[{"embeddable":true,"href":"https:\/\/www.europesays.com\/fr\/wp-json\/wp\/v2\/comments?post=63379"}],"version-history":[{"count":0,"href":"https:\/\/www.europesays.com\/fr\/wp-json\/wp\/v2\/posts\/63379\/revisions"}],"wp:featuredmedia":[{"embeddable":true,"href":"https:\/\/www.europesays.com\/fr\/wp-json\/wp\/v2\/media\/63380"}],"wp:attachment":[{"href":"https:\/\/www.europesays.com\/fr\/wp-json\/wp\/v2\/media?parent=63379"}],"wp:term":[{"taxonomy":"category","embeddable":true,"href":"https:\/\/www.europesays.com\/fr\/wp-json\/wp\/v2\/categories?post=63379"},{"taxonomy":"post_tag","embeddable":true,"href":"https:\/\/www.europesays.com\/fr\/wp-json\/wp\/v2\/tags?post=63379"}],"curies":[{"name":"wp","href":"https:\/\/api.w.org\/{rel}","templated":true}]}}