{"id":633796,"date":"2026-01-01T08:06:12","date_gmt":"2026-01-01T08:06:12","guid":{"rendered":"https:\/\/www.europesays.com\/fr\/633796\/"},"modified":"2026-01-01T08:06:12","modified_gmt":"2026-01-01T08:06:12","slug":"plus-de-41-000-personnes-ont-traverse-la-manche-pour-rejoindre-le-royaume-uni-en-2025-au-plus-haut-depuis-2022","status":"publish","type":"post","link":"https:\/\/www.europesays.com\/fr\/633796\/","title":{"rendered":"plus de 41\u00a0000\u00a0personnes ont travers\u00e9 la Manche pour rejoindre le Royaume-Uni en\u00a02025, au plus haut depuis 2022"},"content":{"rendered":"<p>                      <img loading=\"lazy\" decoding=\"async\" src=\"https:\/\/www.europesays.com\/fr\/wp-content\/uploads\/2026\/01\/49d9040_ftp-import-images-1-akrue3a1dfyk-5546697-01-06.jpg\" alt=\"Des migrants tentent de prendre place sur une embarcation pour traverser la Manche sur la plage de Gravelines, dans le Nord, le 12\u00a0ao\u00fbt\u00a02025.\"   width=\"664\" height=\"443\"\/>    Des migrants tentent de prendre place sur une embarcation pour traverser la Manche sur la plage de Gravelines, dans le Nord, le 12\u00a0ao\u00fbt\u00a02025.  SAMEER AL-DOUMY \/ AFP                          <\/p>\n<p class=\"article__paragraph  \">Plus de 41\u00a0000 migrants sont arriv\u00e9s au Royaume-Uni en traversant la Manche sur de petites embarcations en\u00a02025, un chiffre en hausse pour la deuxi\u00e8me ann\u00e9e cons\u00e9cutive malgr\u00e9 les mesures du gouvernement britannique pour endiguer ces travers\u00e9es clandestines.<\/p>\n<p class=\"article__paragraph  \">Selon les derni\u00e8res donn\u00e9es officielles disponibles mercredi, entre le 1er\u00a0janvier et le 30\u00a0d\u00e9cembre, 41\u00a0472\u00a0personnes ont rejoint les c\u00f4tes anglaises apr\u00e8s avoir entrepris la p\u00e9rilleuse travers\u00e9e depuis la France. Ce chiffre est d\u2019ores et d\u00e9j\u00e0 le plus \u00e9lev\u00e9 apr\u00e8s celui enregistr\u00e9 en\u00a02022 (45\u00a0774\u00a0arriv\u00e9es), ann\u00e9e record depuis le d\u00e9but du ph\u00e9nom\u00e8ne en\u00a02018. Le total pour l\u2019ensemble de 2025 doit \u00eatre rendu public jeudi par le minist\u00e8re britannique de l\u2019Int\u00e9rieur.<\/p>\n<p class=\"article__paragraph  \">Ces travers\u00e9es occasionnent de nombreux naufrages. Au moins 29\u00a0migrants sont morts en mer pendant l\u2019ann\u00e9e \u00e9coul\u00e9e, selon un comptage effectu\u00e9 par l\u2019Agence France-Presse (AFP) \u00e0 partir de sources officielles fran\u00e7aises et britanniques.<\/p>\n<p class=\"article__paragraph  \">La hausse du nombre des arriv\u00e9es est une mauvaise nouvelle pour le gouvernement de Keir Starmer, qui a pris ses fonctions en juillet\u00a02024 et est confront\u00e9 \u00e0 la mont\u00e9e du parti anti-immigration Reform UK de Nigel Farage. Ce dernier est en t\u00eate des sondages d\u2019opinion depuis plusieurs mois et compte capitaliser sur l\u2019impopularit\u00e9 de l\u2019ex\u00e9cutif pour engranger de nouveaux succ\u00e8s aux \u00e9lections locales de mai prochain.<\/p>\n<p class=\"article__paragraph  \">\u00ab\u00a0Si nous r\u00e9ussissons [lors de ce scrutin], nous continuerons sur notre lanc\u00e9e et remporterons les \u00e9lections\u00a0\u00bb l\u00e9gislatives \u2013 pr\u00e9vues au plus tard pour 2029 \u2013, a lanc\u00e9 mercredi l\u2019ancien champion du Brexit \u00e0 l\u2019occasion de son message de Nouvel An.<\/p>\n<p class=\"article__paragraph  \">Le pr\u00e9c\u00e9dent gouvernement, celui conservateur de Rishi Sunak, avait promis, sans succ\u00e8s, d\u2019\u00ab\u00a0arr\u00eater les bateaux\u00a0\u00bb. Keir Starmer s\u2019est, quant \u00e0 lui, engag\u00e9 \u00e0 \u00ab\u00a0d\u00e9manteler les gangs\u00a0\u00bb de passeurs, sans plus de r\u00e9sultats jusqu\u2019\u00e0 pr\u00e9sent.<\/p>\n<p>                    Des mesures restrictives                    <\/p>\n<p class=\"article__paragraph  \">L\u2019ex\u00e9cutif travailliste a annonc\u00e9 une s\u00e9rie de mesures restrictives en mati\u00e8re d\u2019immigration et de droit d\u2019asile, alors que les demandes d\u2019asile ont atteint un niveau record, plus de 110\u00a0000 sur la p\u00e9riode octobre\u00a02024-septembre\u00a02025.<\/p>\n<p> Le Monde M\u00e9morable  <\/p>\n<p> <a href=\"https:\/\/www.lemonde.fr\/memorable\/?rfextension=inread\" class=\"inread__link js-services-inread-link\" target=\"_blank\" rel=\"noopener\">  <\/p>\n<p>Testez votre culture g\u00e9n\u00e9rale avec la r\u00e9daction du \u00ab Monde \u00bb<\/p>\n<p>Testez votre culture g\u00e9n\u00e9rale avec la r\u00e9daction du \u00ab Monde \u00bb<\/p>\n<p>D\u00e9couvrir<\/p>\n<p> <\/a>      <\/p>\n<p> Newsletter  <\/p>\n<p> <a href=\"https:\/\/www.lemonde.fr\/newsletters\/a-la-une\/\" class=\"inread__link js-services-inread-link\" target=\"_blank\" rel=\"noopener\">  <\/p>\n<p>\u00ab A la une \u00bb<\/p>\n<p>Chaque matin, parcourez l&rsquo;essentiel de l&rsquo;actualit\u00e9 du jour avec les derniers titres du \u00ab Monde \u00bb<\/p>\n<p>S&rsquo;inscrire<\/p>\n<p> <\/a>          <\/p>\n<p> Le Monde Application  <\/p>\n<p> <a href=\"https:\/\/lamatinale.onelink.me\/gKMy\/ahw2ubr3\" class=\"inread__link js-services-inread-link\" target=\"_blank\" rel=\"noopener\">  <\/p>\n<p>La Matinale du Monde<\/p>\n<p>Chaque matin, retrouvez notre s\u00e9lection de 20 articles \u00e0 ne pas manquer <\/p>\n<p>T\u00e9l\u00e9charger l&rsquo;application<\/p>\n<p> <\/a>      <\/p>\n<p> Newsletter abonn\u00e9s  <\/p>\n<p> <a href=\"https:\/\/www.lemonde.fr\/newsletters\/international\/\" class=\"inread__link js-services-inread-link\" target=\"_blank\" rel=\"noopener\">  <\/p>\n<p>\u00ab International \u00bb<\/p>\n<p>L\u2019essentiel de l\u2019actualit\u00e9 internationale de la semaine<\/p>\n<p>S&rsquo;inscrire<\/p>\n<p> <\/a>             <\/p>\n<p class=\"article__paragraph  \">Il a conclu l\u2019\u00e9t\u00e9 dernier avec la France un accord consistant \u00e0 renvoyer vers ce pays les migrants arriv\u00e9s par small boats, en \u00e9change de l\u2019accueil par le Royaume-Uni, dans le cadre d\u2019une voie d\u2019admission l\u00e9gale, de migrants se trouvant sur le territoire fran\u00e7ais.<\/p>\n<p>                                       Lire aussi |  Article r\u00e9serv\u00e9 \u00e0 nos abonn\u00e9s  <a href=\"https:\/\/www.lemonde.fr\/societe\/article\/2025\/11\/27\/la-france-se-dote-de-nouvelles-methodes-d-interception-en-mer-des-migrants-traversant-la-manche_6655149_3224.html\" class=\"js-article-read-also catcher--favoris__link\" data-premium=\"1\" id=\"article-title-3448613\" target=\"_blank\" rel=\"noopener\">La France se dote de nouvelles m\u00e9thodes d\u2019interception en mer des migrants traversant la Manche<\/a>    <\/p>\n<p>   Lire plus tard  <\/p>\n<p class=\"article__paragraph  \">Ce m\u00e9canisme, contest\u00e9 par les organisations de d\u00e9fense des droits humains, n\u2019a pour l\u2019instant pas dissuad\u00e9 les candidats aux travers\u00e9es. Il a jusqu\u2019ici d\u00e9bouch\u00e9 sur le retour forc\u00e9 vers la France de 153\u00a0personnes et l\u2019admission par le Royaume-Uni de 134\u00a0autres, selon les chiffres communiqu\u00e9s mercredi par le Home Office.<\/p>\n<p class=\"article__paragraph  \">\u00ab\u00a0Nous r\u00e9formons notre syst\u00e8me d\u2019immigration pour faciliter le renvoi de migrants ill\u00e9gaux qui n\u2019ont pas le droit d\u2019\u00eatre ici\u00a0\u00bb, a \u00e9crit le secr\u00e9taire d\u2019Etat charg\u00e9 de la s\u00e9curit\u00e9 des fronti\u00e8res, Alex Norris, dans un communiqu\u00e9 transmis \u00e0 l\u2019AFP. \u00ab\u00a0Notre message est clair\u00a0: si vous essayez de revenir au Royaume-Uni, vous serez renvoy\u00e9\u00a0\u00bb, a-t-il ajout\u00e9.<\/p>\n<p class=\"article__paragraph  \">Les arriv\u00e9es par petits bateaux, qui ont commenc\u00e9 \u00e0 \u00eatre comptabilis\u00e9es en\u00a02018 (il y en avait alors moins de 300), ont connu un pic en\u00a02022, avant de d\u00e9cro\u00eetre en\u00a02023 puis de repartir \u00e0 la hausse en\u00a02024 (36\u00a0816).<\/p>\n<p class=\"article__paragraph  \">Les personnes qui font ces travers\u00e9es sont pour pr\u00e8s des trois quarts des hommes de plus de 18\u00a0ans. Leurs principaux pays d\u2019origine sont l\u2019Erythr\u00e9e, l\u2019Afghanistan, l\u2019Iran, le Soudan et la Somalie, selon des donn\u00e9es du minist\u00e8re britannique portant sur la p\u00e9riode octobre\u00a02024-septembre\u00a02025. Depuis 2018, 95\u00a0% de ces personnes demandent l\u2019asile, qui leur est accord\u00e9 dans les deux tiers des d\u00e9cisions rendues \u00e0 leur \u00e9gard.<\/p>\n<p class=\"article__paragraph  \">Le gouvernement est sous pression, apr\u00e8s un \u00e9t\u00e9 marqu\u00e9 par des manifestations devant des h\u00f4tels h\u00e9bergeant des demandeurs d\u2019asile. Et en septembre, le militant d\u2019extr\u00eame droite Tommy Robinson a organis\u00e9 \u00e0 Londres une manifestation d\u2019une ampleur in\u00e9dite, rassemblant jusqu\u2019\u00e0 150\u00a0000\u00a0personnes.<\/p>\n<p>                                       Lire aussi |  Article r\u00e9serv\u00e9 \u00e0 nos abonn\u00e9s  <a href=\"https:\/\/www.lemonde.fr\/societe\/article\/2025\/12\/05\/dans-le-nord-des-activistes-anglais-d-extreme-droite-veulent-stopper-les-migrants_6656187_3224.html\" class=\"js-article-read-also catcher--favoris__link\" data-premium=\"1\" id=\"article-title-3449812\" target=\"_blank\" rel=\"noopener\">Dans le Nord, des activistes anglais d\u2019extr\u00eame droite veulent stopper les migrants<\/a>    <\/p>\n<p>   Lire plus tard  <\/p>\n<p class=\"author__detail\">  Le Monde avec AFP  <\/p>\n<p>                <a href=\"https:\/\/www.lemonde.fr\/syndication\/\" class=\"reuse__content\" title=\"R\u00e9utiliser ce contenu\" target=\"_blank\" rel=\"noopener\">R\u00e9utiliser ce contenu<\/a>      <\/p>\n","protected":false},"excerpt":{"rendered":"Des migrants tentent de prendre place sur une embarcation pour traverser la Manche sur la plage de Gravelines,&hellip;\n","protected":false},"author":2,"featured_media":633797,"comment_status":"","ping_status":"","sticky":false,"template":"","format":"standard","meta":{"footnotes":""},"categories":[1588],"tags":[11,1777,674,12,473,1853,1851,1850,1852],"class_list":{"0":"post-633796","1":"post","2":"type-post","3":"status-publish","4":"format-standard","5":"has-post-thumbnail","7":"category-royaume-uni","8":"tag-actualites","9":"tag-eu","10":"tag-europe","11":"tag-news","12":"tag-royaume-uni","13":"tag-royaume-uni-de-grande-bretagne-et-dirlande-du-nord","14":"tag-uk","15":"tag-united-kingdom","16":"tag-united-kingdom-of-great-britain-and-northern-ireland"},"share_on_mastodon":{"url":"https:\/\/pubeurope.com\/@fr\/115818816111394827","error":""},"_links":{"self":[{"href":"https:\/\/www.europesays.com\/fr\/wp-json\/wp\/v2\/posts\/633796","targetHints":{"allow":["GET"]}}],"collection":[{"href":"https:\/\/www.europesays.com\/fr\/wp-json\/wp\/v2\/posts"}],"about":[{"href":"https:\/\/www.europesays.com\/fr\/wp-json\/wp\/v2\/types\/post"}],"author":[{"embeddable":true,"href":"https:\/\/www.europesays.com\/fr\/wp-json\/wp\/v2\/users\/2"}],"replies":[{"embeddable":true,"href":"https:\/\/www.europesays.com\/fr\/wp-json\/wp\/v2\/comments?post=633796"}],"version-history":[{"count":0,"href":"https:\/\/www.europesays.com\/fr\/wp-json\/wp\/v2\/posts\/633796\/revisions"}],"wp:featuredmedia":[{"embeddable":true,"href":"https:\/\/www.europesays.com\/fr\/wp-json\/wp\/v2\/media\/633797"}],"wp:attachment":[{"href":"https:\/\/www.europesays.com\/fr\/wp-json\/wp\/v2\/media?parent=633796"}],"wp:term":[{"taxonomy":"category","embeddable":true,"href":"https:\/\/www.europesays.com\/fr\/wp-json\/wp\/v2\/categories?post=633796"},{"taxonomy":"post_tag","embeddable":true,"href":"https:\/\/www.europesays.com\/fr\/wp-json\/wp\/v2\/tags?post=633796"}],"curies":[{"name":"wp","href":"https:\/\/api.w.org\/{rel}","templated":true}]}}