{"id":633808,"date":"2026-01-01T08:15:11","date_gmt":"2026-01-01T08:15:11","guid":{"rendered":"https:\/\/www.europesays.com\/fr\/633808\/"},"modified":"2026-01-01T08:15:11","modified_gmt":"2026-01-01T08:15:11","slug":"rugby-a-xiii-larl-officialise-larrivee-dune-recrue-neo-zelandaise","status":"publish","type":"post","link":"https:\/\/www.europesays.com\/fr\/633808\/","title":{"rendered":"Rugby \u00e0 XIII\u00a0: l\u2019ARL officialise l\u2019arriv\u00e9e d\u2019une recrue n\u00e9o-z\u00e9landaise"},"content":{"rendered":"<p>\n                                                                    l&rsquo;essentiel<br \/>\n                                                                L\u2019Albi Rugby League officialise l\u2019arriv\u00e9e d\u2019une nouvelle recrue dans son \u00e9quipe de XIII. Maia Sands, troisi\u00e8me ligne N\u00e9o-Z\u00e9landais de 29 ans, pass\u00e9 par les Warriors d\u2019Auckland et l\u2019\u00e9quipe australienne des Tweed Heads Seagulls, vient renforcer l\u2019effectif de l\u2019\u00e9quipe albigeoise.\n                            <\/p>\n<p>Avec quelques jours de retard, le P\u00e8re No\u00ebl est pass\u00e9 du c\u00f4t\u00e9 du stade Mazicou. L\u2019Albi Rugby League vient d\u2019officialiser l\u2019arriv\u00e9e de Maia Sands, joueur n\u00e9o-z\u00e9landais exp\u00e9riment\u00e9, une recrue de choix pour renforcer l\u2019effectif de l\u2019\u00e9quipe des champions de France en titre.<\/p>\n<p>        <img decoding=\"async\" class=\"std-img__img responsive-img\" src=\"https:\/\/www.europesays.com\/fr\/wp-content\/uploads\/2026\/01\/1767255311_292_image.jpg\" alt=\"Maia Sands, la nouvelle recrue n\u00e9o-z\u00e9landaise de l\u2019ARL.\"\/><\/p>\n<p>                Maia Sands, la nouvelle recrue n\u00e9o-z\u00e9landaise de l\u2019ARL.<br \/>\n                                    DR &#8211; Ahmed Boualem<\/p>\n<p>\u00c0 29 ans, le joueur et ses 184\u00a0cm et 94\u00a0kg, est reconnu pour sa puissance, son endurance et son impact dans le jeu d\u2019avants. Capable d\u2019\u00e9voluer aussi bien en troisi\u00e8me ligne qu\u2019en deuxi\u00e8me ligne, il offre de pr\u00e9cieuses options \u00e0 l\u2019\u00e9quipe. Le club se r\u00e9jouit \u00e9galement de sa technique et de sa vision du jeu, des atouts majeurs pour organiser et structurer le pack albigeois.<\/p>\n<p class=\"std-elt__inline\">\n        <strong>\u00c0 lire aussi :<\/strong><br \/>\n        <a href=\"https:\/\/www.ladepeche.fr\/2025\/09\/12\/nous-avons-un-titre-de-champion-de-france-a-conserver-avec-un-budget-dun-million-deuros-et-un-recrutement-xxl-larl-xiii-affiche-ses-ambitions-12924747.php\" target=\"_blank\" rel=\"noopener\">\u00ab\u00a0Nous avons un titre de champion de France \u00e0 conserver\u00a0\u00bb\u00a0: avec un budget d\u2019un million d\u2019euros et un recrutement XXL, l\u2019ARL XIII affiche ses ambitions<\/a>\n    <\/p>\n<p>Joueur exp\u00e9riment\u00e9, Maia Sands a port\u00e9 les couleurs des South Sydney Rabbitohs U20, des New Zealand Warriors et \u00e9voluait la saison derni\u00e8re avec les Tweed Heads Seagulls.\u00a0\u00ab\u00a0Je suis tr\u00e8s heureux de rejoindre un club ambitieux comme Albi. H\u00e2te de travailler avec mes co\u00e9quipiers et de porter ces couleurs avec fiert\u00e9\u00a0\u00bb, d\u00e9clare-t-il.<\/p>\n<p>Un beau cadeau de No\u00ebl<\/p>\n<p>L\u2019Albi Rugby League offre donc un beau cadeau de No\u00ebl \u00e0 ses supporters et confirme son ambition pour les saisons futures. Sacr\u00e9s champions de France en mai dernier apr\u00e8s 48 ans d\u2019attente, <a href=\"https:\/\/www.ladepeche.fr\/2025\/12\/23\/les-champions-tarnais-recompenses-lors-des-trophees-du-sport-tarnais-devant-claude-onesta-13118670.php\" target=\"_self\" rel=\"noopener\">les hommes de Tony Gigot et Ben Shea ont \u00e9galement \u00e9t\u00e9 r\u00e9compens\u00e9s lors de la c\u00e9r\u00e9monie des Troph\u00e9es du sport tarnais, ce mois-ci.<\/a> Le club a notamment remport\u00e9 le prix de la meilleure performance collective tarnaise.<\/p>\n<p class=\"std-elt__inline\">\n        <strong>\u00c0 lire aussi :<\/strong><br \/>\n        <a href=\"https:\/\/www.ladepeche.fr\/2025\/12\/24\/je-renonce-a-mon-petit-bonheur-il-a-fait-danser-tout-un-stade-tigrou-annonce-quil-va-quitter-larl-xiii-13126236.php\" target=\"_blank\" rel=\"noopener\">\u00ab\u00a0Je renonce \u00e0 mon petit bonheur\u00a0\u00bb\u00a0: Il a fait danser tout un stade\u2026 Tigrou annonce qu\u2019il va quitter l\u2019ARL XIII<\/a>\n    <\/p>\n<p>Fid\u00e8le \u00e0 sa philosophie bas\u00e9e sur la coh\u00e9sion et l\u2019ambition, le club poursuit sa mont\u00e9e en puissance avec le recrutement de Maia Sands.<\/p>\n","protected":false},"excerpt":{"rendered":"l&rsquo;essentiel L\u2019Albi Rugby League officialise l\u2019arriv\u00e9e d\u2019une nouvelle recrue dans son \u00e9quipe de XIII. Maia Sands, troisi\u00e8me ligne&hellip;\n","protected":false},"author":2,"featured_media":633809,"comment_status":"","ping_status":"","sticky":false,"template":"","format":"standard","meta":{"footnotes":""},"categories":[1416],"tags":[7296,1011,27,479,1468,517,60,8412],"class_list":{"0":"post-633808","1":"post","2":"type-post","3":"status-publish","4":"format-standard","5":"has-post-thumbnail","7":"category-rugby","8":"tag-albi","9":"tag-fr","10":"tag-france","11":"tag-rugby","12":"tag-rugby-football","13":"tag-sport","14":"tag-sports","15":"tag-tarn"},"share_on_mastodon":{"url":"https:\/\/pubeurope.com\/@fr\/115818851425064655","error":""},"_links":{"self":[{"href":"https:\/\/www.europesays.com\/fr\/wp-json\/wp\/v2\/posts\/633808","targetHints":{"allow":["GET"]}}],"collection":[{"href":"https:\/\/www.europesays.com\/fr\/wp-json\/wp\/v2\/posts"}],"about":[{"href":"https:\/\/www.europesays.com\/fr\/wp-json\/wp\/v2\/types\/post"}],"author":[{"embeddable":true,"href":"https:\/\/www.europesays.com\/fr\/wp-json\/wp\/v2\/users\/2"}],"replies":[{"embeddable":true,"href":"https:\/\/www.europesays.com\/fr\/wp-json\/wp\/v2\/comments?post=633808"}],"version-history":[{"count":0,"href":"https:\/\/www.europesays.com\/fr\/wp-json\/wp\/v2\/posts\/633808\/revisions"}],"wp:featuredmedia":[{"embeddable":true,"href":"https:\/\/www.europesays.com\/fr\/wp-json\/wp\/v2\/media\/633809"}],"wp:attachment":[{"href":"https:\/\/www.europesays.com\/fr\/wp-json\/wp\/v2\/media?parent=633808"}],"wp:term":[{"taxonomy":"category","embeddable":true,"href":"https:\/\/www.europesays.com\/fr\/wp-json\/wp\/v2\/categories?post=633808"},{"taxonomy":"post_tag","embeddable":true,"href":"https:\/\/www.europesays.com\/fr\/wp-json\/wp\/v2\/tags?post=633808"}],"curies":[{"name":"wp","href":"https:\/\/api.w.org\/{rel}","templated":true}]}}