{"id":633814,"date":"2026-01-01T08:22:14","date_gmt":"2026-01-01T08:22:14","guid":{"rendered":"https:\/\/www.europesays.com\/fr\/633814\/"},"modified":"2026-01-01T08:22:14","modified_gmt":"2026-01-01T08:22:14","slug":"tatiana-la-petite-fille-de-john-f-kennedy-et-jackie-kennedy-onassis-est-morte-tragiquement-a-35-ans","status":"publish","type":"post","link":"https:\/\/www.europesays.com\/fr\/633814\/","title":{"rendered":"Tatiana, la petite-fille de John F. Kennedy et Jackie Kennedy-Onassis, est morte tragiquement \u00e0 35 ans"},"content":{"rendered":"<p>La <strong>triste nouvelle<\/strong> est tomb\u00e9e ce mardi 30<br \/>\nd\u00e9cembre 2025 : <strong>Tatiana<\/strong>, la petite-fille de<br \/>\n<strong>John F. Kennedy<\/strong> et de <a href=\"https:\/\/www.mariefrance.fr\/mode\/backstage-mode\/happy-birthday-jackie-kennedy-274752.html\" target=\"_blank\" rel=\"noopener\"><br \/>\nJackie Kennedy-Onassis<\/a>, est <strong>d\u00e9c\u00e9d\u00e9e \u00e0 l\u2019\u00e2ge de 35<br \/>\nans<\/strong>. La trentenaire a succomb\u00e9 \u00e0 une <strong>maladie<br \/>\ng\u00e9n\u00e9tique rare<\/strong> et presque incurable. Elle laisse derri\u00e8re<br \/>\nelle un mari et deux jeunes enfants.<\/p>\n<p><strong>Tatiana Schlossberg<\/strong> \u00e9tait la fille<br \/>\nd&rsquo;<strong>Edwin Schlossberg et<\/strong> de <strong>Caroline<br \/>\nKennedy<\/strong>, elle-m\u00eame fille de John F. Kennedy, c\u00e9l\u00e8bre et<br \/>\ncharismatique 35e pr\u00e9sident des \u00c9tats-Unis, assassin\u00e9 en 1963. Un<br \/>\nlourd h\u00e9ritage familial dont Tatiana s\u2019\u00e9tait d\u00e9tourn\u00e9e, pr\u00e9f\u00e9rant \u00e0<br \/>\nla carri\u00e8re politique celle de <strong>journaliste<\/strong> et<br \/>\nd\u2019<strong>auteure<\/strong>.<\/p>\n<p>Tatiana Schlossberg, petite-fille de John F. Kennedy, est<br \/>\nd\u00e9c\u00e9d\u00e9e<\/p>\n<p>Dipl\u00f4m\u00e9e en histoire de l\u2019universit\u00e9 de Harvard, cette<br \/>\n<strong>femme engag\u00e9e<\/strong> avait pour domaine de pr\u00e9dilection<br \/>\nles <strong>sujets environnementaux<\/strong>. Elle avait commenc\u00e9<br \/>\nson parcours de journaliste au New York Times, qui l\u2019avait<br \/>\ncharg\u00e9e d&rsquo;\u00e9crire des articles li\u00e9s au <strong>changement<br \/>\nclimatique<\/strong>, \u00e0 l\u2019<strong>\u00e9cologie<\/strong> ou encore \u00e0 la<br \/>\n<strong>transition \u00e9nerg\u00e9tique<\/strong>.<\/p>\n<p>Sur Instagram, la <strong>JFK Library Foundation<\/strong>,<br \/>\nassociation am\u00e9ricaine \u00e0 but non lucratif cr\u00e9\u00e9e pour faire vivre<br \/>\nl\u2019h\u00e9ritage du pr\u00e9sident Kennedy, a publi\u00e9 une photo de Tatiana<br \/>\naccompagn\u00e9e de la l\u00e9gende : \u00ab Notre belle Tatiana est d\u00e9c\u00e9d\u00e9e<br \/>\nce matin. <strong>Elle sera toujours dans nos c\u0153urs<\/strong><br \/>\n\u00bb.<\/p>\n<p><img loading=\"lazy\" decoding=\"async\" aria-describedby=\"caption-attachment-1232539\" itemprop=\"thumbnailUrl\" class=\"size-full wp-image-1232539 img-responsive\" src=\"https:\/\/www.europesays.com\/fr\/wp-content\/uploads\/2026\/01\/1-112.jpg\" alt=\"Tatiana Schlossberg\" width=\"1280\" height=\"720\"\/><br \/>\n\u00a9<br \/>\nShutterstock<\/p>\n<p id=\"caption-attachment-1232539\" class=\"wp-caption-text\">Tatiana<br \/>\nSchlossberg \u00e9tait journaliste et m\u00e8re de deux enfants.<\/p>\n<p>Une leuc\u00e9mie tr\u00e8s rare est \u00e0 l&rsquo;origine de la mort de Tatiana<br \/>\nSchlossberg<\/p>\n<p>La s\u0153ur de <strong>Rose et Jack Schlossberg<\/strong> souffrait<br \/>\ndepuis plusieurs ann\u00e9es d\u2019une <strong>leuc\u00e9mie aigu\u00eb<br \/>\nmy\u00e9lo\u00efde<\/strong>, avec l\u2019une des mutations les plus rares et<br \/>\ngraves, dite \u00ab <strong>inversion 3<\/strong> \u00bb. Contrairement \u00e0 une<br \/>\nleuc\u00e9mie \u00ab classique \u00bb, la <strong>chimioth\u00e9rapie<\/strong> n\u2019a que<br \/>\ntr\u00e8s peu d\u2019effet et, m\u00eame lorsque c\u2019est le cas, les<br \/>\n<strong>rechutes<\/strong> sont tr\u00e8s fr\u00e9quentes. Les <a href=\"https:\/\/www.mariefrance.fr\/actualite\/joseph-3-ans-demi-793-chimiotherapies-a-besoin-dune-moelle-osseuse-soigner-leucemie-589741.html\" target=\"_blank\" rel=\"noopener\"><br \/>\nchances de survie sont faibles en l&rsquo;absence d&rsquo;une greffe de moelle<br \/>\nosseuse<\/a>. L\u2019Am\u00e9ricaine a ainsi v\u00e9cu difficilement ces derni\u00e8res<br \/>\nann\u00e9es \u00e0 cause de cette <strong>maladie agressive<\/strong>, qui<br \/>\nl\u2019handicapait au quotidien.<\/p>\n<p>La <strong>petite-fille de JFK<\/strong> s\u2019\u00e9tait d\u2019ailleurs<br \/>\nconfi\u00e9e lors d\u2019un long essai, \u00e0 l&rsquo;allure de <strong>lettre<br \/>\nd&rsquo;adieu<\/strong>, publi\u00e9 dans The New Yorker. Elle y avait<br \/>\nracont\u00e9 sans filtre sa vie de malade. \u00ab <strong>Je n&rsquo;ai jamais<br \/>\nvraiment pu m&rsquo;occuper de ma fille<\/strong> : je ne pouvais ni la<br \/>\nchanger, ni lui donner son bain, ni la nourrir, \u00e0 cause des risques<br \/>\nd&rsquo;infection apr\u00e8s mes greffes \u00bb, avait-elle \u00e9crit.<\/p>\n<p><img loading=\"lazy\" decoding=\"async\" aria-describedby=\"caption-attachment-1232543\" class=\"size-full wp-image-1232543 img-responsive\" src=\"https:\/\/www.europesays.com\/fr\/wp-content\/uploads\/2026\/01\/3-74.jpg\" alt=\"Edwin Schlossberg et Caroline Kennedy\" width=\"1280\" height=\"720\"\/> \u00a9 Shutterstock<\/p>\n<p id=\"caption-attachment-1232543\" class=\"wp-caption-text\">Edwin<br \/>\nSchlossberg et Caroline Kennedy sont les parents de Tatiana<br \/>\nSchlossberg.<\/p>\n<p>Cette m\u00e8re de deux enfants a vu sa<br \/>\nmaternit\u00e9 g\u00e2ch\u00e9e par la maladie<\/p>\n<p>Tatiana, m\u00e8re d\u2019un petit gar\u00e7on n\u00e9 en 2022 et d\u2019une petite fille<br \/>\nn\u00e9e plus r\u00e9cemment, en 2024, avait exprim\u00e9 le pire sentiment qu\u2019une<br \/>\nmaman puisse ressentir \u00e0 propos de sa petite derni\u00e8re : \u00ab J&rsquo;ai<br \/>\n\u00e9t\u00e9 absente pendant presque la moiti\u00e9 de sa premi\u00e8re ann\u00e9e.<br \/>\n<strong>Je ne sais pas vraiment si elle sait qui je suis<\/strong>,<br \/>\nni si, apr\u00e8s mon d\u00e9part, elle <strong>se souviendra que je suis sa<br \/>\nm\u00e8re<\/strong> \u00bb.<\/p>\n<blockquote class=\"instagram-media\" style=\"background: #ffffff;border: 0;margin: 1px;width: 100%;padding: 0;max-width: 500px;\" data-instgrm-permalink=\"https:\/\/www.instagram.com\/p\/DS5cxd6E2p_\/?utm_source=ig_web_copy_link&amp;igsh=MzRlODBiNWFlZA==\" data-instgrm-version=\"14\"\/>\n<p>Dans cet article, celle qui se savait condamn\u00e9e, rendait<br \/>\naussi\u00a0hommage \u00e0 <strong>George Moran<\/strong>, son mari depuis<br \/>\n2017, <a href=\"https:\/\/www.mariefrance.fr\/insolite\/simule-leucemie-recolte-80-000-euros-cagnottes-ligne-ouvertes-mari-1216634.html\" target=\"_blank\" rel=\"noopener\"><br \/>\nqui l\u2019a accompagn\u00e9e jusqu\u2019au bout dans la maladie<\/a>. Celui<br \/>\nqu\u2019elle qualifie de \u00ab g\u00e9nie gentil, dr\u00f4le et beau \u00bb a en<br \/>\neffet tout tent\u00e9 pour <strong>repousser l\u2019in\u00e9vitable<\/strong>.<br \/>\n\u00ab George a fait <strong>tout ce qui \u00e9tait en son possible pour<br \/>\nmoi<\/strong>. Il a parl\u00e9 \u00e0 tous les m\u00e9decins et aux compagnies<br \/>\nd&rsquo;assurance auxquels je ne voulais pas parler ; <strong>il a dormi<br \/>\n\u00e0 m\u00eame le sol de l&rsquo;h\u00f4pital<\/strong> \u00bb, avait-elle affirm\u00e9.<\/p>\n<p><script async src=\"\/\/www.instagram.com\/embed.js\"><\/script><\/p>\n","protected":false},"excerpt":{"rendered":"La triste nouvelle est tomb\u00e9e ce mardi 30 d\u00e9cembre 2025 : Tatiana, la petite-fille de John F. Kennedy&hellip;\n","protected":false},"author":2,"featured_media":633815,"comment_status":"","ping_status":"","sticky":false,"template":"","format":"standard","meta":{"footnotes":""},"categories":[1359],"tags":[21303,58,59,1011,27,973],"class_list":{"0":"post-633814","1":"post","2":"type-post","3":"status-publish","4":"format-standard","5":"has-post-thumbnail","7":"category-people","8":"tag-buzz_nonli","9":"tag-divertissement","10":"tag-entertainment","11":"tag-fr","12":"tag-france","13":"tag-people"},"share_on_mastodon":{"url":"https:\/\/pubeurope.com\/@fr\/115818879250026724","error":""},"_links":{"self":[{"href":"https:\/\/www.europesays.com\/fr\/wp-json\/wp\/v2\/posts\/633814","targetHints":{"allow":["GET"]}}],"collection":[{"href":"https:\/\/www.europesays.com\/fr\/wp-json\/wp\/v2\/posts"}],"about":[{"href":"https:\/\/www.europesays.com\/fr\/wp-json\/wp\/v2\/types\/post"}],"author":[{"embeddable":true,"href":"https:\/\/www.europesays.com\/fr\/wp-json\/wp\/v2\/users\/2"}],"replies":[{"embeddable":true,"href":"https:\/\/www.europesays.com\/fr\/wp-json\/wp\/v2\/comments?post=633814"}],"version-history":[{"count":0,"href":"https:\/\/www.europesays.com\/fr\/wp-json\/wp\/v2\/posts\/633814\/revisions"}],"wp:featuredmedia":[{"embeddable":true,"href":"https:\/\/www.europesays.com\/fr\/wp-json\/wp\/v2\/media\/633815"}],"wp:attachment":[{"href":"https:\/\/www.europesays.com\/fr\/wp-json\/wp\/v2\/media?parent=633814"}],"wp:term":[{"taxonomy":"category","embeddable":true,"href":"https:\/\/www.europesays.com\/fr\/wp-json\/wp\/v2\/categories?post=633814"},{"taxonomy":"post_tag","embeddable":true,"href":"https:\/\/www.europesays.com\/fr\/wp-json\/wp\/v2\/tags?post=633814"}],"curies":[{"name":"wp","href":"https:\/\/api.w.org\/{rel}","templated":true}]}}