{"id":633820,"date":"2026-01-01T08:26:10","date_gmt":"2026-01-01T08:26:10","guid":{"rendered":"https:\/\/www.europesays.com\/fr\/633820\/"},"modified":"2026-01-01T08:26:10","modified_gmt":"2026-01-01T08:26:10","slug":"les-sublimes-proprietes-du-chanteur","status":"publish","type":"post","link":"https:\/\/www.europesays.com\/fr\/633820\/","title":{"rendered":"les sublimes propri\u00e9t\u00e9s du chanteur"},"content":{"rendered":"<p>M\u00eame s\u00a0\u00bbil se fait discret depuis de nombreuses ann\u00e9es,<br \/>\nJean-Jacques Goldman continue d&rsquo;\u00eatre tr\u00e8s appr\u00e9ci\u00e9 des Fran\u00e7ais et<br \/>\nsa popularit\u00e9 ne semble pas faiblir. \u00c0 74 ans, le chanteur profite<br \/>\nde sa retraite dans de superbes demeures, en France, comme \u00e0<br \/>\nl&rsquo;\u00e9tranger.<\/p>\n<p>Jean-Jacques Goldman reste la personnalit\u00e9 pr\u00e9f\u00e9r\u00e9e des<br \/>\nFran\u00e7ais<\/p>\n<p>Jean-Jacques Goldman domine \u00e0 nouveau le classement <strong>des<br \/>\npersonnalit\u00e9s pr\u00e9f\u00e9r\u00e9es des Fran\u00e7ais<\/strong> en 2025, selon le<br \/>\ndernier barom\u00e8tre Ifop pour TF1-LCI, r\u00e9alis\u00e9 aupr\u00e8s d\u2019un millier de<br \/>\npersonnes. L&rsquo;artiste conserve donc la premi\u00e8re place pour la<br \/>\nneuvi\u00e8me ann\u00e9e cons\u00e9cutive. <strong>Seul <a href=\"https:\/\/www.lejournaldelamaison.fr\/le-journal-de-la-maison\/reportages-maisons\/maisons-reportages-maisons\/omar-sy-maison-reve-dans-petit-village-france-ressource-famille-loin-projecteurs-mondes-passe-autre-519147.html\" target=\"_blank\" rel=\"noopener\"><br \/>\nOmar Sy<\/a> avait r\u00e9ussi \u00e0 briser cette s\u00e9rie<\/strong>, en<br \/>\n2013.<\/p>\n<p>Ce sont deux autres chanteurs qui se trouvent sur le podium de<br \/>\nce classement : <strong><a href=\"https:\/\/www.lejournaldelamaison.fr\/le-journal-de-la-maison\/reportages-maisons\/maisons-campagne\/florent-pagny-envie-rapprocher-racines-craque-maison-isolee-echevannes-ferme-ancienne-pont-levis-douves-531716.html\" target=\"_blank\" rel=\"noopener\"><br \/>\nFlorent Pagny<\/a> et Francis Cabrel<\/strong>. Ce dernier est<br \/>\nd&rsquo;ailleurs grimp\u00e9 de la neuvi\u00e8me \u00e0 la troisi\u00e8me position, une belle<br \/>\nprogression, d&rsquo;autant plus qu&rsquo;il n&rsquo;a pas sorti de nouvel album<br \/>\ncette ann\u00e9e. Omar Sy et Zin\u00e9dine Zidane, <strong>respectivement<br \/>\nquatri\u00e8me et cinqui\u00e8me<\/strong>, compl\u00e8tent le top 5.<\/p>\n<p>La superbe villa de Jean-Jacques Goldman \u00e0 Marseille<\/p>\n<p>Cela fait plusieurs ann\u00e9es maintenant que Jean-Jacques Goldman a<br \/>\nchoisi de s&rsquo;installer <strong>dans le sud de la France<\/strong>. Il<br \/>\na acquis une superbe villa \u00e0 Marseille, dans <a href=\"https:\/\/www.lejournaldelamaison.fr\/le-journal-de-la-maison\/reportages-maisons\/maisons-reportages-maisons\/jean-jacques-goldman-villa-marseille-524928.html\" target=\"_blank\" rel=\"noopener\"><br \/>\nle quartier du Roucas-Blanc<\/a> plus pr\u00e9cis\u00e9ment. Il y vit avec sa<br \/>\nfemme Nathalie et leurs trois enfants, Maya, Kimi et Rose. Ses<br \/>\nvoisins d\u00e9crivent un homme discret, mais <strong>qui s&rsquo;implique<br \/>\ndans la vie du quartier<\/strong>.<\/p>\n<p>L&rsquo;interpr\u00e8te d&rsquo;Au bout de mes r\u00eaves avait \u00e9galement<br \/>\nhabit\u00e9 pendant un temps <a href=\"https:\/\/www.lejournaldelamaison.fr\/le-journal-de-la-maison\/reportages-maisons\/appartements\/jean-jacques-goldman-demande-aucun-traitement-faveur-garde-corps-superbe-t4-marseille-vecu-avant-trouver-sublime-villa-524966.html\" target=\"_blank\" rel=\"noopener\"><br \/>\n\u00e0 Plan-de-Cuques<\/a>, <strong>une petite commune<br \/>\ntranquille<\/strong> situ\u00e9e \u00e0 proximit\u00e9 de Marseille. Il avait aussi<br \/>\nr\u00e9sid\u00e9 dans un tr\u00e8s bel appartement parisien en 2011, avant de<br \/>\nposer ses valises \u00e0 l&rsquo;\u00e9tranger, <strong>de l&rsquo;autre c\u00f4t\u00e9 de la<br \/>\nManche<\/strong>.<\/p>\n<blockquote class=\"instagram-media\" style=\"background: #ffffff;border: 0;margin: 1px;width: 100%;padding: 0;max-width: 500px;\" data-instgrm-permalink=\"https:\/\/www.instagram.com\/reels\/DSuUGFzinMx\/\" data-instgrm-version=\"14\"\/><p>\nUne demeure de luxe \u00e0 Londres<\/p>\n<p>En 2016, Jean-Jacques Goldman a donc choisi <a href=\"https:\/\/www.lejournaldelamaison.fr\/le-journal-de-la-maison\/reportages-maisons\/jean-jacques-goldman-villa-londres-50000-euros-524922.html\" target=\"_blank\" rel=\"noopener\"><br \/>\nde s&rsquo;installer \u00e0 Londres<\/a>, <strong>souhaitant une vie plus<br \/>\n\u00ab\u00a0normale\u00a0\u00bb<\/strong> pour ses enfants, loin des m\u00e9dias fran\u00e7ais. Il a<br \/>\nlou\u00e9 une villa dans l\u2019ouest de la capitale. Celle-ci offrait un<br \/>\ntr\u00e8s grand confort : cinq chambres, une piscine sur le toit et une<br \/>\nvue magnifique sur Green Park. Il avait r\u00e9gl\u00e9 \u00e0 l&rsquo;avance le loyer<br \/>\nmensuel de 50 000 euros pour deux ans, <strong>soit 1,2 million<br \/>\nd&rsquo;euros<\/strong>.<\/p>\n<p>Ce choix \u00e9tait donc avant tout pens\u00e9 <strong>pour prot\u00e9ger sa<br \/>\nfamille<\/strong>. \u00c0 Londres, il a trouv\u00e9 un cadre de vie s\u00fbr et<br \/>\n\u00e9l\u00e9gant. Mais ce n&rsquo;est pas tout, car le chanteur poss\u00e8de encore<br \/>\n<a href=\"https:\/\/www.lejournaldelamaison.fr\/le-journal-de-la-maison\/reportages-maisons\/maisons-reportages-maisons\/jean-jacques-goldman-hotel-particulier-paris-530598.html\" target=\"_blank\" rel=\"noopener\"><br \/>\nun h\u00f4tel particulier<\/a> dans la capitale fran\u00e7aise, achet\u00e9 dans<br \/>\nles ann\u00e9es 1990. Toutes ces r\u00e9sidences permettent \u00e0 l&rsquo;artiste de<br \/>\n<strong>changer d&rsquo;ambiance quand il le souhaite<\/strong>.<\/p>\n<p><script async src=\"\/\/www.instagram.com\/embed.js\"><\/script><\/p>\n","protected":false},"excerpt":{"rendered":"M\u00eame s\u00a0\u00bbil se fait discret depuis de nombreuses ann\u00e9es, Jean-Jacques Goldman continue d&rsquo;\u00eatre tr\u00e8s appr\u00e9ci\u00e9 des Fran\u00e7ais et&hellip;\n","protected":false},"author":2,"featured_media":633821,"comment_status":"","ping_status":"","sticky":false,"template":"","format":"standard","meta":{"footnotes":""},"categories":[1355],"tags":[17,13041,1696,1805,154,58,3029,14192,3026,59,1011,3844,27,2014,19023,13392,151,4534,884,1361,873,9763,8820,74226,60821],"class_list":{"0":"post-633820","1":"post","2":"type-post","3":"status-publish","4":"format-standard","5":"has-post-thumbnail","7":"category-musique","8":"tag-17","9":"tag-a","10":"tag-chanteur","11":"tag-de","12":"tag-des","13":"tag-divertissement","14":"tag-du","15":"tag-elu","16":"tag-en","17":"tag-entertainment","18":"tag-fr","19":"tag-francais","20":"tag-france","21":"tag-goldman","22":"tag-jacques","23":"tag-jean","24":"tag-les","25":"tag-londres","26":"tag-marseille","27":"tag-music","28":"tag-musique","29":"tag-personnalite","30":"tag-preferee","31":"tag-proprietes","32":"tag-sublimes"},"share_on_mastodon":{"url":"https:\/\/pubeurope.com\/@fr\/115818895247710202","error":""},"_links":{"self":[{"href":"https:\/\/www.europesays.com\/fr\/wp-json\/wp\/v2\/posts\/633820","targetHints":{"allow":["GET"]}}],"collection":[{"href":"https:\/\/www.europesays.com\/fr\/wp-json\/wp\/v2\/posts"}],"about":[{"href":"https:\/\/www.europesays.com\/fr\/wp-json\/wp\/v2\/types\/post"}],"author":[{"embeddable":true,"href":"https:\/\/www.europesays.com\/fr\/wp-json\/wp\/v2\/users\/2"}],"replies":[{"embeddable":true,"href":"https:\/\/www.europesays.com\/fr\/wp-json\/wp\/v2\/comments?post=633820"}],"version-history":[{"count":0,"href":"https:\/\/www.europesays.com\/fr\/wp-json\/wp\/v2\/posts\/633820\/revisions"}],"wp:featuredmedia":[{"embeddable":true,"href":"https:\/\/www.europesays.com\/fr\/wp-json\/wp\/v2\/media\/633821"}],"wp:attachment":[{"href":"https:\/\/www.europesays.com\/fr\/wp-json\/wp\/v2\/media?parent=633820"}],"wp:term":[{"taxonomy":"category","embeddable":true,"href":"https:\/\/www.europesays.com\/fr\/wp-json\/wp\/v2\/categories?post=633820"},{"taxonomy":"post_tag","embeddable":true,"href":"https:\/\/www.europesays.com\/fr\/wp-json\/wp\/v2\/tags?post=633820"}],"curies":[{"name":"wp","href":"https:\/\/api.w.org\/{rel}","templated":true}]}}