{"id":633822,"date":"2026-01-01T08:27:31","date_gmt":"2026-01-01T08:27:31","guid":{"rendered":"https:\/\/www.europesays.com\/fr\/633822\/"},"modified":"2026-01-01T08:27:31","modified_gmt":"2026-01-01T08:27:31","slug":"cinema-ces-films-et-series-tournes-a-lyon-et-dans-le-rhone-que-vous-pourrez-voir-en-2026","status":"publish","type":"post","link":"https:\/\/www.europesays.com\/fr\/633822\/","title":{"rendered":"Cin\u00e9ma. Ces films et s\u00e9ries tourn\u00e9s \u00e0 Lyon (et dans le Rh\u00f4ne) que vous pourrez voir en 2026"},"content":{"rendered":"<p>Auvergne-Rh\u00f4ne-Alpes Cin\u00e9ma coproduit en moyenne 12 \u00e0 15 films de long-m\u00e9trage cin\u00e9ma par an. En 2025, 13 sont sortis en salles, et en 2026 ce sont 15 qui sont attendus. Par ailleurs, la structure r\u00e9gionale a coproduit 14 s\u00e9ries TV (animation ou fiction) et 4 t\u00e9l\u00e9films sur l\u2019ann\u00e9e \u00e9coul\u00e9e. Environ 50\u00a0% des tournages cin\u00e9ma et TV confondus se d\u00e9roulent dans le Rh\u00f4ne, o\u00f9 se sont implant\u00e9s les principaux acteurs industriels de la fili\u00e8re, repr\u00e9sentant un peu plus de <a href=\"https:\/\/www.leprogres.fr\/culture-loisirs\/2024\/02\/21\/cesar-2024-anatomie-d-une-chute-chronique-d-une-ascension-record-pour-le-cinema-regional\" target=\"_blank\" rel=\"noopener\">500 jours de tournage chaque ann\u00e9e<\/a>.<\/p>\n<p>Sur les 15 r\u00e9alisations tourn\u00e9es \u00e0 Lyon et\/ou dans le Rh\u00f4ne dont la sortie devrait avoir lieu 2026, le cin\u00e9ma se taille la part du lion avec 11 films qu\u2019on devrait retrouver dans les salles obscures au cours de l\u2019ann\u00e9e.<\/p>\n<p>Tourn\u00e9 dans l\u2019Allier et en r\u00e9gion lyonnaise, dans les quartiers du Vieux-Lyon, de la Croix-Rousse, de Monplaisir et en Presqu\u2019\u00eele, ainsi qu\u2019en bord de Sa\u00f4ne \u00e0 Rochetaill\u00e9e, L\u2019Affaire Bojarski de Jean-Paul Salom\u00e9 sera <a href=\"https:\/\/www.leprogres.fr\/culture-loisirs\/2025\/11\/16\/jean-paul-salome-pendant-la-guerre-bojarski-a-beaucoup-ecoule-ses-faux-billets-dans-la-region-lyonnaise\" target=\"_blank\" rel=\"noopener\">en salle d\u00e8s le 14\u00a0janvier<\/a>. C\u2019est l\u2019histoire d\u2019un ing\u00e9nieur polonais qui, apr\u00e8s avoir fabriqu\u00e9 des faux papiers durant l\u2019Occupation, est amen\u00e9 apr\u00e8s-guerre \u00e0 la fabrication de fausse monnaie. Il se trouve alors dans le viseur d\u2019un inspecteur de police obstin\u00e9.<\/p>\n<p>    &#13;<br \/>\n    &#13;<br \/>\n    &#13;<br \/>\n    <a href=\"https:\/\/cdn-s-www.leprogres.fr\/images\/f52354f0-3b4f-411f-99cf-3ae217397841\/NW_raw\/sur-le-tournage-lyonnais-de-l-affaire-bojarski-photo-fournie-emmanuelle-firman-auvergne-rhone-alpes-cinema-1767205495.jpg\" title=\"Sur le tournage lyonnais de L\u2019Affaire Bojarski . Photo fournie\/Emmanuelle Firman\/Auvergne-Rh\u00f4ne-Alpes Cin\u00e9ma\" class=\"chocolat-image GA-tracking\" data-ga_type=\"click\" data-ga_category=\"D\u00e9tail\" data-ga_action=\"zoomer\" data-ga_label=\"aggrandir image\" target=\"_blank\" rel=\"noopener\">&#13;<br \/>\n        <img src=\"https:\/\/www.europesays.com\/fr\/wp-content\/uploads\/2026\/01\/sur-le-tournage-lyonnais-de-l-affaire-bojarski-photo-fournie-emmanuelle-firman-auvergne-rhone-alpes-.jpeg\"   alt=\"Sur le tournage lyonnais de L\u2019Affaire Bojarski . Photo fournie\/Emmanuelle Firman\/Auvergne-Rh\u00f4ne-Alpes Cin\u00e9ma\" fetchpriority=\"high\" decoding=\"async\" data-mobile=\"NW_listA_M|1767205495\" data-base=\"NW_listA|1767205495\"\/>&#13;<br \/>\n    <\/a>&#13;<\/p>\n<p> Sur le tournage lyonnais de L\u2019Affaire Bojarski . Photo fournie\/Emmanuelle Firman\/Auvergne-Rh\u00f4ne-Alpes Cin\u00e9ma <\/p>\n<p>  Les deux volets de La Bataille de Gaulle et la 2 e partie de Kaamelott 2<\/p>\n<p>Ce sera sans doute l\u2019un des films attendus de 2026\u00a0: La Bataille de Gaulle est un diptyque, avec une premi\u00e8re partie, L\u2019\u00c2ge de fer , dont la sortie est programm\u00e9e au 10\u00a0juin, et une seconde, J\u2019\u00e9cris ton nom , annonc\u00e9e sur les \u00e9crans le 3\u00a0juillet. Les deux films r\u00e9alis\u00e9s par Antonin Baudry retracent la vie et l\u2019engagement de Charles de Gaulle de 1940 \u00e0 1945, jusqu\u2018\u00e0 son \u00e9volution vers une carri\u00e8re politique.<\/p>\n<p>    &#13;<br \/>\n    &#13;<br \/>\n    &#13;<br \/>\n    <a href=\"https:\/\/cdn-s-www.leprogres.fr\/images\/03e3d90c-cc89-4183-b866-e73ddcc77cb2\/NW_raw\/simon-abkarian-(a-droite)-dans-le-role-du-general-de-gaulle-photo-fournie-tf1-films-production-belvedere-auvergne-rhone-alpes-cinema-1767205495.jpg\" title=\"Simon Abkarian (\u00e0 droite) dans le r\u00f4le du G\u00e9n\u00e9ral de Gaulle. \u00a0 Photo fournie\/TF1 Films Production\/Belvedere\/Auvergne Rh\u00f4ne Alpes Cin\u00e9ma\" class=\"chocolat-image GA-tracking\" data-ga_type=\"click\" data-ga_category=\"D\u00e9tail\" data-ga_action=\"zoomer\" data-ga_label=\"aggrandir image\" target=\"_blank\" rel=\"noopener\">&#13;<br \/>\n        <img src=\"https:\/\/www.europesays.com\/fr\/wp-content\/uploads\/2026\/01\/simon-abkarian-(a-droite)-dans-le-role-du-general-de-gaulle-photo-fournie-tf1-films-production-belve.jpeg\"   alt=\"Simon Abkarian (\u00e0 droite) dans le r\u00f4le du G\u00e9n\u00e9ral de Gaulle. \u00a0 Photo fournie\/TF1 Films Production\/Belvedere\/Auvergne Rh\u00f4ne Alpes Cin\u00e9ma\" fetchpriority=\"high\" decoding=\"async\" data-mobile=\"NW_listA_M|1767205495\" data-base=\"NW_listA|1767205495\"\/>&#13;<br \/>\n    <\/a>&#13;<\/p>\n<p> Simon Abkarian (\u00e0 droite) dans le r\u00f4le du G\u00e9n\u00e9ral de Gaulle. \u00a0 Photo fournie\/TF1 Films Production\/Belvedere\/Auvergne Rh\u00f4ne Alpes Cin\u00e9ma <\/p>\n<p>Ils b\u00e9n\u00e9ficient d\u2019un casting prestigieux avec Simon Abkarian, Niels Schneider, Thierry Lhermitte, Beno\u00eet Magimel, Karim Leklou, Mathieu Kassovitz\u2026 Plusieurs jours de tournage ont eu lieu d\u00e9but juillet\u00a02024 <a href=\"https:\/\/www.leprogres.fr\/culture-loisirs\/2024\/07\/06\/tournage-dans-le-vieux-lyon-des-rues-et-des-commerces-transformes-par-les-peintres-en-cinema-pour-servir-de-decor-au-film-de-gaulle\" target=\"_blank\" rel=\"noopener\">dans les 1 er , 2 e et 5 e arrondissements<\/a> , ainsi qu\u2019\u00e0 Caluire-et-Cuire.<\/p>\n<p>                                            <img class=\"placeholder-svg\" loading=\"lazy\" decoding=\"async\" src=\"https:\/\/cdn-files.prsmedia.fr\/files\/REDAC\/images\/svg\/placeholders\/youtube.svg\" alt=\"Youtube PlaceHolder\"\/>               <\/p>\n<p>Ce contenu est bloqu\u00e9 car vous n&rsquo;avez pas accept\u00e9 les cookies et autres traceurs.<\/p>\n<p>En cliquant sur \u00ab J\u2019accepte \u00bb, les cookies et autres traceurs seront d\u00e9pos\u00e9s et vous pourrez visualiser les contenus  (<a href=\"\" class=\"consentModule_policy\" target=\"_blank\" title=\"Consulter la politique de protection des donn\u00e9es du fournisseur\">plus d&rsquo;informations<\/a>).<\/p>\n<p>En cliquant sur \u00ab J\u2019accepte tous les cookies \u00bb, vous autorisez des d\u00e9p\u00f4ts de cookies et autres traceurs pour le stockage de vos donn\u00e9es sur nos sites et applications \u00e0 des fins de personnalisation et de ciblage publicitaire.<\/p>\n<p class=\"consentModule_secondaryText\">Vous gardez la possibilit\u00e9 de retirer votre consentement \u00e0 tout moment en consultant notre <a href=\"https:\/\/www.leprogres.fr\/protection-des-donnees\" target=\"_blank\" title=\"Consulter notre politique de protection des donn\u00e9es\" rel=\"noopener\">politique de protection des donn\u00e9es<\/a>. <br \/>&#13;<br \/>\n            <a href=\"https:\/\/www.leprogres.fr\/culture-loisirs\/2026\/01\/01\/javascript:Didomi.notice.show()\" class=\"consentModule_cmp\" target=\"_blank\" rel=\"noopener\">G\u00e9rer mes choix<\/a>&#13;\n        <\/p>\n<p>&#13;<br \/>\n                        J&rsquo;accepte&#13;<br \/>\n            J&rsquo;accepte tous les cookies&#13;\n        <\/p>\n<p>Autre \u00ab\u00a0mastodonte\u00a0\u00bb attendu, Kaamelott \u2013 Deuxi\u00e8me volet (partie 2) , toujours r\u00e9alis\u00e9 par le Lyonnais Alexandre Astier, est pr\u00e9vu pour \u00eatre \u00e0 l\u2019affiche le 11\u00a0novembre. Aucun synopsis n\u2019a pour l\u2019heure \u00e9t\u00e9 r\u00e9v\u00e9l\u00e9.<\/p>\n<p>On sait seulement que les interpr\u00e8tes de talent ont encore r\u00e9pondu pr\u00e9sent\u00a0: Alexandre Astier, Franck Dubosc, Virginie Ledoyen, Sting, Haroun, Antoine de Caunes, Audrey Fleurot, Christian Clavier, et bien d\u2019autres. Tr\u00e8s discret, le tournage s\u2019est, notamment, d\u00e9roul\u00e9 dans le Rh\u00f4ne.<\/p>\n<p>    &#13;<br \/>\n    &#13;<br \/>\n    &#13;<br \/>\n    <a href=\"https:\/\/cdn-s-www.leprogres.fr\/images\/0dfde712-ab55-4f18-8dc5-164ca6e9680f\/NW_raw\/alexandre-astier-dans-kaamelott-tourne-en-partie-a-lyon-photo-fournie-regular-production-1767205495.jpg\" title=\"Alexandre Astier dans Kaamelott , tourn\u00e9 en partie \u00e0 Lyon. \u00a0 Photo fournie\/Regular Production\" class=\"chocolat-image GA-tracking\" data-ga_type=\"click\" data-ga_category=\"D\u00e9tail\" data-ga_action=\"zoomer\" data-ga_label=\"aggrandir image\" target=\"_blank\" rel=\"noopener\">&#13;<br \/>\n        <img src=\"https:\/\/www.europesays.com\/fr\/wp-content\/uploads\/2026\/01\/alexandre-astier-dans-kaamelott-tourne-en-partie-a-lyon-photo-fournie-regular-production-1767205495..jpeg\"   alt=\"Alexandre Astier dans Kaamelott , tourn\u00e9 en partie \u00e0 Lyon. \u00a0 Photo fournie\/Regular Production\" fetchpriority=\"high\" decoding=\"async\" data-mobile=\"NW_listA_M|1767205495\" data-base=\"NW_listA|1767205495\"\/>&#13;<br \/>\n    <\/a>&#13;<\/p>\n<p> Alexandre Astier dans Kaamelott , tourn\u00e9 en partie \u00e0 Lyon. \u00a0 Photo fournie\/Regular Production <\/p>\n<p>Pour l\u2019instant pas de date de sortie, mais Une Nuit , de et avec Daniel Auteuil, a \u00e9t\u00e9 r\u00e9alis\u00e9 en <a href=\"https:\/\/www.leprogres.fr\/culture-loisirs\/2025\/12\/14\/le-prochain-film-realise-par-daniel-auteuil-tourne-a-lyon\" target=\"_blank\" rel=\"noopener\"> large partie \u00e0 Lyon<\/a> , en octobre et novembre\u00a02025 (Palais de la Bourse, basilique de Fourvi\u00e8re, Vieux Lyon). L\u00e0 aussi, l\u2019histoire se d\u00e9roule durant l\u2019Occupation allemande. Bas\u00e9 sur des faits r\u00e9els survenus au camp de V\u00e9nissieux, le film montre comment des hommes vont, au m\u00e9pris du danger, s\u2019allier pour sauver des enfants juifs.<\/p>\n<p>  Drames, com\u00e9die, films d\u2019animation\u2026<\/p>\n<p>Annonc\u00e9s eux aussi pour 2026, on trouve plusieurs films dont certains pourraient se faire une place au box-office ou\/et dans le c\u0153ur des critiques. Il en va ainsi de Chercheurs d\u2019Aur\u00e9lien Pelloux, tourn\u00e9 \u00e0 Lyon et dans le Rh\u00f4ne, avec une date sortie qui sera connue prochainement.<\/p>\n<p>C\u2019est encore la r\u00e9gion lyonnaise, avec le 2 e (Mus\u00e9e des Tissus de Lyon, H\u00f4tel Sofitel), 3 e (H\u00f4pital \u00c9douard-Herriot), 4 e , 6 e et 7 e arrondissements, ainsi que Villeurbanne, Gr\u00e9zieu-la-Varenne, Chaponost et Meyzieu, qui est \u00e0 l\u2019honneur dans La Vie d\u2019une femme , de Charline Bourgeois-Tacquet. Il en va de m\u00eame pour Une Autre histoire r\u00e9alis\u00e9 par Mikha\u00ebl Hers qui a pos\u00e9 ses cam\u00e9ras \u00e0 Lyon et dans ses environs. Le moment de l\u2019arriv\u00e9e en salle de ces deux derniers films n\u2019est pas encore fix\u00e9.<\/p>\n<p>Le film d\u2019animation La Fille dans les nuages de Philippe Riche est, lui, pr\u00e9vu sur les \u00e9crans le 22\u00a0juillet, alors qu\u2019une partie de la fabrication de cette r\u00e9alisation en 3D est assur\u00e9e par Stim Studio \u00e0 Lyon.<\/p>\n<p>    &#13;<br \/>\n    &#13;<br \/>\n    &#13;<br \/>\n    <a href=\"https:\/\/cdn-s-www.leprogres.fr\/images\/0215702d-bcb8-4f7d-bd7e-33a304774e01\/NW_raw\/la-fille-dans-les-nuages-photo-fournie-brio-films-1767205495.jpg\" title=\"La Fille dans les nuages. \u00a0 Photo fournie\/Brio Films\" class=\"chocolat-image GA-tracking\" data-ga_type=\"click\" data-ga_category=\"D\u00e9tail\" data-ga_action=\"zoomer\" data-ga_label=\"aggrandir image\" target=\"_blank\" rel=\"noopener\">&#13;<br \/>\n        <img src=\"https:\/\/www.europesays.com\/fr\/wp-content\/uploads\/2026\/01\/la-fille-dans-les-nuages-photo-fournie-brio-films-1767205495.jpg\"   alt=\"La Fille dans les nuages. \u00a0 Photo fournie\/Brio Films\" fetchpriority=\"high\" decoding=\"async\" data-mobile=\"NW_listA_M|1767205495\" data-base=\"NW_listA|1767205495\"\/>&#13;<br \/>\n    <\/a>&#13;<\/p>\n<p>La Fille dans les nuages. \u00a0 Photo fournie\/Brio Films <\/p>\n<p>De son c\u00f4t\u00e9, La Startup , une com\u00e9die de Gilles Graveleau, avec un tournage qui s\u2019est principalement d\u00e9roul\u00e9 \u00e0 Yzeron, Villeurbanne et Lyon, cherche encore un distributeur. Tout comme La Petite Graine , de Mathias et Colas Rifkiss, r\u00e9alis\u00e9 \u00e0 Lyon.<\/p>\n<p>  Trois s\u00e9ries et un t\u00e9l\u00e9film<\/p>\n<p>C\u00f4t\u00e9 s\u00e9ries, place \u00e0 l\u2019animation, avec 20 All\u00e9e de la danse , dont une partie de la fabrication aura \u00e9t\u00e9 effectu\u00e9e au Studio Big Company \u00e0 Lyon. Le m\u00eame studio \u00e0 l\u2019\u0153uvre pour Moi \u00e0 ton \u00e2ge (saison 2). Autre genre, la com\u00e9die dramatique Grandiose suit, au fils de ses \u00e9pisodes, six adolescents souffrant de troubles alimentaires, dans des d\u00e9cors de la r\u00e9gion lyonnaise.<\/p>\n<p>    &#13;<br \/>\n    &#13;<br \/>\n    &#13;<br \/>\n    <a href=\"https:\/\/cdn-s-www.leprogres.fr\/images\/bdd08248-8924-4440-b9ce-e32695955b16\/NW_raw\/dans-le-telefilm-comme-une-ombre-lyon-est-marque-par-une-serie-de-meurtres-commis-par-un-justicier-photo-fournie-french-cancan-production-1767205495.jpg\" title=\"Dans le t\u00e9l\u00e9film Comme une ombre , Lyon est marqu\u00e9 par une s\u00e9rie de meurtres commis par un \u00ab\u00a0justicier\u00a0\u00bb. \u00a0 Photo fournie\/French-Cancan-Production\" class=\"chocolat-image GA-tracking\" data-ga_type=\"click\" data-ga_category=\"D\u00e9tail\" data-ga_action=\"zoomer\" data-ga_label=\"aggrandir image\" target=\"_blank\" rel=\"noopener\">&#13;<br \/>\n        <img src=\"https:\/\/www.europesays.com\/fr\/wp-content\/uploads\/2026\/01\/dans-le-telefilm-comme-une-ombre-lyon-est-marque-par-une-serie-de-meurtres-commis-par-un-justicier-p.jpeg\"   alt=\"Dans le t\u00e9l\u00e9film Comme une ombre , Lyon est marqu\u00e9 par une s\u00e9rie de meurtres commis par un \u00ab\u00a0justicier\u00a0\u00bb. \u00a0 Photo fournie\/French-Cancan-Production\" fetchpriority=\"high\" decoding=\"async\" data-mobile=\"NW_listA_M|1767205495\" data-base=\"NW_listA|1767205495\"\/>&#13;<br \/>\n    <\/a>&#13;<\/p>\n<p> Dans le t\u00e9l\u00e9film Comme une ombre , Lyon est marqu\u00e9 par une s\u00e9rie de meurtres commis par un \u00ab\u00a0justicier\u00a0\u00bb. \u00a0 Photo fournie\/French-Cancan-Production <\/p>\n<p>Enfin, Palais de justice, Th\u00e9\u00e2tre des C\u00e9lestins, Place Bellecour, H\u00f4tel de Ville de Villeurbanne serviront de cadre au t\u00e9l\u00e9film d\u2019Elsa Blayau, Comme une ombre , dans lequel Lyon est confront\u00e9 \u00e0 une s\u00e9rie de meurtres myst\u00e9rieux.<\/p>\n","protected":false},"excerpt":{"rendered":"Auvergne-Rh\u00f4ne-Alpes Cin\u00e9ma coproduit en moyenne 12 \u00e0 15 films de long-m\u00e9trage cin\u00e9ma par an. En 2025, 13 sont&hellip;\n","protected":false},"author":2,"featured_media":633823,"comment_status":"","ping_status":"","sticky":false,"template":"","format":"standard","meta":{"footnotes":""},"categories":[1354],"tags":[650,1687,58,3152,2757,3153,3154,3155,3156,59,107,1346,1011,27,2428,1360,2429,273,3151],"class_list":{"0":"post-633822","1":"post","2":"type-post","3":"status-publish","4":"format-standard","5":"has-post-thumbnail","7":"category-films","8":"tag-cinema","9":"tag-culture-loisirs","10":"tag-divertissement","11":"tag-edition-est-lyonnais","12":"tag-edition-lyon-villeurbanne","13":"tag-edition-ouest-lyonnais","14":"tag-edition-sud-lyonnais","15":"tag-edition-tarare","16":"tag-edition-villefranche","17":"tag-entertainment","18":"tag-fil-info","19":"tag-films","20":"tag-fr","21":"tag-france","22":"tag-lyon","23":"tag-movies","24":"tag-rhone","25":"tag-selection-de-la-redaction","26":"tag-selection-de-la-redaction-69"},"share_on_mastodon":{"url":"https:\/\/pubeurope.com\/@fr\/115818898832683294","error":""},"_links":{"self":[{"href":"https:\/\/www.europesays.com\/fr\/wp-json\/wp\/v2\/posts\/633822","targetHints":{"allow":["GET"]}}],"collection":[{"href":"https:\/\/www.europesays.com\/fr\/wp-json\/wp\/v2\/posts"}],"about":[{"href":"https:\/\/www.europesays.com\/fr\/wp-json\/wp\/v2\/types\/post"}],"author":[{"embeddable":true,"href":"https:\/\/www.europesays.com\/fr\/wp-json\/wp\/v2\/users\/2"}],"replies":[{"embeddable":true,"href":"https:\/\/www.europesays.com\/fr\/wp-json\/wp\/v2\/comments?post=633822"}],"version-history":[{"count":0,"href":"https:\/\/www.europesays.com\/fr\/wp-json\/wp\/v2\/posts\/633822\/revisions"}],"wp:featuredmedia":[{"embeddable":true,"href":"https:\/\/www.europesays.com\/fr\/wp-json\/wp\/v2\/media\/633823"}],"wp:attachment":[{"href":"https:\/\/www.europesays.com\/fr\/wp-json\/wp\/v2\/media?parent=633822"}],"wp:term":[{"taxonomy":"category","embeddable":true,"href":"https:\/\/www.europesays.com\/fr\/wp-json\/wp\/v2\/categories?post=633822"},{"taxonomy":"post_tag","embeddable":true,"href":"https:\/\/www.europesays.com\/fr\/wp-json\/wp\/v2\/tags?post=633822"}],"curies":[{"name":"wp","href":"https:\/\/api.w.org\/{rel}","templated":true}]}}