{"id":633847,"date":"2026-01-01T08:49:43","date_gmt":"2026-01-01T08:49:43","guid":{"rendered":"https:\/\/www.europesays.com\/fr\/633847\/"},"modified":"2026-01-01T08:49:43","modified_gmt":"2026-01-01T08:49:43","slug":"2025-le-recap-dune-annee-extraordinaire","status":"publish","type":"post","link":"https:\/\/www.europesays.com\/fr\/633847\/","title":{"rendered":"2025 : le r\u00e9cap d&rsquo;une ann\u00e9e extraordinaire"},"content":{"rendered":"<p>L\u2019ann\u00e9e 2025 fut riche en \u00e9v\u00e8nements marquants, en exploits sportifs et en \u00e9motions inoubliables pour notre club. Retour sur cette ann\u00e9e exceptionnelle.<\/p>\n<p>19 janvier : Cardiff-Grenoble, finale de la Continental Cup<\/p>\n<p><img fetchpriority=\"high\" decoding=\"async\" width=\"1024\" height=\"683\" src=\"data:image\/svg+xml,%3Csvg%20xmlns=\" http:=\"\" alt=\"\" class=\"wp-image-12595\" style=\"width:691px;height:auto\" data-lazy- data-lazy- data-lazy-src=\"https:\/\/www.europesays.com\/fr\/wp-content\/uploads\/2026\/01\/01_19_JA8_0678_190125_James_Assinder-1024x683.jpg\"\/><\/p>\n<p>Qualifi\u00e9s pour le tournoi final de la Continental Cup, disput\u00e9 \u00e0 seulement 3 \u00e9quipes, les Br\u00fbleurs de Loups remportent leur premier match contre les Polonais de Katowice aux tirs au but (3-2). Les BDL abordent l\u2019ultime rencontre face aux h\u00f4tes de la comp\u00e9tition, les Devils de Cardiff, avec un objectif clair : gagner pour \u00eatre sacr\u00e9s champions d\u2019Europe !<\/p>\n<p>Si les Grenoblois tiennent t\u00eate aux Gallois lors du premier tiers (1-1), la suite s\u2019av\u00e8re plus compliqu\u00e9e et la troupe de Per Hanberg et Edo Terglav s\u2019inclinent finalement 6-1. Les BDL r\u00e9coltent tout de m\u00eame une belle m\u00e9daille d\u2019argent.<\/p>\n<p>Le film de la finale de Continental Cup \u00e0 Cardiff est disponible sur la cha\u00eene YouTube des Br\u00fbleurs de Loups :<\/p>\n<\/p>\n<p>11 f\u00e9vrier : les BDL remportent le troph\u00e9e Jacques Lacarri\u00e8re<\/p>\n<p><img loading=\"lazy\" decoding=\"async\" width=\"1024\" height=\"683\" src=\"data:image\/svg+xml,%3Csvg%20xmlns=\" http:=\"\" alt=\"\" class=\"wp-image-12597\" style=\"width:674px;height:auto\" data-lazy- data-lazy- data-lazy-src=\"https:\/\/www.europesays.com\/fr\/wp-content\/uploads\/2026\/01\/02_11_R6M_1371-1024x683.jpg\"\/><\/p>\n<p>\u00c0 3 journ\u00e9es de la fin de la saison r\u00e9guli\u00e8re 2024-2025, les Grenoblois s\u2019assurent d\u00e9j\u00e0 de la premi\u00e8re place du classement de Synerglace Ligue Magnus et remportent ainsi le troph\u00e9e Jacques Lacarri\u00e8re ! Depuis qu\u2019il r\u00e9compense la meilleure \u00e9quipe de la saison r\u00e9guli\u00e8re, c\u2019est la 4\u00e8me fois que les BDL obtiennent cette r\u00e9compense ! Aucune autre \u00e9quipe fran\u00e7aise ne fait mieux ! <\/p>\n<p><img loading=\"lazy\" decoding=\"async\" width=\"1024\" height=\"576\" src=\"data:image\/svg+xml,%3Csvg%20xmlns=\" http:=\"\" alt=\"\" class=\"wp-image-12598\" style=\"width:689px;height:auto\" data-lazy- data-lazy- data-lazy-src=\"https:\/\/www.europesays.com\/fr\/wp-content\/uploads\/2026\/01\/02_11_484113308_632347462879246_9136099417150173225_n-1024x576.jpg\"\/><\/p>\n<p>14 f\u00e9vrier : Grenoble 9-0 Rouen<\/p>\n<p><img loading=\"lazy\" decoding=\"async\" width=\"1024\" height=\"683\" src=\"data:image\/svg+xml,%3Csvg%20xmlns=\" http:=\"\" alt=\"\" class=\"wp-image-12599\" style=\"width:687px;height:auto\" data-lazy- data-lazy- data-lazy-src=\"https:\/\/www.europesays.com\/fr\/wp-content\/uploads\/2026\/01\/02_14_5D3_0112-1024x683.jpg\"\/><\/p>\n<p>Pour la 42\u00e8me journ\u00e9e de Synerglace Ligue Magnus, les BDL accueillent les Dragons de Rouen pour le dernier classico avant les playoffs. Fran\u00e7ois Beauchemin n\u2019a besoin que de 32 secondes pour donner le ton d\u2019un duel sera \u00e0 sens unique. Avec 4 nouveaux buts dans le T2 puis 4 suppl\u00e9mentaires dans le T3, les Grenoblois balayent leurs adversaires 9 buts \u00e0 0, au terme d\u2019un match irr\u00e9el !<\/p>\n<\/p>\n<p>16 f\u00e9vrier : Grenoble-Angers, finale de la Coupe de France<\/p>\n<p><img loading=\"lazy\" decoding=\"async\" width=\"1024\" height=\"683\" src=\"data:image\/svg+xml,%3Csvg%20xmlns=\" http:=\"\" alt=\"\" class=\"wp-image-12600\" style=\"width:639px;height:auto\" data-lazy- data-lazy- data-lazy-src=\"https:\/\/www.europesays.com\/fr\/wp-content\/uploads\/2026\/01\/02_16_5D3_0058-1024x683.jpg\"\/><\/p>\n<p>Deuxi\u00e8me finale de l\u2019ann\u00e9e pour les Br\u00fbleurs de Loups avec la Coupe de France. Il s\u2019agit de la troisi\u00e8me finale cons\u00e9cutive pour Grenoble dans cette comp\u00e9tition. Si les BDL avaient remport\u00e9 les deux pr\u00e9c\u00e9dentes, le sc\u00e9nario est diff\u00e9rent cette ann\u00e9e. Les Is\u00e9rois s\u2019inclinent 3 buts \u00e0 2 \u00e0 l\u2019issue d\u2019un match tr\u00e8s disput\u00e9.<\/p>\n<\/p>\n<p>22 mars : deux titres chez les jeunes<\/p>\n<p>Le centre de formation des Br\u00fbleurs de Loups brillent depuis des ann\u00e9es, et 2025 n\u2019y fait pas exception ! Le samedi 22 mars, les U18 sont oppos\u00e9s aux Ours de Villard-de-Lans. Victorieux 4-1 \u00e0 l\u2019aller, les jeunes BDL ne tremblent pas et s\u2019imposent largement 10 buts \u00e0 3 \u00e0 Polesud !<\/p>\n<p><img loading=\"lazy\" decoding=\"async\" width=\"1024\" height=\"683\" src=\"data:image\/svg+xml,%3Csvg%20xmlns=\" http:=\"\" alt=\"\" class=\"wp-image-12601\" style=\"width:686px;height:auto\" data-lazy- data-lazy- data-lazy-src=\"https:\/\/www.europesays.com\/fr\/wp-content\/uploads\/2026\/01\/03_22_U18-FINALE-01-1024x683.jpg\"\/><\/p>\n<p>Quelques heures apr\u00e8s les U18, les U20 grenoblois ont eux aussi l\u2019occasion de remporter le titre en cas de victoire contre les Drakkars de Caen. Les jeunes is\u00e9rois dominent les d\u00e9bats et l\u2019emportent 8-1 pour soulever leur 7\u00e8me troph\u00e9e de champions de France U20 !<\/p>\n<p><img loading=\"lazy\" decoding=\"async\" width=\"1024\" height=\"683\" src=\"data:image\/svg+xml,%3Csvg%20xmlns=\" http:=\"\" alt=\"\" class=\"wp-image-12602\" style=\"width:667px;height:auto\" data-lazy- data-lazy- data-lazy-src=\"https:\/\/www.europesays.com\/fr\/wp-content\/uploads\/2026\/01\/03_22_R6M_5660-1024x683.jpg\"\/><\/p>\n<p>5 avril : Grenoble champion de France<\/p>\n<p><img loading=\"lazy\" decoding=\"async\" width=\"1024\" height=\"683\" src=\"data:image\/svg+xml,%3Csvg%20xmlns=\" http:=\"\" alt=\"\" class=\"wp-image-12603\" style=\"width:645px;height:auto\" data-lazy- data-lazy- data-lazy-src=\"https:\/\/www.europesays.com\/fr\/wp-content\/uploads\/2026\/01\/04_05_R6M_9093-1024x683.jpg\"\/><\/p>\n<p>Apr\u00e8s avoir remport\u00e9 3 des 4 premiers matchs de la s\u00e9rie finale face aux Ducs d\u2019Angers, les BDL accueillent les Angevins \u00e0 Polesud pour l\u2019acte 5, potentiellement d\u00e9cisif.<\/p>\n<p>Si Angers est devant \u00e0 la mi-match (1-2), les Br\u00fbleurs de Loups inversent la tendance avant la fin du deuxi\u00e8me tiers (3-2), avant de d\u00e9rouler dans la derni\u00e8re p\u00e9riode pour s\u2019imposer 6-2 et signer un 9\u00e8me sacre en Synerglace Ligue Magnus !<\/p>\n<p>Le film du sacre des BDL en 2024-2025 est disponible sur la cha\u00eene YouTube des Br\u00fbleurs de Loups :<\/p>\n<\/p>\n<p>5 septembre : premi\u00e8re victoire en CHL depuis 6 ans<\/p>\n<p><img loading=\"lazy\" decoding=\"async\" width=\"1024\" height=\"683\" src=\"data:image\/svg+xml,%3Csvg%20xmlns=\" http:=\"\" alt=\"\" class=\"wp-image-12604\" style=\"width:664px;height:auto\" data-lazy- data-lazy- data-lazy-src=\"https:\/\/www.europesays.com\/fr\/wp-content\/uploads\/2026\/01\/09_05_2025-09-05_PIN-GRE-106490-imag-1024x683.jpg\"\/><\/p>\n<p>Qualifi\u00e9s en Champions Hockey League gr\u00e2ce \u00e0 leur titre de champions de France, les BDL se d\u00e9placent en Allemagne d\u00e9fier les Pinguins de Bremerhaven.<\/p>\n<p>Battus lors des 2 premiers matchs de CHL \u00e0 Polesud (par Berne et Zoug), les Grenoblois r\u00e9agissent \u00e0 merveille \u00e0 Bremerhaven et s\u2019imposent 8-5 au terme d\u2019un match intense ! Il s\u2019agit de la premi\u00e8re victoire des BDL en CHL depuis 2019 !<\/p>\n<\/p>\n<p>7 septembre : 2\/2 en Allemagne<\/p>\n<p><img loading=\"lazy\" decoding=\"async\" width=\"1024\" height=\"683\" src=\"data:image\/svg+xml,%3Csvg%20xmlns=\" http:=\"\" alt=\"\" class=\"wp-image-12605\" style=\"width:643px;height:auto\" data-lazy- data-lazy- data-lazy-src=\"https:\/\/www.europesays.com\/fr\/wp-content\/uploads\/2026\/01\/09_07_2025-09-07_BER-GRE-107498-imag-1024x683.jpg\"\/><\/p>\n<p>Deux jours seulement apr\u00e8s leur victoire \u00e0 Bremerhaven, les BDL se rendent \u00e0 Berlin pour un nouveau duel en Champions Hockey League. <\/p>\n<p>Domin\u00e9s, les Grenoblois sombrent rapidement : les Ours Polaires de Berlin m\u00e8nent 3-0 apr\u00e8s 20 minutes de jeu. Mais une p\u00e9nalit\u00e9 c\u00f4t\u00e9 berlinois change le cours du match. Emmen\u00e9s par un duo Treille-Beauchemin chirurgical, les BDL recollent \u00e0 3-3 en moins de 2 minutes 30 ! Si Berlin repasse devant, les Is\u00e9rois \u00e9galisent \u00e0 4-4 et arrachent la prolongation.<\/p>\n<p>La d\u00e9cision finale se joue aux tirs au but, desquels les BDL sortent vainqueurs, signant une deuxi\u00e8me victoire cons\u00e9cutive en CHL !<\/p>\n<\/p>\n<p>8 octobre : renversants !<\/p>\n<p><img loading=\"lazy\" decoding=\"async\" width=\"1024\" height=\"683\" src=\"data:image\/svg+xml,%3Csvg%20xmlns=\" http:=\"\" alt=\"\" class=\"wp-image-12606\" style=\"width:698px;height:auto\" data-lazy- data-lazy- data-lazy-src=\"https:\/\/www.europesays.com\/fr\/wp-content\/uploads\/2026\/01\/10_08_R6M25265-1024x683.jpg\"\/><\/p>\n<p>Les Br\u00fbleurs de Loups accueillent le HC Lausanne pour leur 5\u00e8me match en Champions Hockey League et croient plus que jamais en une qualification historique pour les playoffs.<\/p>\n<p>\u00c0 Polesud, les BDL prennent les commandes : 2-0 apr\u00e8s le premier tiers. Les choses se compliquent n\u00e9anmoins par la suite. Les Suisses \u00e9galisent \u00e0 2-2 dans le tiers m\u00e9dian, avant de basculer en t\u00eate d\u00e8s le d\u00e9but de la derni\u00e8re p\u00e9riode. <\/p>\n<p>Men\u00e9s 2-4, les espoirs de victoire semblent s\u2019envoler pour les Grenoblois. Mais comme on dit \u00e0 Grenoble : \u00ab Never Ring The Bell \u00bb ! Dans une fin de match irr\u00e9elle, les BDL inscrivent 5 buts dans le dernier quart d\u2019heure et renversent la partie pour s\u2019imposer 7-4, dans une patinoire Polesud en \u00e9bullition comme rarement !<\/p>\n<p>S\u2019il faudra officiellement attendre la derni\u00e8re journ\u00e9e, gr\u00e2ce \u00e0 cette 3\u00e8me victoire cons\u00e9cutive en CHL, les Br\u00fbleurs de Loups sont assur\u00e9s de disputer les playoffs de CHL pour la premi\u00e8re fois dans l\u2019histoire du club !<\/p>\n<\/p>\n<p>18 novembre : si proches de l\u2019exploit<\/p>\n<p><img loading=\"lazy\" decoding=\"async\" width=\"1024\" height=\"683\" src=\"data:image\/svg+xml,%3Csvg%20xmlns=\" http:=\"\" alt=\"\" class=\"wp-image-12608\" style=\"width:666px;height:auto\" data-lazy- data-lazy- data-lazy-src=\"https:\/\/www.europesays.com\/fr\/wp-content\/uploads\/2026\/01\/11_18_2025-11-18_FHC-GRE-110650-imag-1-1024x683.jpg\"\/><\/p>\n<p>En 1\/8\u00e8me de finale de Champions Hockey League, les BDL h\u00e9ritent du quadruple vainqueur de la comp\u00e9tition : Fr\u00f6lunda Gothenburg ! Battus 1-3 \u00e0 l\u2019aller \u00e0 Polesud, les Grenoblois se rendent \u00e0 G\u00f6teborg pour tenter de r\u00e9aliser un nouvel exploit.<\/p>\n<p>Dans une rencontre o\u00f9 ils tiennent t\u00eate aux Su\u00e9dois durant plus d\u2019une demi-heure, les BDL conc\u00e8dent n\u00e9anmoins l\u2019ouverture du score \u00e0 la 35\u00e8me minute. Mais l\u2019abn\u00e9gation is\u00e9roise est gigantesque cette ann\u00e9e et les hommes de Per Hanberg et Edo Terglav renversent une nouvelle fois la situation. Alexis Binner \u00e9galise dans la foul\u00e9e, avant qu\u2019Alexandre Mallet ne donne l\u2019avantage aux siens \u00e0 un quart d\u2019heure du terme (1-2).<\/p>\n<p>Les BDL poussent jusqu\u2019au bout pour inscrire un 3\u00e8me but, synonyme de prolongation, en vain. Malgr\u00e9 un exploit retentissant avec ce succ\u00e8s \u00e0 Fr\u00f6lunda, les BDL s\u2019inclinent 4-3 sur la confrontation aller-retour et quittent la comp\u00e9tition avec les honneurs.<\/p>\n<p>Le film du match \u00e0 Fr\u00f6lunda est disponible sur la cha\u00eene YouTube des Br\u00fbleurs de Loups :<\/p>\n<\/p>\n<p>Merci 2025, rendez-vous en 2026<\/p>\n<p>L\u2019ann\u00e9e 2025 restera assur\u00e9ment comme une ann\u00e9e extraordinaire pour les Br\u00fbleurs de Loups. Au-del\u00e0 des victoires, les \u00e9motions transmises par l\u2019\u00e9quipe et partag\u00e9es avec l\u2019ensemble des supporters auront marqu\u00e9 \u00e0 jamais les esprits de chacun.<\/p>\n<p><strong>Merci 2025 ! Place d\u00e9sormais \u00e0 2026, avec de nouvelles histoires \u00e0 \u00e9crire, ensemble.<\/strong><\/p>\n<p><img loading=\"lazy\" decoding=\"async\" width=\"1024\" height=\"683\" src=\"data:image\/svg+xml,%3Csvg%20xmlns=\" http:=\"\" alt=\"\" class=\"wp-image-12609\" style=\"width:623px;height:auto\" data-lazy- data-lazy- data-lazy-src=\"https:\/\/www.europesays.com\/fr\/wp-content\/uploads\/2026\/01\/10_08_R6M25277-1024x683.jpg\"\/><\/p>\n","protected":false},"excerpt":{"rendered":"L\u2019ann\u00e9e 2025 fut riche en \u00e9v\u00e8nements marquants, en exploits sportifs et en \u00e9motions inoubliables pour notre club. Retour&hellip;\n","protected":false},"author":2,"featured_media":633848,"comment_status":"","ping_status":"","sticky":false,"template":"","format":"standard","meta":{"footnotes":""},"categories":[9566],"tags":[1111,11,2430,1777,674,1011,27,2731,12,25],"class_list":{"0":"post-633847","1":"post","2":"type-post","3":"status-publish","4":"format-standard","5":"has-post-thumbnail","7":"category-grenoble","8":"tag-actu","9":"tag-actualites","10":"tag-auvergne-rhone-alpes","11":"tag-eu","12":"tag-europe","13":"tag-fr","14":"tag-france","15":"tag-grenoble","16":"tag-news","17":"tag-republique-francaise"},"share_on_mastodon":{"url":"https:\/\/pubeurope.com\/@fr\/115818985170671798","error":""},"_links":{"self":[{"href":"https:\/\/www.europesays.com\/fr\/wp-json\/wp\/v2\/posts\/633847","targetHints":{"allow":["GET"]}}],"collection":[{"href":"https:\/\/www.europesays.com\/fr\/wp-json\/wp\/v2\/posts"}],"about":[{"href":"https:\/\/www.europesays.com\/fr\/wp-json\/wp\/v2\/types\/post"}],"author":[{"embeddable":true,"href":"https:\/\/www.europesays.com\/fr\/wp-json\/wp\/v2\/users\/2"}],"replies":[{"embeddable":true,"href":"https:\/\/www.europesays.com\/fr\/wp-json\/wp\/v2\/comments?post=633847"}],"version-history":[{"count":0,"href":"https:\/\/www.europesays.com\/fr\/wp-json\/wp\/v2\/posts\/633847\/revisions"}],"wp:featuredmedia":[{"embeddable":true,"href":"https:\/\/www.europesays.com\/fr\/wp-json\/wp\/v2\/media\/633848"}],"wp:attachment":[{"href":"https:\/\/www.europesays.com\/fr\/wp-json\/wp\/v2\/media?parent=633847"}],"wp:term":[{"taxonomy":"category","embeddable":true,"href":"https:\/\/www.europesays.com\/fr\/wp-json\/wp\/v2\/categories?post=633847"},{"taxonomy":"post_tag","embeddable":true,"href":"https:\/\/www.europesays.com\/fr\/wp-json\/wp\/v2\/tags?post=633847"}],"curies":[{"name":"wp","href":"https:\/\/api.w.org\/{rel}","templated":true}]}}