{"id":633849,"date":"2026-01-01T08:50:12","date_gmt":"2026-01-01T08:50:12","guid":{"rendered":"https:\/\/www.europesays.com\/fr\/633849\/"},"modified":"2026-01-01T08:50:12","modified_gmt":"2026-01-01T08:50:12","slug":"cest-ici-que-tout-a-commence-comment-nathalie-cousin-alias-billy-ze-kick-est-devenue-rennaise","status":"publish","type":"post","link":"https:\/\/www.europesays.com\/fr\/633849\/","title":{"rendered":"\u00ab\u00a0C&rsquo;est ici que tout a commenc\u00e9 \u00bb\u00a0: comment Nathalie Cousin, alias Billy Ze Kick, est devenue rennaise"},"content":{"rendered":"<p>\u00ab L\u2019aura musicale de Rennes m\u2019a imm\u00e9diatement attir\u00e9e. Quand je m\u2019y suis install\u00e9e en 1983, \u00e0 20 ans, je revenais de trois ann\u00e9es pass\u00e9es en Angleterre. La ville m\u2019a tout de suite rappel\u00e9 Londres, par cette atmosph\u00e8re rock qu\u2019on ne retrouve pas partout.<\/p>\n<blockquote><p>La ville a su pr\u00e9server cette culture et une certaine bienveillance, m\u00eame si la sc\u00e8ne a \u00e9volu\u00e9<\/p><\/blockquote>\n<p>Les premiers pas \u00e0 Rennes<\/p>\n<p>Mon premier souvenir, c\u2019est la cit\u00e9 universitaire de Villejean. C\u2019est ici que tout a commenc\u00e9. Il y avait une v\u00e9ritable effervescence musicale. Tout le monde avait un groupe et on jouait dans les amphith\u00e9\u00e2tres. C\u2019est dans l\u2019un d\u2019entre eux que je suis mont\u00e9e pour la premi\u00e8re fois sur sc\u00e8ne avec mon groupe Les Passants. L\u2019ambiance \u00e9tait vraiment bon enfant, surtout pas bling-bling. Au contraire. C\u2019\u00e9tait tr\u00e8s militant, voire anarchiste. Les concerts servaient surtout \u00e0 se rencontrer.<\/p>\n<p>\u00c0 l\u2019\u00e9poque, j\u2019\u00e9tais une v\u00e9ritable marcheuse. Pour aller dans le centre-ville, c\u2019\u00e9tait toujours \u00e0 pied. Je fl\u00e2nais, je m\u2019impr\u00e9gnais de la ville, parce que je ne connaissais encore personne. J\u2019ai commenc\u00e9 \u00e0 rep\u00e9rer des endroits o\u00f9 je me sentais bien, comme la rue de Saint-Malo. Les concerts aidant, je me suis vite trouv\u00e9 une bande. On allait \u00e0 La Trinquette, puis \u00e0 L\u2019Ozone. On parlait, on se disputait, on montait des fanzines. Pour continuer la soir\u00e9e, on finissait souvent au pub Satory, sur le Mail. Vers 4 h du matin, on sortait chercher des croissants, avant de retourner \u00e0 nos vies d\u2019\u00e9tudiants. C\u2019est de cette p\u00e9riode qu\u2019est n\u00e9 Billy Ze Kick.<\/p>\n<p><strong><strong><strong><strong>\u00ab Comment je suis devenu rennais \u00bb, un dossier \u00e0 retrouver dans le Mensuel de Rennes de janvier<\/strong><\/strong><\/strong><\/strong><br \/>Chaque ann\u00e9e, des milliers de personnes s\u2019installent \u00e0 Rennes. Comment devient-on pleinement membre de la cit\u00e9 ? Des personnalit\u00e9s de la ville, qui furent un jour de nouveaux arrivants, livrent au Mensuel de Rennes le r\u00e9cit intime de leur parcours d\u2019habitant, du tout premier jour \u00e0 aujourd\u2019hui. \u00c0 retrouver dans les kiosques ce vendredi 2 janvier.<\/p>\n<p>Mes souvenirs les plus marquants<\/p>\n<p>Mon lieu de pr\u00e9dilection, c\u2019est le parc de Br\u00e9quigny. Je l\u2019ai d\u00e9couvert quand je suis revenue \u00e0 Rennes en 2000, apr\u00e8s quelques ann\u00e9es \u00e0 Paris. J\u2019y viens souvent pour me ressourcer, me rapprocher de la nature. Ce parc repr\u00e9sente \u00e0 la fois un moment de tristesse et un moment d\u2019amour. Un jour, en m\u2019y promenant, j\u2019ai vu des piquets plant\u00e9s autour de la pataugeoire des enfants, en vue d\u2019un futur grillage. \u00c7a m\u2019a choqu\u00e9e. J\u2019ai eu le sentiment qu\u2019on ab\u00eemait une perspective, une respiration. Mon vieux r\u00e9flexe militant a repris le dessus : j\u2019ai \u00e9crit aux \u00e9lus, distribu\u00e9 des tracts. Puis, les piquets ont disparu. Dans un article, j\u2019ai d\u00e9couvert qu\u2019ils avaient servi \u00e0 \u00e9crire le mot \u201clibert\u00e9\u201d. Quelque temps plus tard, mon compagnon m\u2019a avou\u00e9 que c\u2019\u00e9tait lui qui les avait retir\u00e9s, de nuit. Sans cela, je suis persuad\u00e9e que le grillage serait toujours l\u00e0.<\/p>\n<p><img decoding=\"async\" src=\"https:\/\/www.europesays.com\/fr\/wp-content\/uploads\/2026\/01\/694a69e4f3a7ddc4af0d78f8.1.jpeg\" width=\"480\" height=\"300\" class=\"web_golden_m\" loading=\"lazy\" alt=\"Billy ze kick a connu un gros succ\u00e8s avec son titre \u00ab\u00a0Mangez-moi\u00a0! Mangez-moi\u00a0!\u00a0\u00bb, qui raconte une cueillette de champignons\u00a0hallucinog\u00e8nes. Un tube qui leur vaudra une attaque en justice en octobre\u00a01994 pour \u00ab\u00a0incitation \u00e0 l\u2019usage de stup\u00e9fiants\u00a0\u00bb, sold\u00e9e par un non-lieu.\"\/>Billy ze kick a connu un gros succ\u00e8s avec son titre \u00ab\u00a0Mangez-moi\u00a0! Mangez-moi\u00a0!\u00a0\u00bb, qui raconte une cueillette de champignons\u00a0hallucinog\u00e8nes. Un tube qui leur vaudra une attaque en justice en octobre\u00a01994 pour \u00ab\u00a0incitation \u00e0 l\u2019usage de stup\u00e9fiants\u00a0\u00bb, sold\u00e9e par un non-lieu. (David Brunet\/Le Mensuel de Rennes)Ce que la ville m\u2019a apport\u00e9<\/p>\n<p>Rennes m\u2019a donn\u00e9 une v\u00e9ritable aura musicale, nourrie par les l\u00e9gendes celtiques et une tradition militante. Ailleurs, j\u2019aurais sans doute eu une vie artistique mais elle aurait \u00e9t\u00e9 diff\u00e9rente. La ville a su pr\u00e9server cette culture et une certaine bienveillance, m\u00eame si la sc\u00e8ne a \u00e9volu\u00e9. \u00c0 mon \u00e9poque, on pouvait jouer partout, dans de nombreux lieux, et pas seulement \u00e0 Rennes. Aujourd\u2019hui, <a href=\"https:\/\/www.letelegramme.fr\/ille-et-vilaine\/rennes-35000\/a-rennes-le-retour-en-grace-des-cafes-concerts-6777618.php\" target=\"_blank\" rel=\"noopener\">les bars-concerts sont moins nombreux<\/a>. Peut-\u00eatre que les gens sont devenus moins tol\u00e9rants au bruit. Pourtant, la sc\u00e8ne reste tr\u00e8s active. Quand je r\u00e9p\u00e8te au Jardin Moderne, je croise les nouvelles g\u00e9n\u00e9rations, notamment de nombreuses artistes f\u00e9minines. La ville change, mais elle garde son \u00e2me musicale. \u00bb<\/p>\n","protected":false},"excerpt":{"rendered":"\u00ab L\u2019aura musicale de Rennes m\u2019a imm\u00e9diatement attir\u00e9e. Quand je m\u2019y suis install\u00e9e en 1983, \u00e0 20 ans,&hellip;\n","protected":false},"author":2,"featured_media":633850,"comment_status":"","ping_status":"","sticky":false,"template":"","format":"standard","meta":{"footnotes":""},"categories":[2821],"tags":[1111,11,829,251,3173,765,1777,674,1011,27,848,873,12,584,25],"class_list":{"0":"post-633849","1":"post","2":"type-post","3":"status-publish","4":"format-standard","5":"has-post-thumbnail","7":"category-rennes","8":"tag-actu","9":"tag-actualites","10":"tag-bretagne","11":"tag-culture","12":"tag-culture-a-rennes","13":"tag-en-continu","14":"tag-eu","15":"tag-europe","16":"tag-fr","17":"tag-france","18":"tag-ille-et-vilaine","19":"tag-musique","20":"tag-news","21":"tag-rennes","22":"tag-republique-francaise"},"share_on_mastodon":{"url":"https:\/\/pubeurope.com\/@fr\/115818989134469721","error":""},"_links":{"self":[{"href":"https:\/\/www.europesays.com\/fr\/wp-json\/wp\/v2\/posts\/633849","targetHints":{"allow":["GET"]}}],"collection":[{"href":"https:\/\/www.europesays.com\/fr\/wp-json\/wp\/v2\/posts"}],"about":[{"href":"https:\/\/www.europesays.com\/fr\/wp-json\/wp\/v2\/types\/post"}],"author":[{"embeddable":true,"href":"https:\/\/www.europesays.com\/fr\/wp-json\/wp\/v2\/users\/2"}],"replies":[{"embeddable":true,"href":"https:\/\/www.europesays.com\/fr\/wp-json\/wp\/v2\/comments?post=633849"}],"version-history":[{"count":0,"href":"https:\/\/www.europesays.com\/fr\/wp-json\/wp\/v2\/posts\/633849\/revisions"}],"wp:featuredmedia":[{"embeddable":true,"href":"https:\/\/www.europesays.com\/fr\/wp-json\/wp\/v2\/media\/633850"}],"wp:attachment":[{"href":"https:\/\/www.europesays.com\/fr\/wp-json\/wp\/v2\/media?parent=633849"}],"wp:term":[{"taxonomy":"category","embeddable":true,"href":"https:\/\/www.europesays.com\/fr\/wp-json\/wp\/v2\/categories?post=633849"},{"taxonomy":"post_tag","embeddable":true,"href":"https:\/\/www.europesays.com\/fr\/wp-json\/wp\/v2\/tags?post=633849"}],"curies":[{"name":"wp","href":"https:\/\/api.w.org\/{rel}","templated":true}]}}