{"id":633855,"date":"2026-01-01T08:54:09","date_gmt":"2026-01-01T08:54:09","guid":{"rendered":"https:\/\/www.europesays.com\/fr\/633855\/"},"modified":"2026-01-01T08:54:09","modified_gmt":"2026-01-01T08:54:09","slug":"la-facture-salee-pour-les-automobilistes","status":"publish","type":"post","link":"https:\/\/www.europesays.com\/fr\/633855\/","title":{"rendered":"la facture sal\u00e9e pour les automobilistes"},"content":{"rendered":"<p>                    Par<br \/>\n        <strong><br \/>\n            <a href=\"https:\/\/actu.fr\/auteur\/ugo-maillard\" title=\"Consulter tous les articles de Ugo Maillard\" target=\"_blank\" rel=\"noopener\">Ugo Maillard<\/a><br \/>\n                    <\/strong><\/p>\n<p>        Publi\u00e9 le<\/p>\n<p>            1 janv. 2026 \u00e0 8h14        <\/p>\n<p>Une deuxi\u00e8me place en France qui ne devrait pas ravir les Ni\u00e7ois. En 2024, le montant des amendes dress\u00e9s en raison d\u2019un stationnement non acquitt\u00e9 est \u00e9valu\u00e9 \u00e0 <strong>10\u2009054\u2009635\u00a0\u20ac<\/strong> dans les rues de Nice (<a href=\"https:\/\/actu.fr\/provence-alpes-cote-d-azur\/alpes-maritimes_06\" target=\"_blank\" rel=\"noopener\">Alpes-Maritimes<\/a>). Derri\u00e8re Paris et ses pr\u00e8s de 180\u00a0millions d\u2019euros, la capitale azur\u00e9enne se positionne au second rang des villes o\u00f9 les amendes pour stationnement sont les plus lucratives. Un montant en hausse de 13\u2009%, par rapport \u00e0 2023, selon les donn\u00e9es d\u2019Autoplus.<\/p>\n<p class=\" wall-content\">Une recette totale de 10\u00a0millions d\u2019euros impressionnante alors que le Forfait de post-stationnement (FPS) est dans la moyenne basse des amendes en France puisqu\u2019il est fix\u00e9 \u00e0<strong> 25\u00a0euros \u00e0 Nice.<\/strong><\/p>\n<p>21\u2009000 contr\u00f4les par jour<\/p>\n<p class=\" wall-content\">Pour contr\u00f4ler le parc d\u2019environ <strong>13000 places de stationnement<\/strong>, la Ville de <a href=\"https:\/\/actu.fr\/nice\/\" target=\"_blank\" rel=\"noopener\">Nice<\/a> fait appel \u00e0 une soci\u00e9t\u00e9 priv\u00e9e qui emploie des agents pi\u00e9tons qui contr\u00f4lent dans toutes les communes si le paiement est bien effectu\u00e9 par les automobilistes. Depuis quelques ann\u00e9es, il existe \u00e9galement des voitures priv\u00e9es circulant dans toutes les rues ni\u00e7oises.<\/p>\n<p class=\" wall-content\">Selon Ga\u00ebl Nofri, interrog\u00e9 par nos confr\u00e8res de<a href=\"https:\/\/www.nicematin.com\/societe\/vie-locale\/nice-deuxieme-ville-de-france-ou-la-verbalisation-liee-au-non-paiement-du-stationnement-rapporte-le-plus-combien-cela-represente-t-il-exactement-10662388\" target=\"_blank\" rel=\"noopener\"> Nice-Matin<\/a>, l\u2019objectif fix\u00e9 \u00e0 l\u2019entreprise Streeteo est de \u00ab\u200921\u2009000 contr\u00f4les par jour\u2009\u00bb. \u00ab\u2009On a demand\u00e9 que deux tiers des contr\u00f4les soient faits par des agents au sol, et non par des voitures verbalisatrices, pour garder cette part d\u2019humain, mais aussi pour faire des contr\u00f4les des cartes des personnes \u00e0 mobilit\u00e9 r\u00e9duite\u2009\u00bb, poursuit l\u2019adjoint aux transports de Christian Estrosi.<\/p>\n<p>Un budget pour l\u2019investissement<\/p>\n<p class=\" wall-content\">Ces 10\u00a0millions d\u2019euros r\u00e9colt\u00e9s gr\u00e2ce aux mauvais payeurs sont \u00e0 ajouter aux 10\u00a0millions obtenus gr\u00e2ce aux bons payeurs. Une somme de 20\u00a0millions \u00e0 laquelle il faut soustraire environ 3\u00a0millions d\u2019euros permettant de financer le contrat de l\u2019entreprise priv\u00e9e en charge des contr\u00f4les.<\/p>\n<p class=\" wall-content\">Selon les dires de l\u2019\u00e9lu aupr\u00e8s de TF1, \u00ab\u2009ces 16 ou 17\u00a0millions d\u2019euros repr\u00e9sentent aujourd\u2019hui 20\u2009% des investissements totaux que nous faisons sur la circulation, les \u00e9largissements, les voiries, la cr\u00e9ation de nouvelles places de stationnement\u2009\u00bb.<\/p>\n<p class=\" wall-content\">Personnalisez votre actualit\u00e9 en ajoutant vos villes et m\u00e9dias en favori avec <a href=\"https:\/\/moncompte.actu.fr\" title=\"D\u00e9couvez Mon Actu\" rel=\"nofollow noopener\" data-trk=\"{&quot;cta&quot;:{&quot;action&quot;:&quot;https:\\\/\\\/moncompte.actu.fr&quot;,&quot;category&quot;:&quot;mon compte&quot;,&quot;from&quot;:&quot;article footer&quot;,&quot;name&quot;:&quot;Mon actu&quot;,&quot;type&quot;:&quot;cta&quot;}}\" target=\"_blank\">Mon Actu<\/a>.<\/p>\n","protected":false},"excerpt":{"rendered":"Par Ugo Maillard Publi\u00e9 le 1 janv. 2026 \u00e0 8h14 Une deuxi\u00e8me place en France qui ne devrait&hellip;\n","protected":false},"author":2,"featured_media":633856,"comment_status":"","ping_status":"","sticky":false,"template":"","format":"standard","meta":{"footnotes":""},"categories":[2819],"tags":[1111,11,1777,674,1011,27,12,2401,882,25,104,6173],"class_list":{"0":"post-633855","1":"post","2":"type-post","3":"status-publish","4":"format-standard","5":"has-post-thumbnail","7":"category-nice","8":"tag-actu","9":"tag-actualites","10":"tag-eu","11":"tag-europe","12":"tag-fr","13":"tag-france","14":"tag-news","15":"tag-nice","16":"tag-provence-alpes-cote-dazur","17":"tag-republique-francaise","18":"tag-societe","19":"tag-stationnement"},"share_on_mastodon":{"url":"https:\/\/pubeurope.com\/@fr\/115819005251910509","error":""},"_links":{"self":[{"href":"https:\/\/www.europesays.com\/fr\/wp-json\/wp\/v2\/posts\/633855","targetHints":{"allow":["GET"]}}],"collection":[{"href":"https:\/\/www.europesays.com\/fr\/wp-json\/wp\/v2\/posts"}],"about":[{"href":"https:\/\/www.europesays.com\/fr\/wp-json\/wp\/v2\/types\/post"}],"author":[{"embeddable":true,"href":"https:\/\/www.europesays.com\/fr\/wp-json\/wp\/v2\/users\/2"}],"replies":[{"embeddable":true,"href":"https:\/\/www.europesays.com\/fr\/wp-json\/wp\/v2\/comments?post=633855"}],"version-history":[{"count":0,"href":"https:\/\/www.europesays.com\/fr\/wp-json\/wp\/v2\/posts\/633855\/revisions"}],"wp:featuredmedia":[{"embeddable":true,"href":"https:\/\/www.europesays.com\/fr\/wp-json\/wp\/v2\/media\/633856"}],"wp:attachment":[{"href":"https:\/\/www.europesays.com\/fr\/wp-json\/wp\/v2\/media?parent=633855"}],"wp:term":[{"taxonomy":"category","embeddable":true,"href":"https:\/\/www.europesays.com\/fr\/wp-json\/wp\/v2\/categories?post=633855"},{"taxonomy":"post_tag","embeddable":true,"href":"https:\/\/www.europesays.com\/fr\/wp-json\/wp\/v2\/tags?post=633855"}],"curies":[{"name":"wp","href":"https:\/\/api.w.org\/{rel}","templated":true}]}}