{"id":633873,"date":"2026-01-01T09:05:10","date_gmt":"2026-01-01T09:05:10","guid":{"rendered":"https:\/\/www.europesays.com\/fr\/633873\/"},"modified":"2026-01-01T09:05:10","modified_gmt":"2026-01-01T09:05:10","slug":"lincendie-criminel-dune-superette-fait-11-blesses-dans-le-15e-arrondissement-de-marseille","status":"publish","type":"post","link":"https:\/\/www.europesays.com\/fr\/633873\/","title":{"rendered":"L&rsquo;incendie criminel d&rsquo;une sup\u00e9rette fait 11 bless\u00e9s dans le 15e arrondissement de Marseille"},"content":{"rendered":"<p>Les sir\u00e8nes des marins-pompiers ont tir\u00e9 de leur sommeil les habitants du quartier Saint-Louis aux aurores mercredi. En cette heure matinale du 31\u00a0d\u00e9cembre, les camions du Bataillon convergeaient tous vers une m\u00eame adresse\u00a0: le n\u00b0\u00a082 de la <a href=\"https:\/\/www.laprovence.com\/article\/faits-divers-justice\/2666985054182314\/marseille-la-dz-mafia-carte-de-visite-pour-malfrats-opportunistes\" target=\"_blank\" rel=\"noopener\">rue Le Chatelier,<\/a> dans le 15e arrondissement de Marseille.<\/p>\n<p>Arriv\u00e9s avec 16 engins, pr\u00e8s d\u2019une cinquantaine de <a href=\"https:\/\/www.laprovence.com\/article\/region\/26840293613750\/pour-les-marins-pompiers-de-marseille-une-fin-dannee-chargee-apres-un-exercice-record\" target=\"_blank\" rel=\"noopener\">marins-pompiers<\/a> ont lutt\u00e9 pendant deux heures avant de venir \u00e0 bout de l\u2019incendie qui s\u2019\u00e9tait d\u00e9clar\u00e9 dans un magasin d\u2019alimentation situ\u00e9 au rez-de-chauss\u00e9e d\u2019un b\u00e2timent d\u2019habitation de 2 \u00e9tages.<\/p>\n<p>L&#8217;employ\u00e9 asperg\u00e9 de liquide inflammable<\/p>\n<p>Le sinistre n\u2019aurait rien d\u2019accidentel, puisque les premiers \u00e9l\u00e9ments de l\u2019enqu\u00eate indiquent qu\u2019un <a href=\"https:\/\/www.laprovence.com\/article\/faits-divers-justice\/84439278017975\/une-octogenaire-agressee-chez-elle-et-depouillee-par-3-individus-cagoules-a-istres\" target=\"_blank\" rel=\"noopener\">individu cagoul\u00e9<\/a> aurait fait irruption vers 6\u00a0heures du matin dans cette sup\u00e9rette ouverte 24h\/24 avec un bidon dans les mains, avant de r\u00e9pandre un liquide inflammable au sol.<\/p>\n<p>L\u2019employ\u00e9 qui se trouvait dans le commerce, lui-m\u00eame asperg\u00e9 de produit inflammable avant que l\u2019assaillant ne mette le feu, ne doit son salut qu\u2019\u00e0 la r\u00e9activit\u00e9 qui lui a permis de prendre la fuite du magasin pour grimper se r\u00e9fugier dans les \u00e9tages.<\/p>\n<p>Intoxiqu\u00e9es par les fum\u00e9es, ce sont au total 11 victimes encore en pyjama qui ont \u00e9t\u00e9 prises en charge par les marins-pompiers, alors que les techniciens de la police scientifique s\u2019attelaient d\u00e9j\u00e0 aux premi\u00e8res constatations.<\/p>\n<p>Pour certaines d\u2019entre elles, l\u2019\u00e9pisode avait un arri\u00e8re-go\u00fbt de d\u00e9j\u00e0-vu, puisqu\u2019en\u00a02024, cette m\u00eame sup\u00e9rette &#8211; l\u2019<a href=\"https:\/\/www.laprovence.com\/article\/region\/127990637147715\/une-superette-attaquee-a-l-arme-lourde-et-incendiee-a-marseille\" target=\"_blank\" rel=\"noopener\">alimentation des 4 chemins<\/a>, situ\u00e9e \u00e0 l\u2019angle de la rue Le Chatelier et de l\u2019avenue <a href=\"https:\/\/www.laprovence.com\/article\/region\/9607857502298914\/marseille-30-ans-apres-le-meurtre-dibrahim-ali-le-21-fevrier-1995-le-temps-sest-arrete-a-la-savine\" target=\"_blank\" rel=\"noopener\">Ibrahim Ali<\/a> &#8211; avait \u00e9t\u00e9 vis\u00e9e par des tirs qui avaient provoqu\u00e9 un incendie.<\/p>\n<p>La sup\u00e9rette avait d\u00e9j\u00e0 \u00e9t\u00e9 vis\u00e9e en 2024<\/p>\n<p>\u00c0 l\u2019\u00e9poque, c\u2019est vers 2h30 du matin que les riverains de la rue Le Chatelier avaient \u00e9t\u00e9 brutalement r\u00e9veill\u00e9s par des d\u00e9tonations. Et pour cause\u00a0: plusieurs individus venaient de tirer sur la devanture du commerce. Il n\u2019y avait pas eu de bless\u00e9s par balle, mais des clients avaient pris la fuite en courant, avant que ce petit magasin d\u2019une trentaine de m\u00e8tres carr\u00e9s ne soit d\u00e9truit par un incendie, vraisemblablement provoqu\u00e9 par un engin incendiaire jet\u00e9 par les tireurs pr\u00e9sum\u00e9s avant qu\u2019ils ne prennent la fuite en voiture.<\/p>\n<p>Le parquet de Marseille a confi\u00e9 l\u2019enqu\u00eate sur cette nouvelle attaque cibl\u00e9e, ouverte pour tentative d\u2019homicide, \u00e0 la <a href=\"https:\/\/www.laprovence.com\/article\/faits-divers-justice\/1350807293098114\/marseille-ligote-et-baillonne-un-commercant-braque-violemment-a-son-domicile-dans-les-quartiers-nord\" target=\"_blank\" rel=\"noopener\">BRB<\/a> (brigade de r\u00e9pression du banditisme).<\/p>\n","protected":false},"excerpt":{"rendered":"Les sir\u00e8nes des marins-pompiers ont tir\u00e9 de leur sommeil les habitants du quartier Saint-Louis aux aurores mercredi. En&hellip;\n","protected":false},"author":2,"featured_media":633874,"comment_status":"","ping_status":"","sticky":false,"template":"","format":"standard","meta":{"footnotes":""},"categories":[2814],"tags":[5734,1111,11,4901,33526,1446,4440,1777,674,21,274,1011,27,5022,884,12,882,25,74227],"class_list":{"0":"post-633873","1":"post","2":"type-post","3":"status-publish","4":"format-standard","5":"has-post-thumbnail","7":"category-marseille","8":"tag-5734","9":"tag-actu","10":"tag-actualites","11":"tag-blesses","12":"tag-criminel","13":"tag-dans","14":"tag-dune","15":"tag-eu","16":"tag-europe","17":"tag-fait","18":"tag-faits-divers-justice","19":"tag-fr","20":"tag-france","21":"tag-lincendie","22":"tag-marseille","23":"tag-news","24":"tag-provence-alpes-cote-dazur","25":"tag-republique-francaise","26":"tag-superette"},"share_on_mastodon":{"url":"https:\/\/pubeurope.com\/@fr\/115819048249652248","error":""},"_links":{"self":[{"href":"https:\/\/www.europesays.com\/fr\/wp-json\/wp\/v2\/posts\/633873","targetHints":{"allow":["GET"]}}],"collection":[{"href":"https:\/\/www.europesays.com\/fr\/wp-json\/wp\/v2\/posts"}],"about":[{"href":"https:\/\/www.europesays.com\/fr\/wp-json\/wp\/v2\/types\/post"}],"author":[{"embeddable":true,"href":"https:\/\/www.europesays.com\/fr\/wp-json\/wp\/v2\/users\/2"}],"replies":[{"embeddable":true,"href":"https:\/\/www.europesays.com\/fr\/wp-json\/wp\/v2\/comments?post=633873"}],"version-history":[{"count":0,"href":"https:\/\/www.europesays.com\/fr\/wp-json\/wp\/v2\/posts\/633873\/revisions"}],"wp:featuredmedia":[{"embeddable":true,"href":"https:\/\/www.europesays.com\/fr\/wp-json\/wp\/v2\/media\/633874"}],"wp:attachment":[{"href":"https:\/\/www.europesays.com\/fr\/wp-json\/wp\/v2\/media?parent=633873"}],"wp:term":[{"taxonomy":"category","embeddable":true,"href":"https:\/\/www.europesays.com\/fr\/wp-json\/wp\/v2\/categories?post=633873"},{"taxonomy":"post_tag","embeddable":true,"href":"https:\/\/www.europesays.com\/fr\/wp-json\/wp\/v2\/tags?post=633873"}],"curies":[{"name":"wp","href":"https:\/\/api.w.org\/{rel}","templated":true}]}}