{"id":633876,"date":"2026-01-01T09:07:16","date_gmt":"2026-01-01T09:07:16","guid":{"rendered":"https:\/\/www.europesays.com\/fr\/633876\/"},"modified":"2026-01-01T09:07:16","modified_gmt":"2026-01-01T09:07:16","slug":"ce-qui-change-au-1er-janvier-2026-a-lyon","status":"publish","type":"post","link":"https:\/\/www.europesays.com\/fr\/633876\/","title":{"rendered":"ce qui change au 1er janvier 2026 \u00e0 Lyon"},"content":{"rendered":"<p>                    Par<br \/>\n        <strong><br \/>\n            <a href=\"https:\/\/actu.fr\/auteur\/emma-ressegaire\" title=\"Consulter tous les articles de Emma Ressegaire\" target=\"_blank\" rel=\"noopener\">Emma Ressegaire<\/a><br \/>\n                    <\/strong><\/p>\n<p>        Publi\u00e9 le<\/p>\n<p>            1 janv. 2026 \u00e0 6h52        <\/p>\n<p>Qui dit nouvelle ann\u00e9e dit changements.\u00a0<\/p>\n<p class=\" wall-content\">Au 1er janvier 2026, <strong>quelques nouvelles mesures entrent en vigueur<\/strong> \u00e0 <a href=\"https:\/\/actu.fr\/lyon\/dernieres-actus\" target=\"_blank\" rel=\"noopener\">Lyon.<\/a><\/p>\n<p>1. Une taxe d\u2019am\u00e9nagement supprim\u00e9e<\/p>\n<p class=\" wall-content\">La taxe d\u2019am\u00e9nagement<strong> sur les changements de destination de b\u00e2timents<\/strong>, c\u2019est-\u00e0-dire le fait de modifier l\u2019affectation d\u2019un b\u00e2timent, par exemple, du bureau vers le logement, est supprim\u00e9e. Une d\u00e9cision prise, en juillet dernier, par la M\u00e9tropole de Lyon.<\/p>\n<p class=\" wall-content\">Pour rappel, cette taxe est adress\u00e9e \u00e0 toutes les op\u00e9rations d\u2019am\u00e9nagement, de construction ou d\u2019agrandissement des b\u00e2timents<strong> soumises \u00e0 autorisations d\u2019urbanisme.<\/strong> Cette derni\u00e8re permet ainsi de participer au financement d\u2019\u00e9quipements publics (voiries, \u00e9coles, transports\u2026) Depuis d\u00e9but 2025, la taxe s\u2019\u00e9tendait aux modifications d\u2019affectation d\u2019un b\u00e2timent.<\/p>\n<p class=\" wall-content\">Mais cette loi de finances stipule n\u00e9anmoins que celle-ci peut \u00eatre exon\u00e9r\u00e9e \u00e0 la demande de la collectivit\u00e9. C\u2019est d\u00e9sormais chose faite.<strong> Dans un contexte de crise immobili\u00e8re,<\/strong> la M\u00e9tropole de Lyon souhaite faciliter la production de logements. Une mesure qui s\u2019inscrit dans \u00ab\u00a0une logique vertueuse\u00a0\u00bb avait alors d\u00e9clar\u00e9 Bruno Bernard, pr\u00e9sident de la M\u00e9tropole de Lyon.<\/p>\n<p>2. R\u00e9duction de la dur\u00e9e des locations touristiques<\/p>\n<p class=\" wall-content\">\u00c0 partir du 1\u1d49\u02b3 janvier 2026, la Ville de Lyon r\u00e9duit la dur\u00e9e maximale de location touristique d\u2019une r\u00e9sidence principale (<a href=\"https:\/\/actu.fr\/auvergne-rhone-alpes\/lyon_69123\/lyon-dans-le-top-des-villes-les-plus-recherchees-sur-airbnb-en-2024_60459261.html\" target=\"_blank\" rel=\"noopener\">Airbnb<\/a>, etc). Une d\u00e9cision prise par la collectivit\u00e9 afin de <strong>lutter contre la prolif\u00e9ration des locations touristiques<\/strong> dans la capitale des Gaules.<\/p>\n<p class=\" wall-content\">Jusqu\u2019ici, un propri\u00e9taire pouvait louer jusqu\u2019\u00e0 120 jours par an son logement principal \u00e0 des touristes. D\u00e9sormais, ce sera <strong>90 jours maximum par ann\u00e9e<\/strong>. Ce durcissement s\u2019appuie sur une loi du 19 novembre 2024 qui offre aux communes la possibilit\u00e9 de fixer elles-m\u00eames le plafond annuel entre 90 et 120 jours. Un plafond d\u00e9j\u00e0 en vigueur dans plusieurs capitales europ\u00e9ennes, comme\u00a0Paris.<\/p>\n<p>Votre r\u00e9gion, votre actu !<\/p>\n<p>Recevez chaque jour les infos qui comptent pour vous.<\/p>\n<p>\t<a href=\"https:\/\/actu.fr\/newsletter\" class=\"ac-btn ac-btn--corner ac-btn--medium ac-btn--blue800\" target=\"_blank\" rel=\"noopener\">S&rsquo;incrire<\/a><br \/>\n3. Un DPE plus avantageux pour les logements chauff\u00e9s \u00e0 l\u2019\u00e9lectrique<\/p>\n<p class=\" wall-content\">Cela concerne toute la France mais les logements chauff\u00e9s \u00e0 l\u2019\u00e9lectricit\u00e9 \u00e9tant nombreux dans la m\u00e9tropole de Lyon, il est donc important de savoir que le calcul du diagnostic de performance \u00e9nerg\u00e9tique (DPE) va changer d\u00e8s le 1er janvier 2026.<\/p>\n<p class=\" wall-content\">Cette fois, le nouveau calcul doit \u00eatre favorable aux petites surfaces chauff\u00e9es \u00e0 l\u2019\u00e9lectricit\u00e9. Celles-ci \u00e9taient jusque-l\u00e0 d\u00e9favoris\u00e9es par rapport aux biens poss\u00e9dant une chaudi\u00e8re au gaz. Selon le gouvernement, cette r\u00e9forme devrait <strong>faire sortir de la cat\u00e9gorie de passoire \u00e9nerg\u00e9tique 700 000 des 5,4 millions de logements class\u00e9s F ou G au DPE<\/strong>. Pas besoin de refaire passer un technicien pour obtenir le changement d\u2019\u00e9tiquette : il faut juste t\u00e9l\u00e9charger une attestation directement sur le site de l<a href=\"https:\/\/www.ademe.fr\/\" target=\"_blank\" rel=\"noopener\">\u2018Ademe<\/a>.<\/p>\n<p>4. L\u2019agence Eau du Grand Lyon d\u00e9m\u00e9nage<\/p>\n<p class=\" wall-content\">L\u2019agence Eau du Grand Lyon qui se trouve actuellement au 80 rue de la Villette dans le quartier de la Part-Dieu d\u00e9m\u00e9nage. L\u2019agence actuelle a ferm\u00e9 le lundi 22 d\u00e9cembre 2025.<\/p>\n<p class=\" wall-content\">Elle rouvrira ses portes au 55 rue de la Soie \u00e0 Villeurbanne dans le quartier de Carr\u00e9 de Soie le vendredi 5 janvier 2026. \u00c0 sa r\u00e9ouverture, l\u2019agence maintiendra l\u2019ensemble de ses services habituels :<\/p>\n<ul class=\" wall-content\">\n<li>Accueil des usagers<\/li>\n<li>Abonnement<\/li>\n<li>R\u00e9siliation<\/li>\n<li>R\u00e8glement et explication de facture<\/li>\n<li>Accompagnement en cas de difficult\u00e9 de paiement<\/li>\n<li>Aide \u00e0 l\u2019utilisation de l\u2019espace usagers en ligne<\/li>\n<li>Conseils pour \u00e9conomiser l\u2019eau.<\/li>\n<\/ul>\n<p>5. Un r\u00e9seau de transports en commun qui gagne en capacit\u00e9<\/p>\n<p class=\" wall-content\">Alors que la fr\u00e9quentation du r\u00e9seau TCL ne cesse d\u2019augmenter, Sytral Mobilit\u00e9s r\u00e9alise des ajustements notamment sur ses tramways. En effet, \u00e0 compter du 1er trimestre 2026,<strong> plusieurs am\u00e9nagements sont r\u00e9alis\u00e9s sur le T4<\/strong> : 6 rames suppl\u00e9mentaires en heure de pointe, prolongation de la ligne jusqu\u2019\u00e0 IUT Feyssine toute la journ\u00e9e, ainsi qu\u2019une fr\u00e9quence port\u00e9e \u00e0 6 minutes en heure de pointe contre 7 min 30 actuellement et \u00e0 8 minutes le samedi apr\u00e8s-midi (contre 10 min 30).<\/p>\n<p class=\" wall-content\">D\u2019autres ajustements sont pr\u00e9vus durant l\u2019ann\u00e9e 2026.\u00a0<\/p>\n<p class=\" wall-content\">Personnalisez votre actualit\u00e9 en ajoutant vos villes et m\u00e9dias en favori avec <a href=\"https:\/\/moncompte.actu.fr\" title=\"D\u00e9couvez Mon Actu\" rel=\"nofollow noopener\" data-trk=\"{&quot;cta&quot;:{&quot;action&quot;:&quot;https:\\\/\\\/moncompte.actu.fr&quot;,&quot;category&quot;:&quot;mon compte&quot;,&quot;from&quot;:&quot;article footer&quot;,&quot;name&quot;:&quot;Mon actu&quot;,&quot;type&quot;:&quot;cta&quot;}}\" target=\"_blank\">Mon Actu<\/a>.<\/p>\n","protected":false},"excerpt":{"rendered":"Par Emma Ressegaire Publi\u00e9 le 1 janv. 2026 \u00e0 6h52 Qui dit nouvelle ann\u00e9e dit changements.\u00a0 Au 1er&hellip;\n","protected":false},"author":2,"featured_media":633877,"comment_status":"","ping_status":"","sticky":false,"template":"","format":"standard","meta":{"footnotes":""},"categories":[1889],"tags":[1111,11,2430,1777,674,1011,27,2428,12,25,104,2549,602,5787],"class_list":{"0":"post-633876","1":"post","2":"type-post","3":"status-publish","4":"format-standard","5":"has-post-thumbnail","7":"category-lyon","8":"tag-actu","9":"tag-actualites","10":"tag-auvergne-rhone-alpes","11":"tag-eu","12":"tag-europe","13":"tag-fr","14":"tag-france","15":"tag-lyon","16":"tag-news","17":"tag-republique-francaise","18":"tag-societe","19":"tag-taxe","20":"tag-tourisme","21":"tag-transports-en-commun-lyonnais-tcl"},"share_on_mastodon":{"url":"https:\/\/pubeurope.com\/@fr\/115819056185711052","error":""},"_links":{"self":[{"href":"https:\/\/www.europesays.com\/fr\/wp-json\/wp\/v2\/posts\/633876","targetHints":{"allow":["GET"]}}],"collection":[{"href":"https:\/\/www.europesays.com\/fr\/wp-json\/wp\/v2\/posts"}],"about":[{"href":"https:\/\/www.europesays.com\/fr\/wp-json\/wp\/v2\/types\/post"}],"author":[{"embeddable":true,"href":"https:\/\/www.europesays.com\/fr\/wp-json\/wp\/v2\/users\/2"}],"replies":[{"embeddable":true,"href":"https:\/\/www.europesays.com\/fr\/wp-json\/wp\/v2\/comments?post=633876"}],"version-history":[{"count":0,"href":"https:\/\/www.europesays.com\/fr\/wp-json\/wp\/v2\/posts\/633876\/revisions"}],"wp:featuredmedia":[{"embeddable":true,"href":"https:\/\/www.europesays.com\/fr\/wp-json\/wp\/v2\/media\/633877"}],"wp:attachment":[{"href":"https:\/\/www.europesays.com\/fr\/wp-json\/wp\/v2\/media?parent=633876"}],"wp:term":[{"taxonomy":"category","embeddable":true,"href":"https:\/\/www.europesays.com\/fr\/wp-json\/wp\/v2\/categories?post=633876"},{"taxonomy":"post_tag","embeddable":true,"href":"https:\/\/www.europesays.com\/fr\/wp-json\/wp\/v2\/tags?post=633876"}],"curies":[{"name":"wp","href":"https:\/\/api.w.org\/{rel}","templated":true}]}}