{"id":633890,"date":"2026-01-01T09:15:34","date_gmt":"2026-01-01T09:15:34","guid":{"rendered":"https:\/\/www.europesays.com\/fr\/633890\/"},"modified":"2026-01-01T09:15:34","modified_gmt":"2026-01-01T09:15:34","slug":"moscou-plonge-dans-le-noir-les-ukrainiens-ont-detruit-une-bonne-partie-des-capacites-de-raffinage-de-la-russie","status":"publish","type":"post","link":"https:\/\/www.europesays.com\/fr\/633890\/","title":{"rendered":"Moscou plong\u00e9 dans le noir : \u00ab\u00a0Les Ukrainiens ont d\u00e9truit une bonne partie des capacit\u00e9s de raffinage de la Russie\u00a0\u00bb"},"content":{"rendered":"<ul class=\"jsx-862013697 ArticleChapo__List\">\n<li class=\"jsx-862013697 ArticleChapo__List_Item flex\">Pendant plusieurs heures, Moscou a \u00e9t\u00e9 plong\u00e9e dans le noir apr\u00e8s l&rsquo;attaque de l&rsquo;arm\u00e9e ukrainienne contre des sites \u00e9nerg\u00e9tiques russes.<\/li>\n<li class=\"jsx-862013697 ArticleChapo__List_Item flex\">Les analyses des experts sur le plateau de LCI.<\/li>\n<\/ul>\n<p data-module=\"article-paragraph\" class=\"jsx-157965717 Paragraph Paragraph__End\">Moscou a \u00e9t\u00e9 plong\u00e9 dans le noir plusieurs heures, le 30 d\u00e9cembre. La cons\u00e9quence d&rsquo;une attaque de drones ukrainiens sur les sites \u00e9nerg\u00e9tiques russes. Dans la nuit, c&rsquo;est un d\u00e9p\u00f4t p\u00e9trolier situ\u00e9 dans la r\u00e9gion de Krasnodar qui a \u00e9t\u00e9 vis\u00e9. \u00ab\u00a0C&rsquo;est la r\u00e9ponse aux bombardements syst\u00e9matiques que font les Russes sur les <a href=\"https:\/\/www.tf1info.fr\/international\/au-premier-qui-craquera-les-frappes-sur-les-infrastructures-energetiques-la-cle-de-la-fin-de-la-guerre-en-ukraine-2405893.html\" target=\"_blank\" rel=\"noopener\">infrastructures \u00e9nerg\u00e9tiques<\/a> ukrainiennes\u00a0\u00bb, estime Marc Semo, journaliste sp\u00e9cialiste des questions internationales, interrog\u00e9 sur LCI.\u00a0<\/p>\n<p data-module=\"article-paragraph\" class=\"jsx-157965717 Paragraph Paragraph__End\">\u00ab\u00a0Ce qui est tr\u00e8s significatif, c&rsquo;est que les Ukrainiens ont d\u00e9truit une bonne partie des <a href=\"https:\/\/www.tf1info.fr\/international\/video-lci-ils-ont-tout-mise-la-dessus-l-ukraine-vise-les-actifs-petroliers-russes-en-mer-loin-des-frontieres-ukrainiennes-2414019.html\" target=\"_blank\" rel=\"noopener\">capacit\u00e9s de raffinage de la Russie<\/a>, poursuit l&rsquo;expert. Aujourd&rsquo;hui, il y a des probl\u00e8mes pour faire le plein de sa voiture\u00a0\u00bb. En outre, le poids de la guerre est en train de se faire ressentir \u00e0 Moscou et dans les grandes villes. \u00ab\u00a0Le quotidien des classes moyennes commence \u00e0 \u00eatre affect\u00e9\u00a0\u00bb, conclut Marc Semo.<\/p>\n<p><a href=\"https:\/\/www.tf1info.fr\/international\/video-lci-les-russes-n-avancent-plus-poutine-peut-il-arreter-la-guerre-2415085.html\" rel=\"noopener\" class=\"jsx-3308031228 Link flex\" target=\"_blank\"><img decoding=\"async\" src=\"https:\/\/www.europesays.com\/fr\/wp-content\/uploads\/2026\/01\/les-russes-en-sont-capable-poutine-peut-il-arreter-la-guerre-1-72ed2b-0@1x.jpeg\" alt=\"Capture d'\u00e9cran LCI\" loading=\"lazy\" importance=\"low\" fetchpriority=\"low\" class=\"\" aria-hidden=\"true\"\/><\/p>\n<p class=\"jsx-3657663356 ReadMoreArticle__Title\">Lire aussi<\/p>\n<p class=\"jsx-3657663356\">\u00ab\u00a0Les Russes n&rsquo;avancent pas\u00a0\u00bb : Poutine peut-il arr\u00eater la guerre ? <\/p>\n<p><\/a><\/p>\n<p data-module=\"article-paragraph\" class=\"jsx-157965717 Paragraph Paragraph__End\">Outre cette question sociale, Kiev poursuit \u00ab\u00a0une strat\u00e9gie d&rsquo;attrition des capacit\u00e9s op\u00e9rationnelles des Russes\u00a0\u00bb, abonde le g\u00e9n\u00e9ral Fran\u00e7ois Chavancy. \u00ab\u00a0On est dans une guerre \u00e0 l&rsquo;ancienne, o\u00f9 on d\u00e9molit tout ce qui peut renforcer l&rsquo;effort de guerre de l&rsquo;adversaire. [&#8230;] \u00c7a veut dire plus de carburant peut-\u00eatre aussi pour les blind\u00e9s\u00a0\u00bb, ajoute-t-il. Enfin, en affaiblissant les capacit\u00e9s d&rsquo;exportation du p\u00e9trole, c&rsquo;est \u00e9galement un coup direct port\u00e9 au financement de l&rsquo;\u00e9conomie russe.<\/p>\n<p>Emma ALLAMAND<\/p>\n","protected":false},"excerpt":{"rendered":"Pendant plusieurs heures, Moscou a \u00e9t\u00e9 plong\u00e9e dans le noir apr\u00e8s l&rsquo;attaque de l&rsquo;arm\u00e9e ukrainienne contre des sites&hellip;\n","protected":false},"author":2,"featured_media":633891,"comment_status":"","ping_status":"","sticky":false,"template":"","format":"standard","meta":{"footnotes":""},"categories":[1591],"tags":[1111,11,1921,1887,1922,37193,1916,12,1885,1886,132,220,1917,133,1920],"class_list":{"0":"post-633890","1":"post","2":"type-post","3":"status-publish","4":"format-standard","5":"has-post-thumbnail","7":"category-russie","8":"tag-actu","9":"tag-actualites","10":"tag-article-video","11":"tag-federation-de-russie","12":"tag-info","13":"tag-lci-direct","14":"tag-moscou","15":"tag-news","16":"tag-russia","17":"tag-russian-federation","18":"tag-russie","19":"tag-ukraine","20":"tag-ukraine-4-annee-de-guerre","21":"tag-video","22":"tag-video-international"},"share_on_mastodon":{"url":"https:\/\/pubeurope.com\/@fr\/115819087433969569","error":""},"_links":{"self":[{"href":"https:\/\/www.europesays.com\/fr\/wp-json\/wp\/v2\/posts\/633890","targetHints":{"allow":["GET"]}}],"collection":[{"href":"https:\/\/www.europesays.com\/fr\/wp-json\/wp\/v2\/posts"}],"about":[{"href":"https:\/\/www.europesays.com\/fr\/wp-json\/wp\/v2\/types\/post"}],"author":[{"embeddable":true,"href":"https:\/\/www.europesays.com\/fr\/wp-json\/wp\/v2\/users\/2"}],"replies":[{"embeddable":true,"href":"https:\/\/www.europesays.com\/fr\/wp-json\/wp\/v2\/comments?post=633890"}],"version-history":[{"count":0,"href":"https:\/\/www.europesays.com\/fr\/wp-json\/wp\/v2\/posts\/633890\/revisions"}],"wp:featuredmedia":[{"embeddable":true,"href":"https:\/\/www.europesays.com\/fr\/wp-json\/wp\/v2\/media\/633891"}],"wp:attachment":[{"href":"https:\/\/www.europesays.com\/fr\/wp-json\/wp\/v2\/media?parent=633890"}],"wp:term":[{"taxonomy":"category","embeddable":true,"href":"https:\/\/www.europesays.com\/fr\/wp-json\/wp\/v2\/categories?post=633890"},{"taxonomy":"post_tag","embeddable":true,"href":"https:\/\/www.europesays.com\/fr\/wp-json\/wp\/v2\/tags?post=633890"}],"curies":[{"name":"wp","href":"https:\/\/api.w.org\/{rel}","templated":true}]}}