{"id":633898,"date":"2026-01-01T09:19:14","date_gmt":"2026-01-01T09:19:14","guid":{"rendered":"https:\/\/www.europesays.com\/fr\/633898\/"},"modified":"2026-01-01T09:19:14","modified_gmt":"2026-01-01T09:19:14","slug":"ce-qui-change-ce-1er-janvier-2026-au-luxembourg-en-france-en-belgique-et-en-allemagne","status":"publish","type":"post","link":"https:\/\/www.europesays.com\/fr\/633898\/","title":{"rendered":"Ce qui change ce 1er janvier 2026 au Luxembourg, en France, en Belgique et en Allemagne"},"content":{"rendered":"<p>Au Luxembourg<\/p>\n<p class=\"Paragraph_paragraph__exhQA Paragraph_paragraph--default-lg-default__8QZrI articleParagraph\"><strong>\u2022 Pensions. <\/strong>Pour ce 1er janvier 2026, le minist\u00e8re de la Sant\u00e9 et de la S\u00e9curit\u00e9 sociale annonce une bonne nouvelle pour les personnes b\u00e9n\u00e9ficiant d\u2019une pension au Luxembourg: le montant de celles-ci va \u00eatre r\u00e9ajust\u00e9 pour les adapter au niveau de vie. Les pensions <a class=\"LinkText_link-text__4lolN annotation-link_annotationLink__nXU8B\" href=\"https:\/\/www.virgule.lu\/luxembourg\/les-pensions-vont-augmenter-au-1er-janvier-2026\/117753923.html\" target=\"_blank\" rel=\"noFollow noopener\">vont donc augmenter de 1,5%<\/a>.<\/p>\n<p><a href=\"https:\/\/www.virgule.lu\/luxembourg\/ce-qui-vous-attend-en-2026-reforme-fiscale-nouvel-index-transparence-des-salaires-onerepublic...\/117145377.html\" class=\"RelatedTeaser_related-teaser__w3AgI RelatedTeaser_related-teaser--image__GJcRr read-more_withImage__1YJa_\" data-article-id=\"117145377\" target=\"_blank\" rel=\"noopener\"><\/p>\n<p>Lire aussi :Ce qui vous attend en 2026: r\u00e9forme fiscale, nouvel index, transparence des salaires, OneRepublic&#8230;<\/p>\n<p><\/a><\/p>\n<p class=\"Paragraph_paragraph__exhQA Paragraph_paragraph--default-lg-default__8QZrI articleParagraph\">\u2022 <strong>Pensions (bis).<\/strong> Pour les actifs cette fois-ci, une des mesures de <a class=\"LinkText_link-text__4lolN annotation-link_annotationLink__nXU8B\" href=\"https:\/\/www.virgule.lu\/luxembourg\/que-va-changer-concretement-pour-vous-la-reforme-des-pensions\/102640161.html\" target=\"_blank\" rel=\"noFollow noopener\">la r\u00e9forme des retraites<\/a> men\u00e9e par le gouvernement entre en vigueur: la cotisation d\u2019assurance pension passe de 8% \u00e0 8,5%. Ce qui aura pour effet de faire baisser le salaire.<\/p>\n<p class=\"Paragraph_paragraph__exhQA Paragraph_paragraph--default-lg-default__8QZrI articleParagraph\"><strong>\u2022 Police.<\/strong>\u00a0Une nouvelle force d\u2019intervention rapide, destin\u00e9e \u00e0 \u00eatre utilis\u00e9e dans des situations particuli\u00e8rement d\u00e9licates, comme les cas de violence domestique: c\u2019est ainsi qu\u2019a \u00e9t\u00e9 pr\u00e9sent\u00e9e, en juillet dernier au d\u00e9tour d\u2019une question parlementaire, <a class=\"LinkText_link-text__4lolN annotation-link_annotationLink__nXU8B\" href=\"https:\/\/www.virgule.lu\/luxembourg\/la-police-va-utiliser-des-tasers-a-partir-de-2026\/79787967.html\" target=\"_blank\" rel=\"noFollow noopener\">le Groupe de soutien op\u00e9rationnel (GSO) de la police grand-ducale.<\/a> Cette nouvelle unit\u00e9, active 24h\/24 dans tout le pays, entre en fonction ce 1er janvier. Les agents qui la composent sont notamment \u00e9quip\u00e9s de tasers.  <\/p>\n<p><a href=\"https:\/\/www.virgule.lu\/luxembourg\/380-appels-durgence-par-jour-la-police-presente-sa-nouvelle-centrale-dintervention\/113907328.html\" class=\"RelatedTeaser_related-teaser__w3AgI RelatedTeaser_related-teaser--image__GJcRr read-more_withImage__1YJa_\" data-article-id=\"113907328\" target=\"_blank\" rel=\"noopener\"><\/p>\n<p>Lire aussi :380 appels d\u2019urgence par jour: la police pr\u00e9sente sa nouvelle centrale d\u2019intervention<\/p>\n<p><\/a><\/p>\n<p class=\"Paragraph_paragraph__exhQA Paragraph_paragraph--default-lg-default__8QZrI articleParagraph\"><strong>\u2022 Travail dominical.<\/strong> <a class=\"LinkText_link-text__4lolN annotation-link_annotationLink__nXU8B\" href=\"https:\/\/www.virgule.lu\/luxembourg\/malgre-les-critiques-la-chambre-approuve-la-loi-sur-le-travail-du-dimanche-et-lextension-des-horaires-douverture\/115168042.html\" target=\"_blank\" rel=\"noFollow noopener\">La nouvelle loi sur le travail dominical<\/a> entre en vigueur: les employ\u00e9s de certains magasins pourront travailler 8h, au lieu de 4h maximum jusqu\u2019alors. Rappelons que les heures de travail le dimanche sont major\u00e9es et non imposables.<\/p>\n<p class=\"Paragraph_paragraph__exhQA Paragraph_paragraph--default-lg-default__8QZrI articleParagraph\">\u2022 <strong>Ouverture des magasins.<\/strong> Dans le m\u00eame secteur d\u2019activit\u00e9, les plages horaires autoris\u00e9es des commerces et entreprises artisanales sont \u00e9largies: de 5h \u00e0 21h en semaine et jusqu\u2019\u00e0 21h le week-end. <\/p>\n<p class=\"Paragraph_paragraph__exhQA Paragraph_paragraph--default-lg-default__8QZrI articleParagraph\"><strong>\u2022 \u00c9nergie. <\/strong>Durant les derni\u00e8res semaines de l\u2019ann\u00e9e 2025, les fournisseurs d\u2019\u00e9lectricit\u00e9 luxembourgeois que sont Enovo, SUDenergie ou encore Sudstroum ont annonc\u00e9 <a class=\"LinkText_link-text__4lolN annotation-link_annotationLink__nXU8B\" href=\"https:\/\/www.virgule.lu\/luxembourg\/les-fournisseurs-delectricite-vont-baisser-leurs-tarifs-en-2026-au-luxembourg\/108631017.html\" target=\"_blank\" rel=\"noFollow noopener\">une baisse de leurs tarifs<\/a>. L\u2019\u00e9conomie annuelle pour un m\u00e9nage pourrait atteindre 110 euros. Le Statec estime la baisse autour 15% sur l\u2019ann\u00e9e 2026.<\/p>\n<p class=\"Paragraph_paragraph__exhQA Paragraph_paragraph--default-lg-default__8QZrI articleParagraph\"><strong>\u2022 Taxe carbone.<\/strong> Pour l\u2019ann\u00e9e 2026, la taxe CO2, ou taxe carbone, est augment\u00e9e de 5 euros par rapport \u00e0 2025. Elle est ainsi fix\u00e9e \u00e0 45 euros la tonne de CO2 ce 1er janvier. Depuis son instauration en 2021, cet imp\u00f4t, appliqu\u00e9 sur le mazout, l\u2019essence ou toute autre \u00e9nergie fossile, aussi bien aux particuliers qu\u2019aux industriels, a rapport\u00e9 plus de 900 millions d\u2019euros \u00e0 l\u2019\u00c9tat luxembourgeois.<\/p>\n<p><a href=\"https:\/\/www.virgule.lu\/luxembourg\/10-bonnes-nouvelles-attendues-au-luxembourg-en-2026\/115352433.html\" class=\"RelatedTeaser_related-teaser__w3AgI RelatedTeaser_related-teaser--image__GJcRr read-more_withImage__1YJa_\" data-article-id=\"115352433\" target=\"_blank\" rel=\"noopener\"><\/p>\n<p>Lire aussi :10 bonnes nouvelles attendues au Luxembourg en 2026<\/p>\n<p><\/a><\/p>\n<p class=\"Paragraph_paragraph__exhQA Paragraph_paragraph--default-lg-default__8QZrI articleParagraph\"><strong>\u2022 Param\u00e8tres sociaux.<\/strong> Chaque Nouvel An s\u2019accompagne d\u2019un certain nombre de mises \u00e0 jour. <a class=\"LinkText_link-text__4lolN annotation-link_annotationLink__nXU8B\" href=\"https:\/\/gouvernement.lu\/fr\/publications.gouv2024_igss+fr+publications+parametres-sociaux+202601.html\" target=\"_blank\" rel=\"noopener\">Le gouvernement a communiqu\u00e9<\/a> les changements qui s\u2019op\u00e8rent de prestations et d\u2019aides.<\/p>\n<p class=\"Paragraph_paragraph__exhQA Paragraph_paragraph--default-lg-default__8QZrI articleParagraph\"><strong>\u2022 Aides.<\/strong> De nouvelles aides au logement, pour les personnes \u00e2g\u00e9es, des bonifications, cr\u00e9dits d\u2019imp\u00f4t ou autres abattements entrent en application. <a class=\"LinkText_link-text__4lolN annotation-link_annotationLink__nXU8B\" href=\"https:\/\/gouvernement.lu\/fr\/actualites\/agenda.gouvernement2024+fr+actualites+toutes_actualites+articles+2025+12-decembre+nouveautes-2026.html\" target=\"_blank\" rel=\"noopener\">Le gouvernement liste sur son site<\/a> l\u2019int\u00e9gralit\u00e9 des changements effectifs \u00e0 partir de ce 1er janvier.<\/p>\n<p>En France<\/p>\n<p class=\"Paragraph_paragraph__exhQA Paragraph_paragraph--default-lg-default__8QZrI articleParagraph\">\u2022 <strong>Soins dermatologiques. <\/strong>Cette mesure, <a class=\"LinkText_link-text__4lolN annotation-link_annotationLink__nXU8B\" href=\"https:\/\/www.virgule.lu\/granderegion\/creches-consultation-dun-dermatologue-etudes-de-medecine-voici-les-accords-signes-entre-le-luxembourg-et-la-france\/112469110.html\" target=\"_blank\" rel=\"noFollow noopener\">act\u00e9e lors de la derni\u00e8re CIG franco-luxembourgeoise<\/a>, concerne uniquement les patients des Communaut\u00e9 professionnelle territoriale de sant\u00e9 de Thionville Est, Moselle trois vall\u00e9es et du Pays Haut (voir les cartes ci-dessous).<\/p>\n<ul class=\"gallery_slider__dYx8I\">\n<li class=\"gallery_slide__e05Ek\">\n<p>Les limites des Communaut\u00e9 professionnelle territoriale de sant\u00e9 de Thionville Est, Moselle trois vall\u00e9es.\u00a0\u00a9 PHOTO: DR<\/p>\n<\/li>\n<li class=\"gallery_slide__e05Ek\">\n<p>Les limites de la Communaut\u00e9 professionnelle territoriale du Pays Haut.\u00a0\u00a9 PHOTO: DR<\/p>\n<\/li>\n<\/ul>\n<ul class=\"gallery_thumbSlider__3zm_k\">\n<li class=\"gallery_thumb__k6Nq6 gallery_active__HT0LE\"><img decoding=\"async\" loading=\"lazy\" class=\"image-element_imageElement__Z1eKH\" src=\"https:\/\/www.europesays.com\/fr\/wp-content\/uploads\/2026\/01\/carte_cpts_moselle_cpts_metz_et_environs.png.jpg\"  alt=\"\" \/><\/li>\n<li class=\"gallery_thumb__k6Nq6\"><img decoding=\"async\" loading=\"lazy\" class=\"image-element_imageElement__Z1eKH\" src=\"https:\/\/www.europesays.com\/fr\/wp-content\/uploads\/2026\/01\/Screenshot 2025-12-30 113459.jpg\"  alt=\"\" \/><\/li>\n<\/ul>\n<p class=\"Paragraph_paragraph__exhQA Paragraph_paragraph--default-lg-default__8QZrI articleParagraph\">\u00c0 partir de ce 1er janvier, il est possible pour eux, qu\u2019ils soient travailleurs frontaliers ou non, <a class=\"LinkText_link-text__4lolN annotation-link_annotationLink__nXU8B\" href=\"https:\/\/www.virgule.lu\/luxembourg\/quatre-dossiers-chauds-sur-la-table-de-la-cig-franco-luxembourgeoise\/111447877.html\" target=\"_blank\" rel=\"noFollow noopener\">de consulter un dermatologue au Luxembourg pour des soins primaires<\/a> (hors consultations qui rel\u00e8vent de la canc\u00e9rologie et de la chirurgie esth\u00e9tique). N\u00e9anmoins, il faudra avancer les frais. Il s\u2019agit d\u2019une exp\u00e9rimentation d\u2019une ann\u00e9e.<\/p>\n<p class=\"Paragraph_paragraph__exhQA Paragraph_paragraph--default-lg-default__8QZrI articleParagraph\"><strong>\u2022 Soins chez des sp\u00e9cialistes. <\/strong>Les prix des consultations augmentent chez les m\u00e9decins sp\u00e9cialistes lib\u00e9raux: p\u00e9diatres, psychiatres, neurologues, dermatologues, gyn\u00e9cologues. \u00c0 chaque fois, il s\u2019agit d\u2019une hausse de quelques euros, en fonction de la sp\u00e9cialit\u00e9 et de l\u2019acte m\u00e9dical.<\/p>\n<p class=\"Paragraph_paragraph__exhQA Paragraph_paragraph--default-lg-default__8QZrI articleParagraph\">\u2022 <strong>Smic, pensions, minima sociaux..<\/strong>. Le salaire minimum interprofessionnel de croissance (Smic) est revaloris\u00e9 de\u00a01,18 %, pour atteindre\u00a01.823,03 euros brut mensuel. Les pensions et minima sociaux augmentent de 0,9%.<\/p>\n<p><a href=\"https:\/\/www.virgule.lu\/granderegion\/2025-une-annee-a-mauvaises-nouvelles-fiscales-pour-les-frontaliers-francais\/106491331.html\" class=\"RelatedTeaser_related-teaser__w3AgI RelatedTeaser_related-teaser--image__GJcRr read-more_withImage__1YJa_\" data-article-id=\"106491331\" target=\"_blank\" rel=\"noopener\"><\/p>\n<p>Lire aussi :2025, une ann\u00e9e \u00e0 mauvaises nouvelles fiscales pour les frontaliers fran\u00e7ais<\/p>\n<p><\/a><\/p>\n<p class=\"Paragraph_paragraph__exhQA Paragraph_paragraph--default-lg-default__8QZrI articleParagraph\">\u2022<strong> Timbres. <\/strong>\u00abLes prix des courriers et des colis augmentent de\u00a07,4%\u00a0en moyenne \u00e0 partir du 1er janvier 2026\u00bb, <a class=\"LinkText_link-text__4lolN annotation-link_annotationLink__nXU8B\" href=\"https:\/\/www.info.gouv.fr\/actualite\/ce-qui-change-en-janvier-2026\" target=\"_blank\" rel=\"noopener\">indique le gouvernement fran\u00e7ais<\/a>. Le tarif de la lettre verte passe ainsi de 1,39 \u00e0 1,52 euro. Ceux des colis (Colissimo) grimpent de 3,4% en moyenne.<\/p>\n<p class=\"Paragraph_paragraph__exhQA Paragraph_paragraph--default-lg-default__8QZrI articleParagraph\">\u2022 <strong>\u00c9nergie.<\/strong> Les prix des carburants et le montant de la facture de gaz augmentent: les premiers de 4 \u00e0 6 centimes par litre en raison d\u2019un changement dans le dispositif des certificats d\u2019\u00e9conomie d\u2019\u00e9nergie (CEE); le second non pas en raison d\u2019une hausse des tarifs du kWh, mais d\u2019une \u00e9volution du mode de calcul&#8230;<\/p>\n<p class=\"Paragraph_paragraph__exhQA Paragraph_paragraph--default-lg-default__8QZrI articleParagraph\">\u2022\u00a0<strong>Nouveaux tarifs dans le TER.<\/strong> Alors que 2026 devrait marquer l\u2019arriv\u00e9e de <a class=\"LinkText_link-text__4lolN annotation-link_annotationLink__nXU8B\" href=\"https:\/\/www.virgule.lu\/luxembourg\/les-nouveaux-ter-arriveront-en-avril-2026-entre-nancy-et-luxembourg\/114470490.html\" target=\"_blank\" rel=\"noFollow noopener\">nouvelles rames<\/a>, le tarif des abonnements de TER est <a class=\"LinkText_link-text__4lolN annotation-link_annotationLink__nXU8B\" href=\"https:\/\/www.virgule.lu\/luxembourg\/votre-abonnement-de-ter-fluo-pour-vous-rendre-au-luxembourg-va-encore-augmenter\/108707206.html\" target=\"_blank\" rel=\"noFollow noopener\">port\u00e9 \u00e0 la hausse par la r\u00e9gion Grand Est<\/a>.<\/p>\n<p class=\"Paragraph_paragraph__exhQA Paragraph_paragraph--default-lg-default__8QZrI articleParagraph\">\u2022 <strong>Polluants \u00e9ternels.<\/strong> La fabrication, l\u2019importation et l\u2019exportation et la vente de cosm\u00e9tiques, farts (skis),\u00a0v\u00eatements, chaussures et imperm\u00e9abilisants contenant des Pfas sont interdites. Un premi\u00e8re \u00e9tape, avant une interdiction \u00e0 tous les textiles en 2030.<\/p>\n<p class=\"Paragraph_paragraph__exhQA Paragraph_paragraph--default-lg-default__8QZrI articleParagraph\">\u2022 <strong>Exc\u00e8s de vitesse. <\/strong>La mesure <a class=\"LinkText_link-text__4lolN annotation-link_annotationLink__nXU8B\" href=\"https:\/\/www.virgule.lu\/international\/en-france-les-tres-grands-exces-de-vitesse-constituent-desormais-un-delit\/120412343.html\" target=\"_blank\" rel=\"noFollow noopener\">est d\u00e9j\u00e0 en vigueur, depuis le lundi 29 d\u00e9cembre<\/a>, mais le rappel est toujours utile: les exc\u00e8s de vitesse de plus de 50 km\/h au-del\u00e0 de la vitesse maximale autoris\u00e9e ne sont plus des contraventions mais sont d\u00e9sormais consid\u00e9r\u00e9s comme des d\u00e9lits (amende plus lourde et possible peine de prison).<\/p>\n<p class=\"Paragraph_paragraph__exhQA Paragraph_paragraph--default-lg-default__8QZrI articleParagraph\"><strong>\u2022 Une nouvelle collectivit\u00e9.<\/strong> Ce 1er janvier marque le d\u00e9but officiel de Thionville Fensch Agglom\u00e9ration, la nouvelle communaut\u00e9 d\u2019agglom\u00e9ration issue de la fusion de Portes de France \u2013 Thionville et du Val de Fensch rassemble 156.000 habitants et esp\u00e8re peser  dans le rapport de forces avec le voisin luxembourgeois. Son pr\u00e9sident est Pierre Cuny, le maire de Thionville, \u00e9lu le 18 d\u00e9cembre dernier.<\/p>\n<p>En Belgique<\/p>\n<p class=\"Paragraph_paragraph__exhQA Paragraph_paragraph--default-lg-default__8QZrI articleParagraph\">\u2022<strong> \u00c9lectricit\u00e9. <\/strong>En Wallonie, <a class=\"LinkText_link-text__4lolN annotation-link_annotationLink__nXU8B\" href=\"https:\/\/www.virgule.lu\/granderegion\/en-wallonie-au-1er-janvier-il-faudra-consommer-son-electricite-autrement\/114472325.html\" target=\"_blank\" rel=\"noFollow noopener\">la distinction entre jours ouvrables et fins de semaine dispara\u00eet des compteurs \u00e9lectriques<\/a>. Sept jours sur sept, les p\u00e9riodes de tarification \u00e9lev\u00e9e interviendront le matin de 7h \u00e0 11h, puis en soir\u00e9e de 17h \u00e0 22h. Les moments \u00e9conomiquement favorables s\u2019\u00e9tendront non seulement durant la nuit, de 22h \u00e0 7h comme auparavant, mais \u00e9galement en milieu de journ\u00e9e durant toute la semaine, entre 11h et 17h.<\/p>\n<p class=\"Paragraph_paragraph__exhQA Paragraph_paragraph--default-lg-default__8QZrI articleParagraph\">\u2022 <strong>Ch\u00f4mage. <\/strong>Une premi\u00e8re \u00e9tape de la r\u00e9forme du ch\u00f4mage men\u00e9e par le gouvernement De Wever entre en vigueur. Ce 1er janvier 2026 est synonyme de fin des droits pour \u00ables demandeurs d\u2019emploi\u00a0qui ont accumul\u00e9 au moins 20 ans de ch\u00f4mage complet au cours de leur carri\u00e8re, ainsi que ceux qui ont ouvert leur droit aux allocations au plus tard le 1er\u00a0janvier 2025 (&#8230;). Environ 21.500 personnes sont concern\u00e9es, dont plus de 13.000 en Wallonie\u00bb, explique la RTBF.<\/p>\n<p><a href=\"https:\/\/www.virgule.lu\/international\/ce-1er-janvier-signe-larret-de-mort-du-chomage-illimite-en-belgique\/120834181.html\" class=\"RelatedTeaser_related-teaser__w3AgI RelatedTeaser_related-teaser--image__GJcRr read-more_withImage__1YJa_\" data-article-id=\"120834181\" target=\"_blank\" rel=\"noopener\"><\/p>\n<p>Lire aussi :Ce 1er janvier signe l\u2019arr\u00eat de mort du ch\u00f4mage illimit\u00e9 en Belgique<\/p>\n<p><\/a><\/p>\n<p class=\"Paragraph_paragraph__exhQA Paragraph_paragraph--default-lg-default__8QZrI articleParagraph\">\u2022 <strong>Arr\u00eat maladie.<\/strong> Le nombre de jours d\u2019absence pour maladie sans avoir \u00e0 pr\u00e9senter de certificat m\u00e9dical passe de trois \u00e0 deux, dans le public comme le priv\u00e9. Pr\u00e9cision: il ne peut s\u2019agir de deux jours cons\u00e9cutifs.<\/p>\n<p class=\"Paragraph_paragraph__exhQA Paragraph_paragraph--default-lg-default__8QZrI articleParagraph\">\u2022 <strong>Chaudi\u00e8res au mazout.<\/strong> A partir de ce 1er janvier, il n\u2019est plus possible d\u2019installer une chaudi\u00e8re au mazout dans une construction neuve en Wallonie. <\/p>\n<p class=\"Paragraph_paragraph__exhQA Paragraph_paragraph--default-lg-default__8QZrI articleParagraph\">\u2022<strong> Permis de conduire. <\/strong>Les candidats au permis de conduire doivent effectuer l\u2019int\u00e9gralit\u00e9 de la d\u00e9marche dans la m\u00eame r\u00e9gion. \u00abLes candidats peuvent choisir la R\u00e9gion pour leurs examens au d\u00e9part, mais doivent ensuite suivre toute leur formation dans cette m\u00eame R\u00e9gion afin d\u2019\u00e9viter les fraudes li\u00e9es aux diff\u00e9rences de r\u00e8gles\u00bb, \u00e9crit la RTBF.<\/p>\n<p><a href=\"https:\/\/www.virgule.lu\/international\/belgique-une-indexation-des-salaires-malgre-tout-pour-passer-lan-neuf\/118862352.html\" class=\"RelatedTeaser_related-teaser__w3AgI RelatedTeaser_related-teaser--image__GJcRr read-more_withImage__1YJa_\" data-article-id=\"118862352\" target=\"_blank\" rel=\"noopener\"><\/p>\n<p>Lire aussi :Belgique\u00a0: une indexation des salaires (malgr\u00e9 tout) pour passer l\u2019an neuf<\/p>\n<p><\/a><\/p>\n<p class=\"Paragraph_paragraph__exhQA Paragraph_paragraph--default-lg-default__8QZrI articleParagraph\"><strong>\u2022 Circulation \u00e0 Bruxelles. <\/strong>La zone de basses \u00e9missions (LEZ) de Bruxelles franchit une nouvelle \u00e9tape. Les automobiles diesel de la norme Euro 5 ainsi que les mod\u00e8les essence Euro 2 <a class=\"LinkText_link-text__4lolN annotation-link_annotationLink__nXU8B\" href=\"https:\/\/www.virgule.lu\/international\/le-1er-janvier-les-vehicules-diesel-euro-5-et-essence-euro-2-seront-interdits-a-bruxelles\/115641533.html\" target=\"_blank\" rel=\"noFollow noopener\">ne pourront plus p\u00e9n\u00e9trer dans la capitale.<\/a> Cette restriction touche \u00e9galement les camionnettes de moins de 3,5 tonnes et les motocyclettes essence dont la norme est inf\u00e9rieure \u00e0 Euro 3. La mesure est valable pour les nationaux comme pour les \u00e9trangers.<\/p>\n<p class=\"Paragraph_paragraph__exhQA Paragraph_paragraph--default-lg-default__8QZrI articleParagraph\">Il s\u2019agit ici des principaux changements. La liste d\u00e9taill\u00e9e est disponible <a class=\"LinkText_link-text__4lolN annotation-link_annotationLink__nXU8B\" href=\"https:\/\/www.rtbf.be\/article\/chomage-pensions-taxes-envois-energie-les-principaux-changements-ce-1er-janvier-2026-11654161\" target=\"_blank\" rel=\"noopener\">sur le site de la RTBF<\/a>.<\/p>\n<p>En Allemagne<\/p>\n<p class=\"Paragraph_paragraph__exhQA Paragraph_paragraph--default-lg-default__8QZrI articleParagraph\">\u2022<strong> Salaire minimum et prestations sociales.<\/strong> Le salaire minimum l\u00e9gal est revaloris\u00e9 et est fix\u00e9 \u00e0 13,90 euros brut de l\u2019heure. Les allocations familiales augmentent \u00e9galement, de quatre euros, pour atteindre 259 euros par mois et par enfant. Concernant les pensions, il faudra attendre le 1er juillet pour savoir si elles sont revaloris\u00e9es.\u00a0<\/p>\n<p class=\"Paragraph_paragraph__exhQA Paragraph_paragraph--default-lg-default__8QZrI articleParagraph\">\u2022 <strong>Gaz et \u00e9lectricit\u00e9. <\/strong>Une taxe sur le stockage du gaz est supprim\u00e9e et une subvention f\u00e9d\u00e9rale de 6,5 milliards d\u2019euros sur les co\u00fbts d\u2019\u00e9lectricit\u00e9 aux m\u00e9nages est accord\u00e9e. Cons\u00e9quence: les factures de gaz et d\u2019\u00e9lectricit\u00e9 devraient l\u00e9g\u00e8rement baisser pour les consommateurs. Par exemple, pour l\u2019\u00e9lectricit\u00e9, la baisse est de 2,2 centimes d\u2019euro en moyenne par kilowattheure.<\/p>\n<p><a href=\"https:\/\/www.virgule.lu\/granderegion\/apres-le-tour-de-vis-migratoire-de-lue-merz-prevoit-la-fin-des-controles-aux-frontieres-allemandes\/111633476.html\" class=\"RelatedTeaser_related-teaser__w3AgI RelatedTeaser_related-teaser--image__GJcRr read-more_withImage__1YJa_\" data-article-id=\"111633476\" target=\"_blank\" rel=\"noopener\"><\/p>\n<p>Lire aussi :Apr\u00e8s le tour de vis migratoire de l&rsquo;UE, Merz pr\u00e9voit la fin des contr\u00f4les aux fronti\u00e8res allemandes<\/p>\n<p><\/a><\/p>\n<p class=\"Paragraph_paragraph__exhQA Paragraph_paragraph--default-lg-default__8QZrI articleParagraph\">\u2022<strong> Deutschlandticket. <\/strong>Ce titre de transport qui permet d\u2019emprunter tous les moyens de transport public locaux et r\u00e9gionaux avait \u00e9t\u00e9 lanc\u00e9 \u00e0 49 euros par mois le 1er mai 2023. Au 1er janvier 2025, il \u00e9tait pass\u00e9 \u00e0 58 euros. Depuis ce 1er janvier 2026, il co\u00fbte 63 euros par mois.<\/p>\n<p class=\"Paragraph_paragraph__exhQA Paragraph_paragraph--default-lg-default__8QZrI articleParagraph\"><strong>\u2022 V\u00e9hicules \u00e9lectriques. <\/strong>L\u2019exon\u00e9ration de la taxe pour les v\u00e9hicules 100% \u00e9lectrique est prolong\u00e9e, jusqu\u2019au 31 d\u00e9cembre 2030. On peut b\u00e9n\u00e9ficier de cette exon\u00e9ration pour une dur\u00e9e de dix ans.<\/p>\n<p><a href=\"https:\/\/www.virgule.lu\/lifestyle\/automoto\/lue-renonce-au-tout-electrique-en-2035-et-autorise-une-part-limitee-de-voitures-thermiques\/114323449.html\" class=\"RelatedTeaser_related-teaser__w3AgI RelatedTeaser_related-teaser--image__GJcRr read-more_withImage__1YJa_\" data-article-id=\"114323449\" target=\"_blank\" rel=\"noopener\"><\/p>\n<p>Lire aussi :L\u2019UE renonce au tout-\u00e9lectrique en 2035, et autorise une part limit\u00e9e de voitures thermiques<\/p>\n<p><\/a><\/p>\n<p class=\"Paragraph_paragraph__exhQA Paragraph_paragraph--default-lg-default__8QZrI articleParagraph\">\u2022<strong> Taxe carbone. <\/strong>La taxe\u00a0CO2\u00a0sur les carburants tels que l\u2019essence, le diesel, le fioul et le gaz naturel, jusqu\u2019alors \u00e9tablie \u00e0 55 euros, augmente. Elle fluctuera entre 55 euros et 65 euros maximum en 2026.<\/p>\n<p class=\"Paragraph_paragraph__exhQA Paragraph_paragraph--default-lg-default__8QZrI articleParagraph\">Source: <a class=\"LinkText_link-text__4lolN annotation-link_annotationLink__nXU8B\" href=\"https:\/\/www.bundesregierung.de\/breg-de\/aktuelles\/gesetzliche-neuregelungen-januar-2026-2399838#:~:text=Zum%201.,5.812%2C50%20Euro%20im%20Monat.\" target=\"_blank\" rel=\"noopener\">Bundesregierung<\/a>.<\/p>\n","protected":false},"excerpt":{"rendered":"Au Luxembourg \u2022 Pensions. Pour ce 1er janvier 2026, le minist\u00e8re de la Sant\u00e9 et de la S\u00e9curit\u00e9&hellip;\n","protected":false},"author":2,"featured_media":633899,"comment_status":"","ping_status":"","sticky":false,"template":"","format":"standard","meta":{"footnotes":""},"categories":[1587],"tags":[11,672,1804,1805,1803,1777,674,1801,12,1802],"class_list":{"0":"post-633898","1":"post","2":"type-post","3":"status-publish","4":"format-standard","5":"has-post-thumbnail","7":"category-allemagne","8":"tag-actualites","9":"tag-allemagne","10":"tag-bundesrepublik-deutschland","11":"tag-de","12":"tag-deutschland","13":"tag-eu","14":"tag-europe","15":"tag-germany","16":"tag-news","17":"tag-republique-federale-dallemagne"},"share_on_mastodon":{"url":"https:\/\/pubeurope.com\/@fr\/115819103196412152","error":""},"_links":{"self":[{"href":"https:\/\/www.europesays.com\/fr\/wp-json\/wp\/v2\/posts\/633898","targetHints":{"allow":["GET"]}}],"collection":[{"href":"https:\/\/www.europesays.com\/fr\/wp-json\/wp\/v2\/posts"}],"about":[{"href":"https:\/\/www.europesays.com\/fr\/wp-json\/wp\/v2\/types\/post"}],"author":[{"embeddable":true,"href":"https:\/\/www.europesays.com\/fr\/wp-json\/wp\/v2\/users\/2"}],"replies":[{"embeddable":true,"href":"https:\/\/www.europesays.com\/fr\/wp-json\/wp\/v2\/comments?post=633898"}],"version-history":[{"count":0,"href":"https:\/\/www.europesays.com\/fr\/wp-json\/wp\/v2\/posts\/633898\/revisions"}],"wp:featuredmedia":[{"embeddable":true,"href":"https:\/\/www.europesays.com\/fr\/wp-json\/wp\/v2\/media\/633899"}],"wp:attachment":[{"href":"https:\/\/www.europesays.com\/fr\/wp-json\/wp\/v2\/media?parent=633898"}],"wp:term":[{"taxonomy":"category","embeddable":true,"href":"https:\/\/www.europesays.com\/fr\/wp-json\/wp\/v2\/categories?post=633898"},{"taxonomy":"post_tag","embeddable":true,"href":"https:\/\/www.europesays.com\/fr\/wp-json\/wp\/v2\/tags?post=633898"}],"curies":[{"name":"wp","href":"https:\/\/api.w.org\/{rel}","templated":true}]}}