{"id":633908,"date":"2026-01-01T09:24:10","date_gmt":"2026-01-01T09:24:10","guid":{"rendered":"https:\/\/www.europesays.com\/fr\/633908\/"},"modified":"2026-01-01T09:24:10","modified_gmt":"2026-01-01T09:24:10","slug":"des-benevoles-engages-a-lapf-france-handicap","status":"publish","type":"post","link":"https:\/\/www.europesays.com\/fr\/633908\/","title":{"rendered":"Des b\u00e9n\u00e9voles engag\u00e9s \u00e0 l&rsquo;APF France handicap"},"content":{"rendered":"<p>\u00ab\u00a0Ce que j\u2019aime ici, c\u2019est qu\u2019on a du temps \u00e0 accorder \u00e0 chacun\u00a0\u00bb, raconte A\u00efcha, sourire aux l\u00e8vres. Depuis 2019, elle est b\u00e9n\u00e9vole pour APF France Handicap qui lutte depuis 90 ans contre l\u2019isolement des personnes en situation de handicap, principalement moteur. En d\u2019autres mots, l\u2019association veut permettre aux personnes handicap\u00e9es de faire tout ce qu\u2019une personne dite valide peut faire, \u00ab\u00a0sans \u00e9tiquette ni discrimination\u00a0\u00bb.<\/p>\n<p>Chaque semaine, des ateliers cuisine, chorale ou peinture rythment la vie de l\u2019association. Des sorties ponctuelles sont organis\u00e9es, bowling, patinoire ou karaok\u00e9. Et encore plus audacieux : du quad, de la tyrolienne ou du parapente pour se challenger. \u00ab\u00a0C&rsquo;est un moment de partage pour tout le monde, m\u00eame pour les b\u00e9n\u00e9voles. On est heureux de se retrouver et de sortir de notre zone de confort\u00a0\u00bb explique A\u00efcha.<\/p>\n<p>Cr\u00e9er du lien<\/p>\n<p>Ici pas d\u2019aspect m\u00e9dical, mais un accompagnement bienveillant et si besoin, un coup de main administratif. L\u2019objectif reste de cr\u00e9er du lien et d\u2019entretenir une vie active. En plus des activit\u00e9s, un travail de sensibilisation est r\u00e9alis\u00e9 dans les \u00e9coles ou les entreprises. L\u2019association cherche aujourd\u2019hui de nouveaux b\u00e9n\u00e9voles\u00a0: aucun dipl\u00f4me requis, juste l\u2019envie d\u2019\u00eatre l\u00e0.<\/p>\n<p>Infos pratiques<\/p>\n<p>&gt; APF France Handicap<br \/>&gt; 73 bis rue Francis-de-Pressens\u00e9<br \/>&gt; T\u00e9l. : 04 72 43 01 01<\/p>\n<p>\u00a0<\/p>\n","protected":false},"excerpt":{"rendered":"\u00ab\u00a0Ce que j\u2019aime ici, c\u2019est qu\u2019on a du temps \u00e0 accorder \u00e0 chacun\u00a0\u00bb, raconte A\u00efcha, sourire aux l\u00e8vres.&hellip;\n","protected":false},"author":2,"featured_media":633909,"comment_status":"","ping_status":"","sticky":false,"template":"","format":"standard","meta":{"footnotes":""},"categories":[4],"tags":[11,22010,13135,1011,27,5667,12,25,6345,30342],"class_list":{"0":"post-633908","1":"post","2":"type-post","3":"status-publish","4":"format-standard","5":"has-post-thumbnail","7":"category-france","8":"tag-actualites","9":"tag-apf-france-handicap","10":"tag-benevole","11":"tag-fr","12":"tag-france","13":"tag-initiatives","14":"tag-news","15":"tag-republique-francaise","16":"tag-villeurbanne","17":"tag-viva"},"share_on_mastodon":{"url":"https:\/\/pubeurope.com\/@fr\/115819122707008077","error":""},"_links":{"self":[{"href":"https:\/\/www.europesays.com\/fr\/wp-json\/wp\/v2\/posts\/633908","targetHints":{"allow":["GET"]}}],"collection":[{"href":"https:\/\/www.europesays.com\/fr\/wp-json\/wp\/v2\/posts"}],"about":[{"href":"https:\/\/www.europesays.com\/fr\/wp-json\/wp\/v2\/types\/post"}],"author":[{"embeddable":true,"href":"https:\/\/www.europesays.com\/fr\/wp-json\/wp\/v2\/users\/2"}],"replies":[{"embeddable":true,"href":"https:\/\/www.europesays.com\/fr\/wp-json\/wp\/v2\/comments?post=633908"}],"version-history":[{"count":0,"href":"https:\/\/www.europesays.com\/fr\/wp-json\/wp\/v2\/posts\/633908\/revisions"}],"wp:featuredmedia":[{"embeddable":true,"href":"https:\/\/www.europesays.com\/fr\/wp-json\/wp\/v2\/media\/633909"}],"wp:attachment":[{"href":"https:\/\/www.europesays.com\/fr\/wp-json\/wp\/v2\/media?parent=633908"}],"wp:term":[{"taxonomy":"category","embeddable":true,"href":"https:\/\/www.europesays.com\/fr\/wp-json\/wp\/v2\/categories?post=633908"},{"taxonomy":"post_tag","embeddable":true,"href":"https:\/\/www.europesays.com\/fr\/wp-json\/wp\/v2\/tags?post=633908"}],"curies":[{"name":"wp","href":"https:\/\/api.w.org\/{rel}","templated":true}]}}