{"id":63391,"date":"2025-04-30T03:36:09","date_gmt":"2025-04-30T03:36:09","guid":{"rendered":"https:\/\/www.europesays.com\/fr\/63391\/"},"modified":"2025-04-30T03:36:09","modified_gmt":"2025-04-30T03:36:09","slug":"bison-fute-voit-orange-ce-mercredi-sur-les-routes-dauvergne-rhone-alpes","status":"publish","type":"post","link":"https:\/\/www.europesays.com\/fr\/63391\/","title":{"rendered":"Bison Fut\u00e9 voit orange ce mercredi sur les routes d\u2019Auvergne-Rh\u00f4ne-Alpes"},"content":{"rendered":"<p itemprop=\"description\"><strong>Les plus chanceux auront droit \u00e0 un week-end de quatre jours.<\/strong><\/p>\n<p>Les automobilistes seront nombreux d\u00e8s ce mercredi sur les routes \u00e0 l\u2019occasion du pont du 1er mai. Bison Fut\u00e9 hisse le drapeau orange ce mercredi dans le sens des d\u00e9parts sur tout le pays.<\/p>\n<p>\u00ab\u00a0L\u2019essentiel des difficult\u00e9s de circulation devraient \u00eatre observ\u00e9es dans le Sud-Est de l\u2019hexagone (A61, A7, A8 et A9 principalement)\u00a0\u00bb, pr\u00e9cise l\u2019organisme. Sur l\u2019A7, la portion entre Lyon et Orange est notamment \u00e0 \u00e9viter de 14h \u00e0 20h.<\/p>\n<p>A noter que la couleur orange sera \u00e9galement de sortie ce dimanche dans le sens des retours au niveau national \u00e0 l\u2019occasion de la fin des vacances de P\u00e2ques pour la zone A dont fait partie l\u2019acad\u00e9mie de Lyon.<\/p>\n","protected":false},"excerpt":{"rendered":"Les plus chanceux auront droit \u00e0 un week-end de quatre jours. Les automobilistes seront nombreux d\u00e8s ce mercredi&hellip;\n","protected":false},"author":2,"featured_media":63392,"comment_status":"","ping_status":"","sticky":false,"template":"","format":"standard","meta":{"footnotes":""},"categories":[1889],"tags":[1111,11,2813,2190,2430,1109,251,1112,2811,1777,674,118,1011,27,1922,1110,1114,2428,2810,12,241,316,25,2812,517,800],"class_list":{"0":"post-63391","1":"post","2":"type-post","3":"status-publish","4":"format-standard","5":"has-post-thumbnail","7":"category-lyon","8":"tag-actu","9":"tag-actualites","10":"tag-article","11":"tag-asvel","12":"tag-auvergne-rhone-alpes","13":"tag-breves","14":"tag-culture","15":"tag-depeches","16":"tag-economique","17":"tag-eu","18":"tag-europe","19":"tag-faits-divers","20":"tag-fr","21":"tag-france","22":"tag-info","23":"tag-informations","24":"tag-infos","25":"tag-lyon","26":"tag-lyonmag","27":"tag-news","28":"tag-ol","29":"tag-politique","30":"tag-republique-francaise","31":"tag-sociale","32":"tag-sport","33":"tag-transports"},"share_on_mastodon":{"url":"https:\/\/pubeurope.com\/@fr\/114424825987095901","error":""},"_links":{"self":[{"href":"https:\/\/www.europesays.com\/fr\/wp-json\/wp\/v2\/posts\/63391","targetHints":{"allow":["GET"]}}],"collection":[{"href":"https:\/\/www.europesays.com\/fr\/wp-json\/wp\/v2\/posts"}],"about":[{"href":"https:\/\/www.europesays.com\/fr\/wp-json\/wp\/v2\/types\/post"}],"author":[{"embeddable":true,"href":"https:\/\/www.europesays.com\/fr\/wp-json\/wp\/v2\/users\/2"}],"replies":[{"embeddable":true,"href":"https:\/\/www.europesays.com\/fr\/wp-json\/wp\/v2\/comments?post=63391"}],"version-history":[{"count":0,"href":"https:\/\/www.europesays.com\/fr\/wp-json\/wp\/v2\/posts\/63391\/revisions"}],"wp:featuredmedia":[{"embeddable":true,"href":"https:\/\/www.europesays.com\/fr\/wp-json\/wp\/v2\/media\/63392"}],"wp:attachment":[{"href":"https:\/\/www.europesays.com\/fr\/wp-json\/wp\/v2\/media?parent=63391"}],"wp:term":[{"taxonomy":"category","embeddable":true,"href":"https:\/\/www.europesays.com\/fr\/wp-json\/wp\/v2\/categories?post=63391"},{"taxonomy":"post_tag","embeddable":true,"href":"https:\/\/www.europesays.com\/fr\/wp-json\/wp\/v2\/tags?post=63391"}],"curies":[{"name":"wp","href":"https:\/\/api.w.org\/{rel}","templated":true}]}}