{"id":633910,"date":"2026-01-01T09:26:10","date_gmt":"2026-01-01T09:26:10","guid":{"rendered":"https:\/\/www.europesays.com\/fr\/633910\/"},"modified":"2026-01-01T09:26:10","modified_gmt":"2026-01-01T09:26:10","slug":"dans-ladversite-le-tours-vb-saffirme","status":"publish","type":"post","link":"https:\/\/www.europesays.com\/fr\/633910\/","title":{"rendered":"dans l\u2019adversit\u00e9, le Tours VB s\u2019affirme"},"content":{"rendered":"<p>Une saison ne manque jamais de p\u00e9rip\u00e9ties. Et le Tours Volley-Ball ne le sait que trop bien. Ce qui ne l\u2019a pas emp\u00each\u00e9 de glaner souvent des titres au bout de l\u2019aventure. L\u2019\u00e9pilogue de l\u2019exercice 2025-2026 est encore bien loin, mais apr\u00e8s trois mois de comp\u00e9tition, le club tourangeau a d\u00e9j\u00e0 eu son lot d\u2019impr\u00e9vus. \u00c0 commencer bien s\u00fbr par <a target=\"_self\" href=\"https:\/\/www.lanouvellerepublique.fr\/tours\/une-supercoupe-et-un-changement-de-coach-au-tours-volley-ball-1762904148\" rel=\"noopener\">le d\u00e9part, apr\u00e8s cinq journ\u00e9es de championnat, de Mladen Kasic<\/a> dans la foul\u00e9e du premier titre de la saison, la Supercoupe&#8230;. <\/p>\n<p>    Cet article a \u00e9t\u00e9 tronqu\u00e9. Abonnez-vous pour lire l&rsquo;article complet sur notre site.<\/p>\n<p style=\"margin: 0 !important; padding: 0 !important; font-size: 12px !important;\">Cet article a \u00e9t\u00e9 tronqu\u00e9. Abonnez-vous pour lire l&rsquo;article complet.<\/p>\n<p>    <a href=\"https:\/\/www.lanouvellerepublique.fr\/abonnements\" style=\"display: inline-block; margin-top: 5px !important; padding: 6px 12px !important; background: #cb1c27; color: white; text-decoration: none; border-radius: 4px; font-size: 12px !important;\" target=\"_blank\" rel=\"noopener\"><br \/>\n      S&rsquo;abonner<br \/>\n    <\/a><\/p>\n","protected":false},"excerpt":{"rendered":"Une saison ne manque jamais de p\u00e9rip\u00e9ties. Et le Tours Volley-Ball ne le sait que trop bien. Ce&hellip;\n","protected":false},"author":2,"featured_media":633911,"comment_status":"","ping_status":"","sticky":false,"template":"","format":"standard","meta":{"footnotes":""},"categories":[1417],"tags":[1392,1011,27,1387,1655,60,1390,1471,2767,1470,1469],"class_list":{"0":"post-633910","1":"post","2":"type-post","3":"status-publish","4":"format-standard","5":"has-post-thumbnail","7":"category-volley","8":"tag-a-la-une-local","9":"tag-fr","10":"tag-france","11":"tag-indre-et-loire","12":"tag-ligue-a","13":"tag-sports","14":"tag-tours","15":"tag-tours-volley-ball","16":"tag-tvb-37","17":"tag-volley","18":"tag-volleyball"},"share_on_mastodon":{"url":"https:\/\/pubeurope.com\/@fr\/115819130671905630","error":""},"_links":{"self":[{"href":"https:\/\/www.europesays.com\/fr\/wp-json\/wp\/v2\/posts\/633910","targetHints":{"allow":["GET"]}}],"collection":[{"href":"https:\/\/www.europesays.com\/fr\/wp-json\/wp\/v2\/posts"}],"about":[{"href":"https:\/\/www.europesays.com\/fr\/wp-json\/wp\/v2\/types\/post"}],"author":[{"embeddable":true,"href":"https:\/\/www.europesays.com\/fr\/wp-json\/wp\/v2\/users\/2"}],"replies":[{"embeddable":true,"href":"https:\/\/www.europesays.com\/fr\/wp-json\/wp\/v2\/comments?post=633910"}],"version-history":[{"count":0,"href":"https:\/\/www.europesays.com\/fr\/wp-json\/wp\/v2\/posts\/633910\/revisions"}],"wp:featuredmedia":[{"embeddable":true,"href":"https:\/\/www.europesays.com\/fr\/wp-json\/wp\/v2\/media\/633911"}],"wp:attachment":[{"href":"https:\/\/www.europesays.com\/fr\/wp-json\/wp\/v2\/media?parent=633910"}],"wp:term":[{"taxonomy":"category","embeddable":true,"href":"https:\/\/www.europesays.com\/fr\/wp-json\/wp\/v2\/categories?post=633910"},{"taxonomy":"post_tag","embeddable":true,"href":"https:\/\/www.europesays.com\/fr\/wp-json\/wp\/v2\/tags?post=633910"}],"curies":[{"name":"wp","href":"https:\/\/api.w.org\/{rel}","templated":true}]}}