{"id":633912,"date":"2026-01-01T09:27:19","date_gmt":"2026-01-01T09:27:19","guid":{"rendered":"https:\/\/www.europesays.com\/fr\/633912\/"},"modified":"2026-01-01T09:27:19","modified_gmt":"2026-01-01T09:27:19","slug":"championship-salford-renait-deja-de-ses-cendres-rugby-a-xiii","status":"publish","type":"post","link":"https:\/\/www.europesays.com\/fr\/633912\/","title":{"rendered":"Championship &#8211; Salford rena\u00eet d\u00e9j\u00e0 de ses cendres &#8211; Rugby \u00e0 XIII"},"content":{"rendered":"<p style=\"text-align: justify;\"><strong>La RFL a confirm\u00e9 que le club de Salford va rena\u00eetre quelques semaines apr\u00e8s avoir \u00e9t\u00e9 condamn\u00e9 \u00e0 la liquidation.<\/strong><\/p>\n<p style=\"text-align: justify;\">Phoenix, dirig\u00e9 par l\u2019ex-joueur des Red Devils Mason Caton-Brown, est le groupe qui se chargera de la gestion du club.<\/p>\n<p style=\"text-align: justify;\">Abi Ekoku a d\u00e9clar\u00e9 :<\/p>\n<blockquote>\n<p style=\"text-align: justify;\">La qualit\u00e9 des propositions que nous avons re\u00e7ues refl\u00e8te la force de l\u2019engagement envers la ligue de rugby \u00e0 Salford. Notre d\u00e9cision, qui n\u2019aurait pas pu \u00eatre prise sans la clart\u00e9 et le soutien du conseil municipal de Salford et de son \u00e9quipe de gestion de stade (CosCos), a \u00e9t\u00e9 prise avec les int\u00e9r\u00eats \u00e0 long terme du club, de la communaut\u00e9 locale en son c\u0153ur et du sport de la ligue de rugby dans son ensemble. Nous sommes convaincus que ce r\u00e9sultat fournit une plate-forme solide pour la stabilit\u00e9 et la croissance du club \u00e0 l\u2019avenir.<\/p>\n<\/blockquote>\n<p style=\"text-align: justify;\">Avec un premier match de Championship le 16 janvier face \u00e0 Oldham, les Red Devils ont quatre petites semaines afin de cr\u00e9er une \u00e9quipe comp\u00e9titive.<\/p>\n<p style=\"text-align: justify;\">Avec ce succ\u00e8s, Mason Caton-Brown a dit que c\u2019est \u00e0 partir de maintenant que \u00ab\u00a0le travail acharn\u00e9 commence vraiment\u00a0\u00bb. Selon lui, un entraineur et une liste de joueurs potentiels \u00e9taient d\u00e9j\u00e0 en discussions avant l\u2019approbation de la RFL. Avec Phoenix, l\u2019ancien joueur est \u00e9paul\u00e9 par des personnes qui sont l\u00e0 pour investir avec un joli ch\u00e8que \u00e0 six chiffres.<\/p>\n<p style=\"text-align: justify;\">L\u2019ancien capitaine du club, Ryan Brierley, s\u2019int\u00e8gre aussi \u00e0 ce groupe, lui qui a quitt\u00e9 ses engagements avec Oldham afin d\u2019aider \u00e0 la r\u00e9surrection du club. En effet, il devient le PDG du groupe.<\/p>\n<p style=\"text-align: justify;\">Il a d\u00e9clar\u00e9 :<\/p>\n<blockquote>\n<p style=\"text-align: justify;\">Je tiens \u00e0 remercier sinc\u00e8rement tout le monde \u00e0 Oldham, la direction, le staff, les joueurs, et surtout les fans. Je sais que cela pourrait surprendre, et je suis profond\u00e9ment d\u00e9sol\u00e9 de partir si t\u00f4t, mais c\u2019est quelque chose que j\u2019ai senti que je devais faire.<\/p>\n<p style=\"text-align: justify;\">Salford est dans mon c\u0153ur, et je crois que sauver son h\u00e9ritage de ligue de rugby est quelque chose qui transcende la rivalit\u00e9. J\u2019esp\u00e8re que les incroyables supporters d\u2019Oldham comprennent qu\u2019il s\u2019agit de prot\u00e9ger quelque chose qui nous tient tous \u00e0 c\u0153ur et \u00e0 quel point ils appartiennent \u00e0 un grand club.<\/p>\n<\/blockquote>\n<p style=\"text-align: justify;\">La destruction du club n\u2019aura donc pas tenu longtemps, et son histoire peut donc reprendre.<\/p>\n<blockquote class=\"twitter-tweet\" data-width=\"500\" data-dnt=\"true\">\n<p lang=\"en\" dir=\"ltr\">A decision has been reached with the successful consortium confirmed!<a href=\"https:\/\/t.co\/xDXIv6OwFD\">https:\/\/t.co\/xDXIv6OwFD<\/a><\/p>\n<p>\u2014 All Out Rugby League (@AORugbyLeague) <a href=\"https:\/\/twitter.com\/AORugbyLeague\/status\/2003049905716371908?ref_src=twsrc%5Etfw\" target=\"_blank\" rel=\"noopener\">December 22, 2025<\/a><\/p>\n<\/blockquote>\n<p>        <script async src=\"https:\/\/platform.twitter.com\/widgets.js\" charset=\"utf-8\"><\/script><\/p>\n","protected":false},"excerpt":{"rendered":"La RFL a confirm\u00e9 que le club de Salford va rena\u00eetre quelques semaines apr\u00e8s avoir \u00e9t\u00e9 condamn\u00e9 \u00e0&hellip;\n","protected":false},"author":2,"featured_media":633913,"comment_status":"","ping_status":"","sticky":false,"template":"","format":"standard","meta":{"footnotes":""},"categories":[1416],"tags":[3500,1011,27,479,2228,1468,2229,37523,60],"class_list":{"0":"post-633912","1":"post","2":"type-post","3":"status-publish","4":"format-standard","5":"has-post-thumbnail","7":"category-rugby","8":"tag-championship","9":"tag-fr","10":"tag-france","11":"tag-rugby","12":"tag-rugby-a-xiii","13":"tag-rugby-football","14":"tag-rugby-league","15":"tag-salford-red-devils","16":"tag-sports"},"share_on_mastodon":{"url":"https:\/\/pubeurope.com\/@fr\/115819134471765425","error":""},"_links":{"self":[{"href":"https:\/\/www.europesays.com\/fr\/wp-json\/wp\/v2\/posts\/633912","targetHints":{"allow":["GET"]}}],"collection":[{"href":"https:\/\/www.europesays.com\/fr\/wp-json\/wp\/v2\/posts"}],"about":[{"href":"https:\/\/www.europesays.com\/fr\/wp-json\/wp\/v2\/types\/post"}],"author":[{"embeddable":true,"href":"https:\/\/www.europesays.com\/fr\/wp-json\/wp\/v2\/users\/2"}],"replies":[{"embeddable":true,"href":"https:\/\/www.europesays.com\/fr\/wp-json\/wp\/v2\/comments?post=633912"}],"version-history":[{"count":0,"href":"https:\/\/www.europesays.com\/fr\/wp-json\/wp\/v2\/posts\/633912\/revisions"}],"wp:featuredmedia":[{"embeddable":true,"href":"https:\/\/www.europesays.com\/fr\/wp-json\/wp\/v2\/media\/633913"}],"wp:attachment":[{"href":"https:\/\/www.europesays.com\/fr\/wp-json\/wp\/v2\/media?parent=633912"}],"wp:term":[{"taxonomy":"category","embeddable":true,"href":"https:\/\/www.europesays.com\/fr\/wp-json\/wp\/v2\/categories?post=633912"},{"taxonomy":"post_tag","embeddable":true,"href":"https:\/\/www.europesays.com\/fr\/wp-json\/wp\/v2\/tags?post=633912"}],"curies":[{"name":"wp","href":"https:\/\/api.w.org\/{rel}","templated":true}]}}