{"id":633916,"date":"2026-01-01T09:32:10","date_gmt":"2026-01-01T09:32:10","guid":{"rendered":"https:\/\/www.europesays.com\/fr\/633916\/"},"modified":"2026-01-01T09:32:10","modified_gmt":"2026-01-01T09:32:10","slug":"ineos-grenadiers-leffectif-2026-actualite","status":"publish","type":"post","link":"https:\/\/www.europesays.com\/fr\/633916\/","title":{"rendered":"INEOS Grenadiers : L&rsquo;effectif 2026 &#8211; Actualit\u00e9"},"content":{"rendered":"<p style=\"text-align: justify;\">La saison prochaine, 29\u00a0coureurs feront partie de l&rsquo;effectif d&rsquo;INEOS Grenadiers. La WorldTeam britannique a recrut\u00e9 deux coureurs fran\u00e7ais \u00e0 l&rsquo;intersaison, le Champion national\u00a0<strong><a href=\"https:\/\/www.directvelo.com\/coureur\/10421\/dorian-godon\" target=\"_blank\" rel=\"noopener\">Dorian Godon<\/a><\/strong> (Decathlon AG2R La Mondiale) et le meilleur tricolore du dernier Tour de France,\u00a0<strong><a href=\"https:\/\/www.directvelo.com\/coureur\/27147\/kevin-vauquelin\" target=\"_blank\" rel=\"noopener\">K\u00e9vin Vauquelin<\/a><\/strong> (Ark\u00e9a-B&amp;B H\u00f4tels). Ils rejoignent ainsi <strong><a href=\"https:\/\/www.directvelo.com\/coureur\/25223\/axel-laurance\" target=\"_blank\" rel=\"noopener\">Axel Laurance<\/a><\/strong>, d\u00e9j\u00e0 pr\u00e9sent dans le collectif. INEOS Grenadiers a par ailleurs recrut\u00e9 <strong><a href=\"https:\/\/www.directvelo.com\/coureur\/34487\/oscar-onley\" target=\"_blank\" rel=\"noopener\">Oscar Onley<\/a><\/strong>, en rachetant son contrat chez Team Picnic PostNL.<\/p>\n<p style=\"text-align: justify;\">L&rsquo;ancien vainqueur du Tour de France\u00a0<strong><a href=\"https:\/\/www.directvelo.com\/coureur\/6848\/geraint-thomas\" target=\"_blank\" rel=\"noopener\">Geraint Thomas<\/a><\/strong> met un terme \u00e0 sa carri\u00e8re cycliste mais va rester au sein de la structure en tant que directeur de course.\u00a0<strong\/><\/p>\n<p>L\u2019effectif 2026 d\u2019INEOS Grenadiers :<br \/>Thymen Arensman, 26 ans<br \/>Andrew August, 20 ans<br \/>Egan Bernal, 28 ans<br \/>Laurens De Plus, 30 ans<br \/>Tobias Svendsen Foss, 28 ans<br \/>Filippo Ganna, 29 ans<br \/>Dorian Godon, 29 ans (Decathlon AG2R La Mondiale)<br \/>Jack Haig, 32 ans (Bahrain Victorious)<br \/>Lucas Hamilton, 29 ans<br \/>Peter Oxenberg Hansen, 20 ans (Team Lotto Kern-Haus PSD Bank)<br \/>Kim Alexander Heiduk, 25 ans<br \/>Bob Jungels, 33 ans<br \/>Michal Kwiatkowski, 35 ans<br \/>Victor Langellotti, 30 ans<br \/>Axel Laurance, 24 ans<br \/>Oscar Onley, 23 ans (Team Picnic PostNL)<br \/>Brendon Rivera, 29 ans<br \/>Carlos Rodriguez Cano, 24 ans<br \/>Oscar Rodriguez, 30 ans<br \/>Magnus Sheffield, 23 ans<br \/>Artem Shmidt, 21 ans<br \/>Embret Svestad-Bardseng, 23 ans (Ark\u00e9a-B&amp;B H\u00f4tels)<br \/>Ben Swift, 38 ans<br \/>Connor Swift, 30 ans<br \/>Joshua Tarling, 21 ans<br \/>Ben Turner, 26 ans<br \/>K\u00e9vin Vauquelin, 24 ans (Ark\u00e9a-B&amp;B Hotels)<br \/>Samuel Watson, 24 ans<br \/>Sam Welsford, 29 ans (Red Bull-BORA-Hansgrohe)<\/p>\n<p>Les d\u00e9parts : Jonathan Castroviejo (arr\u00eat), Omar Fraile (arr\u00eat), Michael Leonard (EF Education-EasyPost), Salvatore Puccio (arr\u00eat) et Geraint Thomas (arr\u00eat).<\/p>\n","protected":false},"excerpt":{"rendered":"La saison prochaine, 29\u00a0coureurs feront partie de l&rsquo;effectif d&rsquo;INEOS Grenadiers. La WorldTeam britannique a recrut\u00e9 deux coureurs fran\u00e7ais&hellip;\n","protected":false},"author":2,"featured_media":633917,"comment_status":"","ping_status":"","sticky":false,"template":"","format":"standard","meta":{"footnotes":""},"categories":[1411],"tags":[834,828,836,829,837,827,83,826,824,823,1154,207,814,817,815,816,822,821,832,211,839,1011,27,820,818,819,835,831,830,833,838,60,212,208,825],"class_list":{"0":"post-633916","1":"post","2":"type-post","3":"status-publish","4":"format-standard","5":"has-post-thumbnail","7":"category-cyclisme","8":"tag-attaque","9":"tag-belgique","10":"tag-braquet","11":"tag-bretagne","12":"tag-chute","13":"tag-competition","14":"tag-coupe-de-france","15":"tag-coureur","16":"tag-course-cyclisme","17":"tag-course-cycliste","18":"tag-cycling","19":"tag-cyclisme","20":"tag-direct","21":"tag-direct-velo","22":"tag-directvelo","23":"tag-directvelo-com","24":"tag-epreuve","25":"tag-epreuve-cycliste","26":"tag-federation-francaise-de-cyclisme","27":"tag-ffc","28":"tag-flandres","29":"tag-fr","30":"tag-france","31":"tag-live","32":"tag-live-course","33":"tag-live-epreuve","34":"tag-peloton","35":"tag-radio-peloton","36":"tag-radio-tour","37":"tag-ravitaillement","38":"tag-relance","39":"tag-sports","40":"tag-uci","41":"tag-velo","42":"tag-velos"},"share_on_mastodon":{"url":"https:\/\/pubeurope.com\/@fr\/115819154627040111","error":""},"_links":{"self":[{"href":"https:\/\/www.europesays.com\/fr\/wp-json\/wp\/v2\/posts\/633916","targetHints":{"allow":["GET"]}}],"collection":[{"href":"https:\/\/www.europesays.com\/fr\/wp-json\/wp\/v2\/posts"}],"about":[{"href":"https:\/\/www.europesays.com\/fr\/wp-json\/wp\/v2\/types\/post"}],"author":[{"embeddable":true,"href":"https:\/\/www.europesays.com\/fr\/wp-json\/wp\/v2\/users\/2"}],"replies":[{"embeddable":true,"href":"https:\/\/www.europesays.com\/fr\/wp-json\/wp\/v2\/comments?post=633916"}],"version-history":[{"count":0,"href":"https:\/\/www.europesays.com\/fr\/wp-json\/wp\/v2\/posts\/633916\/revisions"}],"wp:featuredmedia":[{"embeddable":true,"href":"https:\/\/www.europesays.com\/fr\/wp-json\/wp\/v2\/media\/633917"}],"wp:attachment":[{"href":"https:\/\/www.europesays.com\/fr\/wp-json\/wp\/v2\/media?parent=633916"}],"wp:term":[{"taxonomy":"category","embeddable":true,"href":"https:\/\/www.europesays.com\/fr\/wp-json\/wp\/v2\/categories?post=633916"},{"taxonomy":"post_tag","embeddable":true,"href":"https:\/\/www.europesays.com\/fr\/wp-json\/wp\/v2\/tags?post=633916"}],"curies":[{"name":"wp","href":"https:\/\/api.w.org\/{rel}","templated":true}]}}