{"id":633920,"date":"2026-01-01T09:34:11","date_gmt":"2026-01-01T09:34:11","guid":{"rendered":"https:\/\/www.europesays.com\/fr\/633920\/"},"modified":"2026-01-01T09:34:11","modified_gmt":"2026-01-01T09:34:11","slug":"je-suis-inquiete-pour-mes-enfants-vitaa-denonce-une-nouvelle-tentative-de-cambriolage","status":"publish","type":"post","link":"https:\/\/www.europesays.com\/fr\/633920\/","title":{"rendered":"\u00ab\u00a0Je suis inqui\u00e8te pour mes enfants\u00a0\u00bb : Vitaa d\u00e9nonce une nouvelle tentative de cambriolage"},"content":{"rendered":"<p class=\"mb-4 text-lg md:leading-8 break-words\">\u00c0 quelques heures du passage \u00e0 la nouvelle ann\u00e9e, Vitaa annonce avoir \u00e9t\u00e9 victime d&rsquo;une tentative de cambriolage, \u00ab\u00a0pour la troisi\u00e8me fois en trois ans\u00a0\u00bb, sur Instagram.<\/p>\n<p class=\"mb-4 text-lg md:leading-8 break-words\">\u00ab\u00a0Je suis inqui\u00e8te pour mes enfants, leur s\u00e9curit\u00e9, leur tranquillit\u00e9, leur avenir&#8230; J&rsquo;aurais souhait\u00e9 terminer l&rsquo;ann\u00e9e diff\u00e9remment\u00a0\u00bb, \u00e9crit-elle dans sa publication, ce 31 d\u00e9cembre.<\/p>\n<p class=\"mb-4 text-lg md:leading-8 break-words\">La chanteuse a partag\u00e9 les images de ses cam\u00e9ras de surveillance montrant trois hommes habill\u00e9s de noir et cagoul\u00e9s s&rsquo;aventurer sur sa propri\u00e9t\u00e9. Elle et sa famille n&rsquo;\u00e9taient pas pr\u00e9sentes lors de la tentative d&rsquo;effraction.<\/p>\n<p class=\"mb-4 text-lg md:leading-8 break-words\">Une deuxi\u00e8me vid\u00e9o montre les voleurs quittant les lieux les mains vides apr\u00e8s le d\u00e9clenchement de l&rsquo;alarme. \u00ab\u00a0Dieu merci, mon syst\u00e8me, mon \u00e9quipe de s\u00e9curit\u00e9 et les forces de l&rsquo;ordre ont r\u00e9agi rapidement\u00a0\u00bb, poursuit Vitaa sur les r\u00e9seaux sociaux.<\/p>\n<p>Des barres de fer<\/p>\n<p class=\"mb-4 text-lg md:leading-8 break-words\">Cet \u00e9v\u00e9nement n&rsquo;est pas sans rappeler un \u00e9pisode traumatisant. \u00ab\u00a0Il y a deux ans, j\u2019ai v\u00e9cu l\u2019horreur d\u2019un home-jacking et d\u2019une s\u00e9questration, se souvient-elle. Ce matin, r\u00e9veill\u00e9e par la terreur, tous mes sentiments ont refait surface. Quelle tristesse de ne pas se sentir en s\u00e9curit\u00e9 chez soi, dans son propre pays.\u00a0\u00bb<\/p>\n<p class=\"mb-4 text-lg md:leading-8 break-words\">Le domicile de Vitaa avait d\u00e9j\u00e0 \u00e9t\u00e9 cibl\u00e9 par des cambrioleurs, le 20 d\u00e9cembre 2023. Trois individus cagoul\u00e9s et arm\u00e9s s&rsquo;\u00e9taient introduits dans sa maison de Rueil-Malmaison, dans les Hauts-de-Seine au petit matin, alors que toute la famille \u00e9tait pr\u00e9sente.<\/p>\n<p class=\"mb-4 text-lg md:leading-8 break-words\">Les malfaiteurs, munis de b\u00e2tons ou de barres de fer, avaient escalad\u00e9 un balcon et bris\u00e9 une fen\u00eatre. Ils ont s\u00e9questr\u00e9 les trois enfants de la chanteuse dans une chambre, s\u00e9parant ainsi les parents des enfants. Vitaa, son mari Hicham Bendaoud et leurs enfants ont \u00e9t\u00e9 violent\u00e9s pendant l&rsquo;intrusion. Les cambrioleurs ont d\u00e9rob\u00e9 des bijoux et des sacs de luxe avant de prendre la fuite \u00e0 l&rsquo;arriv\u00e9e de la police, alert\u00e9e par le syst\u00e8me d&rsquo;alarme.<\/p>\n<p class=\"mb-4 text-lg md:leading-8 break-words\">Apr\u00e8s ce <a data-i13n=\"cpos:1;pos:1\" href=\"https:\/\/www.bfmtv.com\/police-justice\/video-on-ne-se-sent-plus-en-securite-victime-d-un-violent-home-jacking-l-influenceuse-meltingcurltz-temoigne-au-micro-de-bfmtv_VN-202512110194.html\" rel=\"nofollow noopener\" target=\"_blank\" data-ylk=\"slk:home-jacking;cpos:1;pos:1;elm:context_link;itc:0;sec:content-canvas\" class=\"link \">home-jacking<\/a>, Vitaa et sa famille avaient d\u00e9m\u00e9nag\u00e9 de leur maison de Rueil-Malmaison.<\/p>\n<p class=\"mb-4 text-lg md:leading-8 break-words\"><a data-i13n=\"cpos:2;pos:1\" href=\"https:\/\/www.bfmtv.com\/people\/musique\/je-suis-inquiete-pour-mes-enfants-vitaa-denonce-une-nouvelle-tentative-de-cambriolage_AN-202512310537.html#xtor=AL-68\" rel=\"nofollow noopener\" target=\"_blank\" data-ylk=\"slk:Article original publi\u00e9 sur BFMTV.com;cpos:2;pos:1;elm:context_link;itc:0;sec:content-canvas\" class=\"link \">Article original publi\u00e9 sur BFMTV.com<\/a><\/p>\n","protected":false},"excerpt":{"rendered":"\u00c0 quelques heures du passage \u00e0 la nouvelle ann\u00e9e, Vitaa annonce avoir \u00e9t\u00e9 victime d&rsquo;une tentative de cambriolage,&hellip;\n","protected":false},"author":2,"featured_media":633921,"comment_status":"","ping_status":"","sticky":false,"template":"","format":"standard","meta":{"footnotes":""},"categories":[1359],"tags":[9913,58,1719,59,1011,27,973,25840,26648],"class_list":{"0":"post-633920","1":"post","2":"type-post","3":"status-publish","4":"format-standard","5":"has-post-thumbnail","7":"category-people","8":"tag-cameras-de-surveillance","9":"tag-divertissement","10":"tag-enfants","11":"tag-entertainment","12":"tag-fr","13":"tag-france","14":"tag-people","15":"tag-viktorija-burakauskas","16":"tag-vitaa"},"share_on_mastodon":{"url":"https:\/\/pubeurope.com\/@fr\/115819162312307760","error":""},"_links":{"self":[{"href":"https:\/\/www.europesays.com\/fr\/wp-json\/wp\/v2\/posts\/633920","targetHints":{"allow":["GET"]}}],"collection":[{"href":"https:\/\/www.europesays.com\/fr\/wp-json\/wp\/v2\/posts"}],"about":[{"href":"https:\/\/www.europesays.com\/fr\/wp-json\/wp\/v2\/types\/post"}],"author":[{"embeddable":true,"href":"https:\/\/www.europesays.com\/fr\/wp-json\/wp\/v2\/users\/2"}],"replies":[{"embeddable":true,"href":"https:\/\/www.europesays.com\/fr\/wp-json\/wp\/v2\/comments?post=633920"}],"version-history":[{"count":0,"href":"https:\/\/www.europesays.com\/fr\/wp-json\/wp\/v2\/posts\/633920\/revisions"}],"wp:featuredmedia":[{"embeddable":true,"href":"https:\/\/www.europesays.com\/fr\/wp-json\/wp\/v2\/media\/633921"}],"wp:attachment":[{"href":"https:\/\/www.europesays.com\/fr\/wp-json\/wp\/v2\/media?parent=633920"}],"wp:term":[{"taxonomy":"category","embeddable":true,"href":"https:\/\/www.europesays.com\/fr\/wp-json\/wp\/v2\/categories?post=633920"},{"taxonomy":"post_tag","embeddable":true,"href":"https:\/\/www.europesays.com\/fr\/wp-json\/wp\/v2\/tags?post=633920"}],"curies":[{"name":"wp","href":"https:\/\/api.w.org\/{rel}","templated":true}]}}