{"id":633922,"date":"2026-01-01T09:35:47","date_gmt":"2026-01-01T09:35:47","guid":{"rendered":"https:\/\/www.europesays.com\/fr\/633922\/"},"modified":"2026-01-01T09:35:47","modified_gmt":"2026-01-01T09:35:47","slug":"12-dessins-pour-revenir-sur-lannee-2025","status":"publish","type":"post","link":"https:\/\/www.europesays.com\/fr\/633922\/","title":{"rendered":"12 dessins pour revenir sur l\u2019ann\u00e9e 2025"},"content":{"rendered":"\n<p>       \u2013   <\/p>\n<p>  L\u2019ann\u00e9e 2025 se fait refaire le portrait par B\u00e9n\u00e9dicte <\/p>\n<p class=\"lead regular externalicon-big astro-mrojhlls\"> Ironiques, tendres et grin\u00e7ants, les dessins de ce mill\u00e9sime se d\u00e9gustent sans mod\u00e9ration pour tourner la page.    <\/p>\n<p>        Publi\u00e9: 30.12.2025, 10h02                   <img decoding=\"async\" loading=\"eager\" fetchpriority=\"high\" src=\"https:\/\/www.europesays.com\/fr\/wp-content\/uploads\/2026\/01\/5wxowsZeKlmAOwl1L4k-0a.jpg\" data-image-url=\"https:\/\/www.europesays.com\/fr\/wp-content\/uploads\/2026\/01\/5wxowsZeKlmAOwl1L4k-0a.jpg\" alt=\"Caricature montrant une r\u00e9union sur l\u2019augmentation des primes de maladie, un orateur annonce une hausse de 4,5 %, les participants r\u00e9agissent.\" title=\"Caricature montrant une r\u00e9union sur l\u2019augmentation des primes de maladie, un orateur annonce une hausse de 4,5 %, les participants r\u00e9agissent.\" class=\"ResponsiveImage responsive-image astro-lrzy7jfn\" style=\"background-color:#B8A191\" onload=\"this.style.backgroundColor = &quot;transparent&quot;\"\/>         <\/p>\n<p>Dans l\u2019\u0153il de B\u00e9n\u00e9dicte: la foire d\u2019empoigne des hausses de primes maladie. <\/p>\n<p>B\u00e9n\u00e9dicte<\/p>\n<p>        Abonnez-vous d\u00e8s maintenant et profitez de la fonction de lecture audio. <\/p>\n<p>  S&rsquo;abonner   Se connecter  <\/p>\n<p>    <a href=\"https:\/\/bottalk.io\/\" class=\"bottalklink astro-5ez2hx6t\" target=\"_blank\" rel=\"noreferrer noopener\"> BotTalk <\/a>        <\/p>\n<p class=\"articleParagraph externalicon-big focus _content-width article-element astro-g2qwsodm astro-hwk6bfo3\">Avant de refermer le livre de cette ann\u00e9e 2025, B\u00e9n\u00e9dicte nous r\u00e9gale encore une fois de ses coups de crayons. En remontant le fil de d\u00e9cembre \u00e0 janvier, une s\u00e9lection de douze dessins rembobine douze mois d\u2019actualit\u00e9s d\u00e9cortiqu\u00e9es par \u00ab24\u00a0heures\u00bb, inlassablement traduites en images tendres, ironiques, grin\u00e7antes et dr\u00f4les. Donald Trump, les primes maladie ou encore Meta en prennent pour leur grade. <\/p>\n<p>       <img decoding=\"async\" loading=\"lazy\" src=\"https:\/\/www.europesays.com\/fr\/wp-content\/uploads\/2026\/01\/FtHf_o90KnE9RT22hCpP5C.jpg\" data-image-url=\"https:\/\/www.europesays.com\/fr\/wp-content\/uploads\/2026\/01\/FtHf_o90KnE9RT22hCpP5C.jpg\" alt=\"Caricature montrant un escargot portant une salle de conseil remplie de conseillers, avec un panneau disant \u2019Bienvenue \u00e0 cette nouvelle journ\u00e9e de d\u00e9bat sur le budget\u2026\u2019. Titre en haut \u2019Le d\u00e9bat sur le budget tra\u00eene au Grand Conseil\u2019.\" title=\"Caricature montrant un escargot portant une salle de conseil remplie de conseillers, avec un panneau disant \u2019Bienvenue \u00e0 cette nouvelle journ\u00e9e de d\u00e9bat sur le budget\u2026\u2019. Titre en haut \u2019Le d\u00e9bat sur le budget tra\u00eene au Grand Conseil\u2019.\" class=\"ResponsiveImage responsive-image astro-lrzy7jfn\" style=\"background-color:#96856D\" onload=\"this.style.backgroundColor = &quot;transparent&quot;\"\/>           <\/p>\n<p>B\u00e9n\u00e9dicte<\/p>\n<p>        <img decoding=\"async\" loading=\"lazy\" src=\"https:\/\/www.europesays.com\/fr\/wp-content\/uploads\/2026\/01\/EoMByUW0qKG8JakHrU86MA.jpg\" data-image-url=\"https:\/\/www.europesays.com\/fr\/wp-content\/uploads\/2026\/01\/EoMByUW0qKG8JakHrU86MA.jpg\" alt=\"Une sage-femme crie en col\u00e8re, tenant un b\u00e9b\u00e9, devant la porte ferm\u00e9e du \u2019Bureau de la direction\u2019, avec une pancarte au-dessus qui dit: \u2019Les sages-femmes r\u00e9clament de meilleures conditions de travail\u2019.\" title=\"Une sage-femme crie en col\u00e8re, tenant un b\u00e9b\u00e9, devant la porte ferm\u00e9e du \u2019Bureau de la direction\u2019, avec une pancarte au-dessus qui dit: \u2019Les sages-femmes r\u00e9clament de meilleures conditions de travail\u2019.\" class=\"ResponsiveImage responsive-image astro-lrzy7jfn\" style=\"background-color:#8A8479\" onload=\"this.style.backgroundColor = &quot;transparent&quot;\"\/>           <\/p>\n<p>B\u00e9n\u00e9dicte<\/p>\n<p>        <img decoding=\"async\" loading=\"lazy\" src=\"https:\/\/www.europesays.com\/fr\/wp-content\/uploads\/2026\/01\/1tD35vz0KN4B3WDgO3V57h.jpg\" data-image-url=\"https:\/\/www.europesays.com\/fr\/wp-content\/uploads\/2026\/01\/1tD35vz0KN4B3WDgO3V57h.jpg\" alt=\"Caricature montrant deux personnages d\u00e9guis\u00e9s en William Tell avec des QR codes \u00e0 la place de leurs t\u00eates, une pomme sur la t\u00eate du plus petit, et la l\u00e9gende \u2019L\u2019identit\u00e9 \u00e9lectronique est accept\u00e9e de justesse\u2019.\" title=\"Caricature montrant deux personnages d\u00e9guis\u00e9s en William Tell avec des QR codes \u00e0 la place de leurs t\u00eates, une pomme sur la t\u00eate du plus petit, et la l\u00e9gende \u2019L\u2019identit\u00e9 \u00e9lectronique est accept\u00e9e de justesse\u2019.\" class=\"ResponsiveImage responsive-image astro-lrzy7jfn\" style=\"background-color:#AD9D74\" onload=\"this.style.backgroundColor = &quot;transparent&quot;\"\/>           <\/p>\n<p>B\u00e9n\u00e9dicte<\/p>\n<p>        <img decoding=\"async\" loading=\"lazy\" src=\"https:\/\/www.europesays.com\/fr\/wp-content\/uploads\/2026\/01\/5wxowsZeKlmAOwl1L4k-0a.jpg\" data-image-url=\"https:\/\/www.europesays.com\/fr\/wp-content\/uploads\/2026\/01\/5wxowsZeKlmAOwl1L4k-0a.jpg\" alt=\"Caricature repr\u00e9sentant une r\u00e9union, o\u00f9 un homme annonce une augmentation des primes maladies de 4,5 % pour 2024. L\u2019audience, compos\u00e9e d\u2019hommes en costume, propose d\u2019autres chiffres, comme 5 %, illustrant la complexit\u00e9 du calcul des primes. Titre en haut : \u2019Le compliqu\u00e9 calcul des primes maladies a commenc\u00e9\u2019.\" title=\"Caricature repr\u00e9sentant une r\u00e9union, o\u00f9 un homme annonce une augmentation des primes maladies de 4,5 % pour 2024. L\u2019audience, compos\u00e9e d\u2019hommes en costume, propose d\u2019autres chiffres, comme 5 %, illustrant la complexit\u00e9 du calcul des primes. Titre en haut : \u2019Le compliqu\u00e9 calcul des primes maladies a commenc\u00e9\u2019.\" class=\"ResponsiveImage responsive-image astro-lrzy7jfn\" style=\"background-color:#B8A191\" onload=\"this.style.backgroundColor = &quot;transparent&quot;\"\/>           <\/p>\n<p>B\u00e9n\u00e9dicte<\/p>\n<p>        <img decoding=\"async\" loading=\"lazy\" src=\"https:\/\/www.europesays.com\/fr\/wp-content\/uploads\/2026\/01\/E_CZaNMia6wANu5tukIHDc.jpg\" data-image-url=\"https:\/\/www.europesays.com\/fr\/wp-content\/uploads\/2026\/01\/E_CZaNMia6wANu5tukIHDc.jpg\" alt=\"Dessin montrant des \u00e9meutiers masqu\u00e9s affrontant des policiers anti-\u00e9meute, avec des feux et des graffiti agressifs. Texte: \u2019\u00c9meutes apr\u00e8s la mort d\u2019un adolescent poursuivi par la police.\u2019 Dialogue entre un \u00e9meutier et un policier: \u2019Soit, on fait trop peur\u2026\u2019 et \u2019\u2026 soit pas assez!\u2019\" title=\"Dessin montrant des \u00e9meutiers masqu\u00e9s affrontant des policiers anti-\u00e9meute, avec des feux et des graffiti agressifs. Texte: \u2019\u00c9meutes apr\u00e8s la mort d\u2019un adolescent poursuivi par la police.\u2019 Dialogue entre un \u00e9meutier et un policier: \u2019Soit, on fait trop peur\u2026\u2019 et \u2019\u2026 soit pas assez!\u2019\" class=\"ResponsiveImage responsive-image astro-lrzy7jfn\" style=\"background-color:#86A0BE\" onload=\"this.style.backgroundColor = &quot;transparent&quot;\"\/>           <\/p>\n<p>B\u00e9n\u00e9dicte<\/p>\n<p>        <img decoding=\"async\" loading=\"lazy\" src=\"https:\/\/www.europesays.com\/fr\/wp-content\/uploads\/2026\/01\/3NeeeZPwadh8fWcEJVooVx.jpg\" data-image-url=\"https:\/\/www.europesays.com\/fr\/wp-content\/uploads\/2026\/01\/3NeeeZPwadh8fWcEJVooVx.jpg\" alt=\"Caricature montrant un homme recevant un faux mail, un faux appel de banque, et la visite d\u2019un faux policier, illustrant les arnaques modernes.\" title=\"Caricature montrant un homme recevant un faux mail, un faux appel de banque, et la visite d\u2019un faux policier, illustrant les arnaques modernes.\" class=\"ResponsiveImage responsive-image astro-lrzy7jfn\" style=\"background-color:#AFC1A3\" onload=\"this.style.backgroundColor = &quot;transparent&quot;\"\/>           <\/p>\n<p>B\u00e9n\u00e9dicte<\/p>\n<p>        <img decoding=\"async\" loading=\"lazy\" src=\"https:\/\/www.europesays.com\/fr\/wp-content\/uploads\/2026\/01\/10YQu-BCqN-8JRsXJKfoi5.jpg\" data-image-url=\"https:\/\/www.europesays.com\/fr\/wp-content\/uploads\/2026\/01\/10YQu-BCqN-8JRsXJKfoi5.jpg\" alt=\"Dessin humoristique d\u2019un cycliste sur une bicyclette aux roues absurdes et m\u00e9caniques, rendant hommage \u00e0 Tinguely pour le Tour de Romandie.\" title=\"Dessin humoristique d\u2019un cycliste sur une bicyclette aux roues absurdes et m\u00e9caniques, rendant hommage \u00e0 Tinguely pour le Tour de Romandie.\" class=\"ResponsiveImage responsive-image astro-lrzy7jfn\" style=\"background-color:#777669\" onload=\"this.style.backgroundColor = &quot;transparent&quot;\"\/>           <\/p>\n<p>B\u00e9n\u00e9dicte<\/p>\n<p>        <img decoding=\"async\" loading=\"lazy\" src=\"https:\/\/www.europesays.com\/fr\/wp-content\/uploads\/2026\/01\/CKP8NguPaaI9_5nJXsjsnI.jpg\" data-image-url=\"https:\/\/www.europesays.com\/fr\/wp-content\/uploads\/2026\/01\/CKP8NguPaaI9_5nJXsjsnI.jpg\" alt=\"Deux personnes assises \u00e0 une table, l\u2019une lisant un journal marqu\u00e9e \u201924 Heures\u2019 et l\u2019autre fix\u00e9e sur son t\u00e9l\u00e9phone avec un robot IA qui l\u2019observe. La bulle texte dit \u2019C\u2019est vraiment pratique, cette IA !\u2019.\" title=\"Deux personnes assises \u00e0 une table, l\u2019une lisant un journal marqu\u00e9e \u201924 Heures\u2019 et l\u2019autre fix\u00e9e sur son t\u00e9l\u00e9phone avec un robot IA qui l\u2019observe. La bulle texte dit \u2019C\u2019est vraiment pratique, cette IA !\u2019.\" class=\"ResponsiveImage responsive-image astro-lrzy7jfn\" style=\"background-color:#9A9A88\" onload=\"this.style.backgroundColor = &quot;transparent&quot;\"\/>           <\/p>\n<p>B\u00e9n\u00e9dicte<\/p>\n<p>        <img decoding=\"async\" loading=\"lazy\" src=\"https:\/\/www.europesays.com\/fr\/wp-content\/uploads\/2026\/01\/DIePOyg5K249tDVl2FVt_s.jpg\" data-image-url=\"https:\/\/www.europesays.com\/fr\/wp-content\/uploads\/2026\/01\/DIePOyg5K249tDVl2FVt_s.jpg\" alt=\"Caricature de Trump \u00e0 un bureau ovale, disant &quot;Bien s\u00fbr, je vais taxer les m\u00e9dicaments\u2026 \u00e0 commencer par l\u2019eau de javel !&quot; avec un drapeau am\u00e9ricain en arri\u00e8re-plan.\" title=\"Caricature de Trump \u00e0 un bureau ovale, disant &quot;Bien s\u00fbr, je vais taxer les m\u00e9dicaments\u2026 \u00e0 commencer par l\u2019eau de javel !&quot; avec un drapeau am\u00e9ricain en arri\u00e8re-plan.\" class=\"ResponsiveImage responsive-image astro-lrzy7jfn\" style=\"background-color:#797073\" onload=\"this.style.backgroundColor = &quot;transparent&quot;\"\/>           <\/p>\n<p>B\u00e9n\u00e9dicte<\/p>\n<p>        <img decoding=\"async\" loading=\"lazy\" src=\"https:\/\/www.europesays.com\/fr\/wp-content\/uploads\/2026\/01\/FCmMcPAfKnd9m4dLVPeSXn.jpg\" data-image-url=\"https:\/\/www.europesays.com\/fr\/wp-content\/uploads\/2026\/01\/FCmMcPAfKnd9m4dLVPeSXn.jpg\" alt=\"Dessin humoristique montrant des loups anthropomorphes marchant dans le quartier des Plaines-du-Loup, \u00e9voquant des incivilit\u00e9s nocturnes. Un feu de poubelle est visible, tandis qu\u2019un couple regarde depuis une fen\u00eatre.\" title=\"Dessin humoristique montrant des loups anthropomorphes marchant dans le quartier des Plaines-du-Loup, \u00e9voquant des incivilit\u00e9s nocturnes. Un feu de poubelle est visible, tandis qu\u2019un couple regarde depuis une fen\u00eatre.\" class=\"ResponsiveImage responsive-image astro-lrzy7jfn\" style=\"background-color:#66879A\" onload=\"this.style.backgroundColor = &quot;transparent&quot;\"\/>           <\/p>\n<p>B\u00e9n\u00e9dicte<\/p>\n<p>        <img decoding=\"async\" loading=\"lazy\" src=\"https:\/\/www.europesays.com\/fr\/wp-content\/uploads\/2026\/01\/6u5e7N-zqI_A9s58SFBIz4.jpg\" data-image-url=\"https:\/\/www.europesays.com\/fr\/wp-content\/uploads\/2026\/01\/6u5e7N-zqI_A9s58SFBIz4.jpg\" alt=\"Caricature d\u2019une personne portant une \u00e9norme bo\u00eete vers un bureau de poste, marqu\u00e9e \u2019retours Zalando\u2019. Texte : \u2019La moiti\u00e9 des v\u00eatements command\u00e9s en ligne sont retourn\u00e9s\u2019.\" title=\"Caricature d\u2019une personne portant une \u00e9norme bo\u00eete vers un bureau de poste, marqu\u00e9e \u2019retours Zalando\u2019. Texte : \u2019La moiti\u00e9 des v\u00eatements command\u00e9s en ligne sont retourn\u00e9s\u2019.\" class=\"ResponsiveImage responsive-image astro-lrzy7jfn\" style=\"background-color:#ACA380\" onload=\"this.style.backgroundColor = &quot;transparent&quot;\"\/>           <\/p>\n<p>B\u00e9n\u00e9dicte<\/p>\n<p>        <img decoding=\"async\" loading=\"lazy\" src=\"https:\/\/www.europesays.com\/fr\/wp-content\/uploads\/2026\/01\/0gGMR3ksK7y9xTlSp47r06.jpg\" data-image-url=\"https:\/\/www.europesays.com\/fr\/wp-content\/uploads\/2026\/01\/0gGMR3ksK7y9xTlSp47r06.jpg\" alt=\"Dessin comm\u00e9moratif montrant une bo\u00eete de crayons \u2019Charlie\u2019 avec cinq crayons marqu\u00e9s des noms des dessinateurs de Charlie Hebdo, en hommage aux dessinateurs tu\u00e9s il y a dix ans, dat\u00e9 le 7.1.2023.\" title=\"Dessin comm\u00e9moratif montrant une bo\u00eete de crayons \u2019Charlie\u2019 avec cinq crayons marqu\u00e9s des noms des dessinateurs de Charlie Hebdo, en hommage aux dessinateurs tu\u00e9s il y a dix ans, dat\u00e9 le 7.1.2023.\" class=\"ResponsiveImage responsive-image astro-lrzy7jfn\" style=\"background-color:#8B9D9E\" onload=\"this.style.backgroundColor = &quot;transparent&quot;\"\/>         Le 7\u00a0janvier. Dix ans apr\u00e8s l\u2019attentat de \u00abCharlie Hebdo\u00bb, le t\u00e9moignage de Michel Catalano, l\u2019imprimeur qui a crois\u00e9 la route des terroristes ce 9\u00a0janvier 2015 ( <a class=\"noExternalIcon astro-hwk6bfo3\" target=\"_self\" href=\"https:\/\/www.24heures.ch\/michel-catalano-raconte-son-terrifiant-face-a-face-avec-les-tueurs-de-charlie-hebdo-989601613575\" data-article-link=\"https:\/\/www.24heures.ch\/michel-catalano-raconte-son-terrifiant-face-a-face-avec-les-tueurs-de-charlie-hebdo-989601613575\" rel=\"noopener\">\u00abJ\u2019ai tout vu sur les visages des Kouachi\u00bb<\/a>: le terrifiant face-\u00e0-face de Michel Catalano\u00bb).   <\/p>\n<p>B\u00e9n\u00e9dicte<\/p>\n<p class=\"boxtitle astro-42aj3uwb astro-hwk6bfo3\">En dessins, le canton de Vaud et au-del\u00e0 <\/p>\n<p>        Newsletter   <\/p>\n<p>\u00abDerni\u00e8res nouvelles\u00bb<\/p>\n<p> Vous voulez rester au top de l\u2019info? \u00ab24 heures\u00bb vous propose deux rendez-vous par jour, pour ne rien rater de ce qui se passe dans votre Canton, en Suisse ou dans le monde. <\/p>\n<p class=\"astro-cztuaoj5\"> <a class=\"more astro-cztuaoj5\" href=\"https:\/\/www.24heures.ch\/nos-newsletters\" target=\"_blank\" rel=\"noopener\"> Autres newsletters <\/a> <\/p>\n<p>     Se connecter           <\/p>\n<p class=\"Feedback content-width astro-kvtdmsee\"> Vous avez trouv\u00e9 une erreur? <a href=\"https:\/\/www.24heures.ch\/mailto:tes_correction@tamedia.ch?subject=Avis%20d\" erreur=\"\" class=\"feedbacklink _underlinelink astro-kvtdmsee\" target=\"_blank\" rel=\"noopener\"> Merci de nous la signaler. <\/a> <\/p>\n<p>Dans l\u2019\u0153il de B\u00e9n\u00e9dicte: la foire d\u2019empoigne des hausses de primes maladie. <\/p>\n<p>B\u00e9n\u00e9dicte<\/p>\n<p>   Le 7\u00a0janvier. Dix ans apr\u00e8s l\u2019attentat de \u00abCharlie Hebdo\u00bb, le t\u00e9moignage de Michel Catalano, l\u2019imprimeur qui a crois\u00e9 la route des terroristes ce 9\u00a0janvier 2015 ( <a class=\"noExternalIcon astro-hwk6bfo3\" target=\"_self\" href=\"https:\/\/www.24heures.ch\/michel-catalano-raconte-son-terrifiant-face-a-face-avec-les-tueurs-de-charlie-hebdo-989601613575\" data-article-link=\"https:\/\/www.24heures.ch\/michel-catalano-raconte-son-terrifiant-face-a-face-avec-les-tueurs-de-charlie-hebdo-989601613575\" rel=\"noopener\">\u00abJ\u2019ai tout vu sur les visages des Kouachi\u00bb<\/a>: le terrifiant face-\u00e0-face de Michel Catalano\u00bb).   <\/p>\n<p>B\u00e9n\u00e9dicte<\/p>\n","protected":false},"excerpt":{"rendered":"\u2013 L\u2019ann\u00e9e 2025 se fait refaire le portrait par B\u00e9n\u00e9dicte Ironiques, tendres et grin\u00e7ants, les dessins de ce&hellip;\n","protected":false},"author":2,"featured_media":633923,"comment_status":"","ping_status":"","sticky":false,"template":"","format":"standard","meta":{"footnotes":""},"categories":[1358],"tags":[1348,1384,1385,1386,58,59,1011,27,19446,37086,2300],"class_list":{"0":"post-633922","1":"post","2":"type-post","3":"status-publish","4":"format-standard","5":"has-post-thumbnail","7":"category-arts-et-design","8":"tag-arts","9":"tag-arts-and-design","10":"tag-arts-et-design","11":"tag-design","12":"tag-divertissement","13":"tag-entertainment","14":"tag-fr","15":"tag-france","16":"tag-municipality-lausanne","17":"tag-stats-editorial-team","18":"tag-stats-seo"},"share_on_mastodon":{"url":"https:\/\/pubeurope.com\/@fr\/115819170484689463","error":""},"_links":{"self":[{"href":"https:\/\/www.europesays.com\/fr\/wp-json\/wp\/v2\/posts\/633922","targetHints":{"allow":["GET"]}}],"collection":[{"href":"https:\/\/www.europesays.com\/fr\/wp-json\/wp\/v2\/posts"}],"about":[{"href":"https:\/\/www.europesays.com\/fr\/wp-json\/wp\/v2\/types\/post"}],"author":[{"embeddable":true,"href":"https:\/\/www.europesays.com\/fr\/wp-json\/wp\/v2\/users\/2"}],"replies":[{"embeddable":true,"href":"https:\/\/www.europesays.com\/fr\/wp-json\/wp\/v2\/comments?post=633922"}],"version-history":[{"count":0,"href":"https:\/\/www.europesays.com\/fr\/wp-json\/wp\/v2\/posts\/633922\/revisions"}],"wp:featuredmedia":[{"embeddable":true,"href":"https:\/\/www.europesays.com\/fr\/wp-json\/wp\/v2\/media\/633923"}],"wp:attachment":[{"href":"https:\/\/www.europesays.com\/fr\/wp-json\/wp\/v2\/media?parent=633922"}],"wp:term":[{"taxonomy":"category","embeddable":true,"href":"https:\/\/www.europesays.com\/fr\/wp-json\/wp\/v2\/categories?post=633922"},{"taxonomy":"post_tag","embeddable":true,"href":"https:\/\/www.europesays.com\/fr\/wp-json\/wp\/v2\/tags?post=633922"}],"curies":[{"name":"wp","href":"https:\/\/api.w.org\/{rel}","templated":true}]}}