{"id":633924,"date":"2026-01-01T09:37:13","date_gmt":"2026-01-01T09:37:13","guid":{"rendered":"https:\/\/www.europesays.com\/fr\/633924\/"},"modified":"2026-01-01T09:37:13","modified_gmt":"2026-01-01T09:37:13","slug":"exclu-yoann-freget-que-devient-le-gagnant-de-the-voice-12-ans-apres-sa-victoire-on-a-retrouve-et-echange-avec-celui-qui-vit-loin-de-la-france","status":"publish","type":"post","link":"https:\/\/www.europesays.com\/fr\/633924\/","title":{"rendered":"EXCLU Yoann Fr\u00e9get : Que devient le gagnant de The Voice 12 ans apr\u00e8s sa victoire ? On a retrouv\u00e9 et \u00e9chang\u00e9 avec celui qui vit loin de la France"},"content":{"rendered":"<p>                <img loading=\"lazy\" decoding=\"async\" src=\"https:\/\/www.europesays.com\/fr\/wp-content\/uploads\/2025\/04\/145-6602e1ce8ddc4-35x35-1.jpg\" class=\"author-article-picture\" width=\"35\" height=\"35\"\/><\/p>\n<p>                    Par<\/p>\n<p>                                            <a class=\"author-article-bio-link\" href=\"https:\/\/www.purepeople.com\/auteur\/lucie-gosselin_a145\" target=\"_blank\" rel=\"noopener\">Lucie Gosselin<\/a><\/p>\n<p>                    |<\/p>\n<p>                                            R\u00e9dactrice<\/p>\n<p>\n                Journaliste passionn\u00e9e, depuis plus de 10 ans, je r\u00e9alise des enqu\u00eates, des portraits, des reportages ou des interviews.\n            <\/p>\n<p>\n    Douze ans apr\u00e8s sa victoire \u00e0 \u00ab\u00a0The Voice\u00a0\u00bb, Yoann Fr\u00e9get est rest\u00e9 fid\u00e8le \u00e0 son univers musical, celui du gospel et de la soul. Pour s&rsquo;y \u00e9panouir pleinement, le chanteur a choisi il y a 9 mois de repartir vivre aux \u00c9tats-Unis, o\u00f9 il poursuit sa carri\u00e8re sous le nom de Yoann FreeJay. Sa vie \u00e0 New-York, sa foi, son rapport \u00e0 la musique, aux r\u00e9seaux sociaux, au showbiz en France, ses amours\u2026 L\u2019artiste a accept\u00e9 de se livrer \u00e0 \u00ab\u00a0Purepeople\u00a0\u00bb, avec la sinc\u00e9rit\u00e9 et la douceur qui le caract\u00e9risent.\n<\/p>\n<p>                            <img loading=\"lazy\" decoding=\"async\" class=\"player-thumbnail\" src=\"https:\/\/www.europesays.com\/fr\/wp-content\/uploads\/2026\/01\/3696fabcf6677bfb-580x326-2.jpg\" width=\"580\" height=\"326\"\/><\/p>\n<p>                            EXCLU Yoann Fr\u00e9get : Que devient le gagnant de The Voice 12 ans apr\u00e8s sa victoire ? On a retrouv\u00e9 et \u00e9chang\u00e9 avec celui qui vit loin de la France<\/p>\n<p>La suite apr\u00e8s la publicit\u00e9<\/p>\n<p>\u00ab\u00a0Dimanche 21 d\u00e9cembre, 16h30. Rejoignez-nous pour une joyeuse soir\u00e9e de louanges, de musique et de convivialit\u00e9 au concert des vacances de l\u2019\u00e9glise Wallace Temple AME Zion.\u00a0\u00bb Sur l\u2019affiche, aux couleurs de No\u00ebl, le visage de celui qui, <a href=\"https:\/\/www.purepeople.com\/article\/yoann-freget-the-voice-2-change-de-nom-et-tente-une-carriere-americaine_a182620\/1\" target=\"_blank\" rel=\"noopener\">depuis 2016, s\u2019est rebaptis\u00e9 Yoann FreeJay,<\/a> s\u2019affiche aux c\u00f4t\u00e9s d\u2019autres groupes et artistes afro-am\u00e9ricains. Lorsque nous nous entretenons au t\u00e9l\u00e9phone avec<strong> l\u2019ancien vainqueur de <\/strong><strong>The Voice<\/strong>, lundi 22 d\u00e9cembre, le concert a d\u00e9j\u00e0 eu lieu dans cette petite chapelle du New Jersey, \u00e0 quelques kilom\u00e8tres \u00e0 vol d\u2019oiseau de la statue de la Libert\u00e9. <strong>Une libert\u00e9 que l\u2019artiste de 38 ans semble \u00eatre revenu chercher aux \u00c9tats-Unis<\/strong>, terre o\u00f9 le gospel, cette musique qui fait battre son c\u0153ur, est n\u00e9 au milieu du XIXe si\u00e8cle.<\/p>\n<p><strong>En ligne, Yoann Fr\u00e9get est encore envahi par la joie<\/strong> que lui a procur\u00e9e cette repr\u00e9sentation. \u00ab\u00a0Hier soir, c\u2019\u00e9tait magique. J\u2019avais d\u00e9j\u00e0 v\u00e9cu un an aux \u00c9tats-Unis, mais c\u2019est vraiment une des raisons pour lesquelles je suis revenu m\u2019y installer : pour continuer ma carri\u00e8re dans le gospel. <strong>Je suis toujours tr\u00e8s honor\u00e9 quand je suis invit\u00e9 par la communaut\u00e9 afro-am\u00e9ricaine \u00e0 chanter dans les \u00e9glises<\/strong>. Je ressens toute cette culture, le public est tr\u00e8s touch\u00e9, des petites mamies viennent me prendre les mains. C\u2019est vraiment un \u00e9change du c\u0153ur, quelque chose qui me nourrit.\u00a0\u00bb<\/p>\n<p>En 2016, trois ans apr\u00e8s sa victoire \u00e0 The Voice, le chanteur avait quitt\u00e9 la France <strong>en d\u00e9non\u00e7ant ceux qui, apr\u00e8s le t\u00e9l\u00e9-crochet, ne l\u2019avaient pas aid\u00e9<\/strong>. \u00ab\u00a0J\u2019ai fait la promotion de mon album avec seulement l\u2019aide de mon manager et de mon attach\u00e9e de presse, et non pas avec le soutien de ceux qui auraient d\u00fb\u2026 Ces gens-l\u00e0 [la production de l\u2019\u00e9mission et la maison de disques] <a href=\"https:\/\/www.purepeople.com\/article\/yoann-freget-tacle-the-voice-ces-gens-la-ne-respectent-pas-le-public_a159732\/1\" target=\"_blank\" rel=\"noopener\">ne respectent absolument pas le public<\/a>\u00ab\u00a0, avait-il l\u00e2ch\u00e9 \u00e0 nos confr\u00e8res de 20 Minutes.<\/p>\n<p>\u00a0<\/p>\n<p>\u00a0 \u00ab\u00a0J\u2019ai toujours refus\u00e9 de jouer ce r\u00f4le et j\u2019ai conscience que \u00e7a a pu me fermer certaines portes\u00a0\u00bb<\/p>\n<p>\u00a0<\/p>\n<p>Des propos qu\u2019il compl\u00e8te aujourd\u2019hui\u2026 \u00ab\u00a0Quand j\u2019ai gagn\u00e9 The Voice, se rem\u00e9more-t-il, <strong>j\u2019ai refus\u00e9 d\u2019avoir des gardes du corps, j\u2019ai continu\u00e9 de prendre le m\u00e9tro. <\/strong>Mais cette accessibilit\u00e9 que je cultivais, j\u2019ai compris qu\u2019elle d\u00e9rangeait. Que certaines personnes qui m\u2019entouraient dans le milieu du show-business auraient aim\u00e9 que je sois plus inaccessible. J\u2019ai toujours refus\u00e9 de jouer ce r\u00f4le et j\u2019ai conscience que \u00e7a a pu me fermer certaines portes. Qu\u2019importe, \u00e7a en a ouvert tellement d\u2019autres. C\u2019est peut-\u00eatre ce qui a fait que <a href=\"https:\/\/www.purepeople.com\/people\/lara-fabian_p61\" target=\"_blank\" rel=\"noopener\">Lara Fabian<\/a> est venue me chercher pour faire un duo avec elle. Elle chante vraiment avec son \u00e2me et je suis rest\u00e9 en lien avec elle.\u00a0\u00bb<\/p>\n<p>Il ne peut pas en dire autant de ceux qui l\u2019ont port\u00e9 vers la victoire \u00e0 The Voice. Lorsqu\u2019on lui demande quels contacts il a gard\u00e9s avec <a href=\"https:\/\/www.purepeople.com\/people\/garou_p307\" target=\"_blank\" rel=\"noopener\">Garou<\/a>, son coach, et les autres, il marque un temps d\u2019arr\u00eat puis lance, en riant : \u00ab\u00a0Question suivante ?\u00a0\u00bb Avant de conclure : \u00ab\u00a0Ma porte est grande ouverte pour pouvoir continuer \u00e0 partager.\u00a0\u00bb\u00a0<\/p>\n<p>\u00a0<\/p>\n<p>Lors de son premier s\u00e9jour aux \u00c9tats-Unis, Yoann avait d\u00e9j\u00e0 trouv\u00e9 cet esprit soul qui l\u2019a toujours habit\u00e9, celui qui lui avait permis, lorsqu\u2019il s\u2019\u00e9tait pr\u00e9sent\u00e9 sur le plateau de l\u2019\u00e9mission pr\u00e9sent\u00e9e par <a href=\"https:\/\/www.purepeople.com\/people\/nikos-aliagas_p314\" target=\"_blank\" rel=\"noopener\">Nikos<\/a>, dans son sobre costume gris et sa chemise rose, de faire se retourner sur lui Garou, <a href=\"https:\/\/www.purepeople.com\/people\/louis-bertignac_p1147\" target=\"_blank\" rel=\"noopener\">Louis Bertignac<\/a>, <a href=\"https:\/\/www.purepeople.com\/people\/jenifer_p55\" target=\"_blank\" rel=\"noopener\">Jenifer<\/a> et <a href=\"https:\/\/www.purepeople.com\/people\/florent-pagny_p135\" target=\"_blank\" rel=\"noopener\">Florent Pagny<\/a>. Apr\u00e8s une d\u00e9cennie pass\u00e9e en France \u00e0 faire des concerts, \u00e0 donner des cours de chant, \u00e0 pratiquer la musicoth\u00e9rapie ou encore \u00e0 <a href=\"https:\/\/www.purepeople.com\/article\/the-voice-un-ancien-gagnant-part-a-la-conquete-des-metros-de-paris_a364058\/1\" target=\"_blank\" rel=\"noopener\">chanter dans le m\u00e9tro parisien<\/a> pour assouvir un r\u00eave, ainsi qu\u2019il l\u2019avait racont\u00e9, le voici donc, \u00e0 38 ans, de retour \u00e0 New York.<\/p>\n<p>En interview, sa voix, puissante lorsqu\u2019il chante, se mue en un filet doux et fluet, parfois interrompu par <a href=\"https:\/\/www.purepeople.com\/article\/yoann-freget-the-voice-begue-raconte-les-humiliations-qu-il-a-subies_a139717\/1\" target=\"_blank\" rel=\"noopener\">ce l\u00e9ger b\u00e9gaiement qui lui a valu bien des humiliations<\/a>. Une voix anim\u00e9e autant par la joie, \u00e9motion qui guide les pas de ce gar\u00e7on sensible, <a href=\"https:\/\/www.purepeople.com\/article\/yoann-freget-the-voice-2-un-crooner-cosmopolite-pour-ca-vient-de-la-haut_a131556\/1\" target=\"_blank\" rel=\"noopener\">que par la foi<\/a>. \u00ab\u00a0Ma spiritualit\u00e9 est tr\u00e8s ancr\u00e9e dans le concret, nous explique-t-il. En aimant notre prochain, on aime r\u00e9ellement Dieu, parce que cette lumi\u00e8re est en nous tous. Et \u00e9videmment, le gospel, \u00e0 plus forte raison ici o\u00f9 les talents sont innombrables, englobe toute cette spiritualit\u00e9 et cette communion avec les gens. <strong>Je suis tellement fier d\u2019appartenir \u00e0 cette communaut\u00e9.<\/strong>\u00ab\u00a0<\/p>\n<p>\u00a0<\/p>\n<p>Il chante dans des palaces, des clubs prestigieux ou des parcs avec des SDF<\/p>\n<p>Une fiert\u00e9 qui a logiquement pouss\u00e9 le chanteur fran\u00e7ais, <strong>sit\u00f4t obtenu le graal du visa d\u2019artiste<\/strong> officiellement intitul\u00e9 \u00ab\u00a0Alien with extraordinary abilities\u00a0\u00bb, \u00e0 venir intentionnellement s\u2019installer dans le quartier de Harlem, berceau de la culture afro-am\u00e9ricaine, du jazz, de la soul et du gospel, au nord de la Grosse Pomme. \u00ab\u00a0Le quartier de Harlem n\u2019a pas l\u2019image qu\u2019il pouvait avoir jadis, souligne-t-il. Je m\u2019y sens totalement en s\u00e9curit\u00e9. Je n\u2019y ai jamais eu aucun souci. Les gens ont \u00e9t\u00e9 tr\u00e8s accueillants avec moi, tr\u00e8s respectueux.\u00a0\u00bb<\/p>\n<p>C\u2019est l\u00e0,<strong> dans un petit parc non loin de chez lui<\/strong>, qu\u2019il se rend r\u00e9guli\u00e8rement pour m\u00e9diter et pour chanter. \u00ab\u00a0Il arrive que des sans-abri viennent s\u2019asseoir \u00e0 c\u00f4t\u00e9 de moi et m\u2019\u00e9coutent. Des moments merveilleux.\u00a0\u00bb<\/p>\n<p>\u00c0 Harlem, l\u2019artiste baigne dans le milieu musical qu\u2019il aime. Il participe r\u00e9guli\u00e8rement \u00e0 des jam sessions o\u00f9 des artistes, dont certains tr\u00e8s connues, viennent improviser, parfois jusqu\u2019au bout de la nuit. C\u2019est aussi dans ce quartier qu\u2019il est invit\u00e9 dans des clubs de jazz, comme le c\u00e9l\u00e8bre Red Rooster. Mais il se produit \u00e9galement ailleurs. \u00ab\u00a0J\u2019ai eu la chance de faire deux concerts dans l\u2019h\u00f4tel le plus prestigieux de NYC, le Aman, sur la Ve avenue. C\u2019\u00e9tait extraordinaire parce que, g\u00e9n\u00e9ralement, cet endroit ne s\u2019ouvre qu\u2019\u00e0 des grands de la sc\u00e8ne new-yorkaise\u00a0\u00bb, se r\u00e9jouit-il, <strong>tout comme il se f\u00e9licite d&rsquo;avoir \u00e9t\u00e9 convi\u00e9 \u00e0 se produire sur la sc\u00e8ne de l\u2019Ashford and Simpson\u2019s Sugar Bar<\/strong>, du nom de Nickolas Ashford et de sa femme Valerie Simpson, deux stars mondiales de la soul.<\/p>\n<p>\u00ab\u00a0J\u2019ai \u00e9t\u00e9 tr\u00e8s heureux de c\u00e9l\u00e9brer cet amour que j\u2019ai envers un homme\u00a0\u00bb<\/p>\n<p>Apr\u00e8s neuf mois pass\u00e9s loin des siens, la France lui manque-t-elle ? \u00ab\u00a0Je donne des cours de chant en visio dans le monde entier, y compris en France, explique-t-il. Cela me permet de garder le lien avec notre pays. Il y a aussi les r\u00e9seaux sociaux, mais les algorithmes et moi, on n\u2019est pas tr\u00e8s copains. <strong>Je ne vais pas devenir un petit robot pour plaire \u00e0 l\u2019algorithme juste pour \u00eatre vu.<\/strong> Je veux rester moi-m\u00eame et j\u2019ai besoin de calme, d\u2019espace, de discr\u00e9tion et d\u2019humilit\u00e9 pour nourrir mon art, qui passe aussi par de vraies interactions\u2026\u00a0\u00bb<\/p>\n<p>\u00c0 propos d&rsquo;interactions, o\u00f9 en est-il de sa vie de couple ? Sur le sujet il se montre plus r\u00e9serv\u00e9 : \u00ab\u00a0C\u2019est ma vie priv\u00e9e, tranche-t-il gentiment, avant d\u2019ajouter : en revanche, <a href=\"https:\/\/www.purepeople.com\/article\/yoann-freejay-amoureux-le-gagnant-de-the-voice-fait-son-coming-out_a295724\/1\" target=\"_blank\" rel=\"noopener\">il y a sept ans, j\u2019ai \u00e9t\u00e9 tr\u00e8s heureux de c\u00e9l\u00e9brer cet amour <\/a>que j\u2019ai envers un homme. Heureux de montrer qu\u2019il n\u2019y a pas de contradiction entre cet amour et la foi en Dieu. C\u2019\u00e9tait tr\u00e8s fort. J\u2019ai eu beaucoup de soutien, notamment de la communaut\u00e9 gospel, et j\u2019en ai \u00e9t\u00e9 tr\u00e8s touch\u00e9.\u00a0\u00bb<\/p>\n<p>Dans quelques jours, apr\u00e8s neuf mois pass\u00e9s loin de la France, Yoann Fr\u00e9get va revenir dans son pays natal. \u00ab\u00a0J\u2019ai besoin de voir mes amis et ma famille\u00a0\u00bb, souffle-t-il. Il en profitera pour s\u2019offrir un petit plaisir qu\u2019il se refuse \u00e0 New York : des croissants. \u00ab\u00a0Je pourrais m\u2019en faire livrer \u00e0 Harlem, mais il est hors de question que j\u2019appelle Uber Eats pour \u00e7a\u00a0\u00bb, clame-t-il. Des principes et une simplicit\u00e9, toujours.<\/p>\n<p><strong>Propos exclusifs ne pouvant \u00eatre repris sans la mention Purepeople<\/strong><\/p>\n<p>        <img decoding=\"async\" class=\"thumb-img-100 thumb-img\" src=\"https:\/\/www.europesays.com\/fr\/wp-content\/uploads\/2026\/01\/1320054-yoann-freget-le-mentaliste-viktor-320x180-1.jpg\" alt=\"Yoann Fr\u00e9get (The Voice 2) assurera la premi\u00e8re partie de will.i.am, honn\u00eate !\" width=\"320\" height=\"180\" loading=\"lazy\" role=\"presentation\"\/><\/p>\n<p>                                            Yoann Fr\u00e9get (The Voice 2) assurera la premi\u00e8re partie de will.i.am, honn\u00eate !<\/p>\n","protected":false},"excerpt":{"rendered":"Par Lucie Gosselin | R\u00e9dactrice Journaliste passionn\u00e9e, depuis plus de 10 ans, je r\u00e9alise des enqu\u00eates, des portraits,&hellip;\n","protected":false},"author":2,"featured_media":633925,"comment_status":"","ping_status":"","sticky":false,"template":"","format":"standard","meta":{"footnotes":""},"categories":[1356],"tags":[58,59,1011,27,252,1364],"class_list":{"0":"post-633924","1":"post","2":"type-post","3":"status-publish","4":"format-standard","5":"has-post-thumbnail","7":"category-television","8":"tag-divertissement","9":"tag-entertainment","10":"tag-fr","11":"tag-france","12":"tag-television","13":"tag-tv"},"share_on_mastodon":{"url":"https:\/\/pubeurope.com\/@fr\/115819174211305317","error":""},"_links":{"self":[{"href":"https:\/\/www.europesays.com\/fr\/wp-json\/wp\/v2\/posts\/633924","targetHints":{"allow":["GET"]}}],"collection":[{"href":"https:\/\/www.europesays.com\/fr\/wp-json\/wp\/v2\/posts"}],"about":[{"href":"https:\/\/www.europesays.com\/fr\/wp-json\/wp\/v2\/types\/post"}],"author":[{"embeddable":true,"href":"https:\/\/www.europesays.com\/fr\/wp-json\/wp\/v2\/users\/2"}],"replies":[{"embeddable":true,"href":"https:\/\/www.europesays.com\/fr\/wp-json\/wp\/v2\/comments?post=633924"}],"version-history":[{"count":0,"href":"https:\/\/www.europesays.com\/fr\/wp-json\/wp\/v2\/posts\/633924\/revisions"}],"wp:featuredmedia":[{"embeddable":true,"href":"https:\/\/www.europesays.com\/fr\/wp-json\/wp\/v2\/media\/633925"}],"wp:attachment":[{"href":"https:\/\/www.europesays.com\/fr\/wp-json\/wp\/v2\/media?parent=633924"}],"wp:term":[{"taxonomy":"category","embeddable":true,"href":"https:\/\/www.europesays.com\/fr\/wp-json\/wp\/v2\/categories?post=633924"},{"taxonomy":"post_tag","embeddable":true,"href":"https:\/\/www.europesays.com\/fr\/wp-json\/wp\/v2\/tags?post=633924"}],"curies":[{"name":"wp","href":"https:\/\/api.w.org\/{rel}","templated":true}]}}