{"id":633926,"date":"2026-01-01T09:38:13","date_gmt":"2026-01-01T09:38:13","guid":{"rendered":"https:\/\/www.europesays.com\/fr\/633926\/"},"modified":"2026-01-01T09:38:13","modified_gmt":"2026-01-01T09:38:13","slug":"reflections-et-la-douleur-de-the-color-clear","status":"publish","type":"post","link":"https:\/\/www.europesays.com\/fr\/633926\/","title":{"rendered":"Reflections et la douleur de The Color Clear"},"content":{"rendered":"<p><strong>Avant d\u2019annoncer une pause en 2016, <a href=\"https:\/\/www.metalzone.fr\/reflections\/\" target=\"_blank\" rel=\"noopener\">Reflections<\/a> a publi\u00e9 un troisi\u00e8me album intense et personnel : The Color Clear. Ce disque marquait une rupture nette dans son parcours, le groupe d\u00e9laissant la virtuosit\u00e9 technique au profit d\u2019une approche plus visc\u00e9rale et \u00e9motionnelle.<\/strong><\/p>\n<p>Reflections change de cap avec The Color Clear<\/p>\n<p>Form\u00e9 en 2010 \u00e0 Minneapolis-Saint Paul (Minnesota), Reflections r\u00e9unit Jake Wolf (chant, anciennement batterie), Patrick \u201cPatty\u201d Somoulay (guitare) et Nick Lona (batterie). Le bassiste Francis Xayana a \u00e9galement jou\u00e9 un r\u00f4le central \u00e0 diff\u00e9rentes p\u00e9riodes. En septembre 2015, le trio sort The Color Clear via eOne Music et Good Fight Entertainment. L\u2019album est produit par Will Putney.<\/p>\n<p>Apr\u00e8s deux premiers disques tr\u00e8s techniques (The Fantasy Effect en 2012 et Exi(s)t en 2013), Reflections opte ici pour une direction radicalement diff\u00e9rente. Plut\u00f4t que de continuer \u00e0 privil\u00e9gier la d\u00e9monstration instrumentale, les musiciens choisissent de canaliser un mal-\u00eatre profond, quitte \u00e0 \u00e9purer leur jeu. Le r\u00e9sultat est un album dense, marqu\u00e9 par une atmosph\u00e8re pesante et une production plus rugueuse.<\/p>\n<p>Le mixage met en valeur des guitares sept cordes accord\u00e9es en Drop F, qui renforcent le poids sonore de l\u2019ensemble. La batterie, capt\u00e9e avec pr\u00e9cision, conserve toute sa dynamique. Quant \u00e0 la voix de Jake Wolf, souvent retenue, elle participe pleinement \u00e0 la tension \u00e9touffante qui traverse l\u2019album.<\/p>\n<p>Entre violence frontale et tension m\u00e9lodique<\/p>\n<p>\u00c0 mi-chemin entre <a href=\"https:\/\/www.metalzone.fr\/metalcore\/\" target=\"_blank\" rel=\"noopener\">metalcore<\/a> et <a href=\"https:\/\/www.metalzone.fr\/metal-progressif\/\" target=\"_blank\" rel=\"noopener\">metal progressif<\/a>, The Color Clear repose sur un \u00e9quilibre instable entre rage et m\u00e9lancolie. L\u2019album alterne passages m\u00e9lodiques et sections d\u2019une grande brutalit\u00e9. Des titres comme Autumnus, Actias Luna ou Translucence misent sur des ambiances lentes et pesantes, tandis que Sadist, Limbo ou Butterfly Effect s\u2019appuient sur une agressivit\u00e9 frontale.<\/p>\n<p>Jake Wolf utilise principalement un registre vocal m\u00e9dium. Il r\u00e9serve ses screams les plus pouss\u00e9s \u2013 aigus ou gutturaux \u2013 \u00e0 quelques moments-cl\u00e9s, ce qui renforce leur impact. Le chant clair est quasi absent, l\u2019expression reposant surtout sur des cris \u00e9raill\u00e9s ou un chant distordu et tendu.<\/p>\n<p>Un disque marqu\u00e9 par les blessures intimes<\/p>\n<p>Dans une interview accord\u00e9e \u00e0 NewNoise Magazine, Jake Wolf a expliqu\u00e9 que l\u2019\u00e9criture de The Color Clear l\u2019avait aid\u00e9 \u00e0 affronter ses traumatismes : \u201cCe n\u2019est qu\u2019\u00e0 la fin de l\u2019enregistrement que j\u2019ai commenc\u00e9 \u00e0 me retrouver.\u201d Il \u00e9voque notamment des abus physiques et psychologiques, des d\u00e9pendances et l\u2019automutilation. Ces exp\u00e9riences nourrissent les th\u00e8mes de l\u2019album : s\u00e9paration, souffrance, perte de rep\u00e8res.<\/p>\n<p>La pochette, en noir et blanc, met en sc\u00e8ne un mandala et le symbole chinois \u738b, qui repr\u00e9sente l\u2019union entre le ciel, l\u2019homme et la terre \u2013 une r\u00e9f\u00e9rence symbolique \u00e0 la reconstruction int\u00e9rieure esquiss\u00e9e tout au long du disque.<\/p>\n<p>The Color Clear se referme sur Transparence, un titre lent et oppressant, dont le breakdown final reste l\u2019un des moments les plus marquants de l\u2019album.<\/p>\n<p>\u00c0 la fin de 2016, Reflections annon\u00e7ait une pause d\u2019une dur\u00e9e ind\u00e9termin\u00e9e. Le groupe est depuis revenu avec un nouvel album, mais The Color Clear demeure \u00e0 ce jour l\u2019un des chapitres les plus intenses et les plus singuliers de sa discographie.<\/p><\/p>\n","protected":false},"excerpt":{"rendered":"Avant d\u2019annoncer une pause en 2016, Reflections a publi\u00e9 un troisi\u00e8me album intense et personnel : The Color&hellip;\n","protected":false},"author":2,"featured_media":633927,"comment_status":"","ping_status":"","sticky":false,"template":"","format":"standard","meta":{"footnotes":""},"categories":[1355],"tags":[58,59,1011,27,1361,873],"class_list":{"0":"post-633926","1":"post","2":"type-post","3":"status-publish","4":"format-standard","5":"has-post-thumbnail","7":"category-musique","8":"tag-divertissement","9":"tag-entertainment","10":"tag-fr","11":"tag-france","12":"tag-music","13":"tag-musique"},"share_on_mastodon":{"url":"https:\/\/pubeurope.com\/@fr\/115819177779612238","error":""},"_links":{"self":[{"href":"https:\/\/www.europesays.com\/fr\/wp-json\/wp\/v2\/posts\/633926","targetHints":{"allow":["GET"]}}],"collection":[{"href":"https:\/\/www.europesays.com\/fr\/wp-json\/wp\/v2\/posts"}],"about":[{"href":"https:\/\/www.europesays.com\/fr\/wp-json\/wp\/v2\/types\/post"}],"author":[{"embeddable":true,"href":"https:\/\/www.europesays.com\/fr\/wp-json\/wp\/v2\/users\/2"}],"replies":[{"embeddable":true,"href":"https:\/\/www.europesays.com\/fr\/wp-json\/wp\/v2\/comments?post=633926"}],"version-history":[{"count":0,"href":"https:\/\/www.europesays.com\/fr\/wp-json\/wp\/v2\/posts\/633926\/revisions"}],"wp:featuredmedia":[{"embeddable":true,"href":"https:\/\/www.europesays.com\/fr\/wp-json\/wp\/v2\/media\/633927"}],"wp:attachment":[{"href":"https:\/\/www.europesays.com\/fr\/wp-json\/wp\/v2\/media?parent=633926"}],"wp:term":[{"taxonomy":"category","embeddable":true,"href":"https:\/\/www.europesays.com\/fr\/wp-json\/wp\/v2\/categories?post=633926"},{"taxonomy":"post_tag","embeddable":true,"href":"https:\/\/www.europesays.com\/fr\/wp-json\/wp\/v2\/tags?post=633926"}],"curies":[{"name":"wp","href":"https:\/\/api.w.org\/{rel}","templated":true}]}}