{"id":633934,"date":"2026-01-01T09:42:13","date_gmt":"2026-01-01T09:42:13","guid":{"rendered":"https:\/\/www.europesays.com\/fr\/633934\/"},"modified":"2026-01-01T09:42:13","modified_gmt":"2026-01-01T09:42:13","slug":"boualem-sansal-nolwenn-leroy-arthur-denouveaux-la-premiere-promotion-de-la-legion-dhonneur-2026-publiee","status":"publish","type":"post","link":"https:\/\/www.europesays.com\/fr\/633934\/","title":{"rendered":"Boualem Sansal, Nolwenn Leroy, Arthur D\u00e9nouveaux&#8230; La premi\u00e8re promotion de la L\u00e9gion d&rsquo;honneur 2026 publi\u00e9e"},"content":{"rendered":"<p>La promotion de la L\u00e9gion d&rsquo;honneur du 1er janvier 2026 a \u00e9t\u00e9 d\u00e9voil\u00e9e par un d\u00e9cret au Journal officiel. Parmi les personnalit\u00e9s, le peintre britannique David Hockney, l&rsquo;artiste Chantal Ladesou ou encore la survivante du camp d&rsquo;Auschwitz-Birkenau Ginette Kolinka.<\/p>\n<p>L&rsquo;\u00e9crivain franco-alg\u00e9rien Boualem Sansal, le peintre David Hockney et la chanteuse Nolwenn Leroy font partie des personnalit\u00e9s distingu\u00e9es dans la promotion de la L\u00e9gion d&rsquo;honneur du 1er janvier, selon un d\u00e9cret publi\u00e9 ce jeudi 1er janvier au <a href=\"https:\/\/www.legifrance.gouv.fr\/jorf\/jo\/2021\/01\/01\/0002\" target=\"_blank\" class=\"external_link\" rel=\"noopener\">Journal officiel<\/a>.<\/p>\n<p>Au total, cette nouvelle promotion civile de la <a href=\"https:\/\/www.bfmtv.com\/politique\/elysee\/attentats-du-13-novembre-emmanuel-macron-va-decorer-de-la-legion-d-honneur-les-policiers-intervenus-au-bataclan_AV-202511130882.html\" title=\"Attentats du 13-Novembre: Emmanuel Macron va d\u00e9corer de la L\u00e9gion d&#039;honneur les policiers intervenus au Bataclan\" class=\"internal_link\" target=\"_blank\" rel=\"noopener\">L\u00e9gion d&rsquo;honneur<\/a>, la plus \u00e9lev\u00e9e des distinctions nationales fran\u00e7aises cr\u00e9\u00e9e en 1802 par Napol\u00e9on Bonaparte, r\u00e9compense 616 personnes \u00ab\u00a0engag\u00e9es au service de l&rsquo;int\u00e9r\u00eat g\u00e9n\u00e9ral\u00a0\u00bb et incarnant \u00ab\u00a0une certaine id\u00e9e de la m\u00e9ritocratie et de l&rsquo;exemplarit\u00e9\u00a0\u00bb, a indiqu\u00e9 la Grande Chancellerie dans un communiqu\u00e9.<\/p>\n<p>Les d\u00e9cor\u00e9s, dont l&rsquo;immense majorit\u00e9 ne sont pas connus du grand public, se r\u00e9partissent entre 528 chevaliers, 70 officiers, 14 commandeurs, ainsi que trois grands officiers et un grand&rsquo;croix.<\/p>\n<p>Artistes, citoyens engag\u00e9s, math\u00e9maticien&#8230;<\/p>\n<p>Boualem Sansal fait son entr\u00e9e \u00e0 81 ans. Incarc\u00e9r\u00e9 en Alg\u00e9rie pendant pr\u00e8s d&rsquo;un an pour certaines prises de position sur son pays natal, il a retrouv\u00e9 la libert\u00e9 le 12 novembre apr\u00e8s avoir \u00e9t\u00e9 graci\u00e9 par le pr\u00e9sident alg\u00e9rien Abdelmadjid Tebboune.<\/p>\n<p>L&rsquo;\u00e9crivaine franco-iranienne Delphine Minoui, la chanteuse Nolwenn Leroy, l&rsquo;humoriste et actrice <a href=\"https:\/\/www.bfmtv.com\/culture\/chantal-ladesou-reine-du-boulevard-dans-la-piece-1983-sur-les-planches-du-theatre-de-la-porte-saint-martin_VN-202210170181.html\" title=\"Chantal Ladesou, reine du boulevard, dans la pi\u00e8ce \u00ab 1983 \u00bb sur les planches du th\u00e9\u00e2tre de la Porte Saint-Martin\" class=\"internal_link\" target=\"_blank\" rel=\"noopener\">Chantal Ladesou<\/a>, ainsi que Guillaume Canet, Jean-Paul Rouve et Guillaume Gallienne pour le monde du cin\u00e9ma sont d\u00e9cor\u00e9s chevaliers.<\/p>\n<p>Le peintre britannique David Hockney, 88 ans, pionnier du pop art, est d\u00e9cor\u00e9 en tant qu&rsquo;\u00e9tranger vivant en France. Il s&rsquo;\u00e9tait install\u00e9 en 2019 en Normandie, avant de revenir vivre \u00e0 Londres en 2023.<\/p>\n<p>Dix ans apr\u00e8s les attentats du 13 novembre 2015, les pr\u00e9sidents des associations Life for Paris <a href=\"https:\/\/www.bfmtv.com\/police-justice\/terrorisme\/video-ce-sont-les-pires-attentats-sur-le-sol-francais-depuis-des-decennies-arthur-denouveaux-president-de-l-association-de-victimes-life-for-paris-s-adresse-a-la-jeunesse_VN-202511130845.html\" title=\"&quot;Ce sont les pires attentats sur le sol fran\u00e7ais depuis des d\u00e9cennies&quot;: Arthur D\u00e9nouveaux, pr\u00e9sident de l\u2019association de victimes Life for Paris, s\u2019adresse \u00e0 la jeunesse\" class=\"internal_link\" target=\"_blank\" rel=\"noopener\">Arthur D\u00e9nouveaux<\/a> et de 13onze15 <a href=\"https:\/\/www.bfmtv.com\/societe\/video-13-novembre-philippe-duperron-president-de-l-association-13onze15-renouvelle-le-v-u-que-soit-inaugure-le-musee-memorial-des-societes-face-au-terrorisme_VN-202511130806.html\" title=\"13-Novembre: Philippe Duperron (pr\u00e9sident de l&#039;association 13onze15) &quot;renouvelle le v\u0153u que soit inaugur\u00e9 le mus\u00e9e m\u00e9morial des soci\u00e9t\u00e9s face au terrorisme&quot;\" class=\"internal_link\" target=\"_blank\" rel=\"noopener\">Philippe Duperron<\/a> sont distingu\u00e9s pour la premi\u00e8re fois.<\/p>\n<p>La grand&rsquo;croix est attribu\u00e9e \u00e0 Jean-Marc Sauv\u00e9, vice-pr\u00e9sident honoraire du Conseil d&rsquo;\u00c9tat et ancien pr\u00e9sident de la Commission ind\u00e9pendante sur les abus sexuels dans l&rsquo;\u00c9glise catholique, dont le rapport en 2021 avait provoqu\u00e9 un s\u00e9isme.<\/p>\n<p>La cheffe de cuisine \u00e9toil\u00e9e Anne-Sophie Pic et le math\u00e9maticien laur\u00e9at du prix Abel 2024 Michel Talagrand sont promus officiers. La passeuse de m\u00e9moire de la Shoah Ginette Kolinka, survivante du camp d&rsquo;Auschwitz-Birkenau, est promue au grade de commandeur.<\/p>\n<p>Trois hommes et trois femmes sont aussi d\u00e9cor\u00e9s au titre de l&rsquo;initiative citoyenne.<\/p>\n<p>77.000 membres<\/p>\n<p>Ce m\u00e9canisme permet d&rsquo;adresser directement des candidatures \u00e0 la Grande Chancellerie, pour faire \u00e9merger des profils hors des circuits traditionnels par les minist\u00e8res.<\/p>\n<p>Une autre promotion civile est traditionnellement annonc\u00e9e chaque ann\u00e9e en juillet. En 2025, elle a notamment r\u00e9compens\u00e9 la figure mondiale du combat f\u00e9ministe <a href=\"https:\/\/www.bfmtv.com\/police-justice\/proces\/proces-des-viols-de-mazan_DN-202409170319.html\" title=\"Proc\u00e8s des viols de Mazan\" class=\"internal_link\" target=\"_blank\" rel=\"noopener\">Gis\u00e8le Pelicot<\/a>.<\/p>\n<p>Deux promotions militaires sont \u00e9galement publi\u00e9es chaque ann\u00e9e. La L\u00e9gion d&rsquo;honneur est compos\u00e9e de quelque 77.000 membres.<\/p>\n","protected":false},"excerpt":{"rendered":"La promotion de la L\u00e9gion d&rsquo;honneur du 1er janvier 2026 a \u00e9t\u00e9 d\u00e9voil\u00e9e par un d\u00e9cret au Journal&hellip;\n","protected":false},"author":2,"featured_media":633935,"comment_status":"","ping_status":"","sticky":false,"template":"","format":"standard","meta":{"footnotes":""},"categories":[8],"tags":[58,59,1011,27],"class_list":{"0":"post-633934","1":"post","2":"type-post","3":"status-publish","4":"format-standard","5":"has-post-thumbnail","7":"category-divertissement","8":"tag-divertissement","9":"tag-entertainment","10":"tag-fr","11":"tag-france"},"share_on_mastodon":{"url":"https:\/\/pubeurope.com\/@fr\/115819193565171048","error":""},"_links":{"self":[{"href":"https:\/\/www.europesays.com\/fr\/wp-json\/wp\/v2\/posts\/633934","targetHints":{"allow":["GET"]}}],"collection":[{"href":"https:\/\/www.europesays.com\/fr\/wp-json\/wp\/v2\/posts"}],"about":[{"href":"https:\/\/www.europesays.com\/fr\/wp-json\/wp\/v2\/types\/post"}],"author":[{"embeddable":true,"href":"https:\/\/www.europesays.com\/fr\/wp-json\/wp\/v2\/users\/2"}],"replies":[{"embeddable":true,"href":"https:\/\/www.europesays.com\/fr\/wp-json\/wp\/v2\/comments?post=633934"}],"version-history":[{"count":0,"href":"https:\/\/www.europesays.com\/fr\/wp-json\/wp\/v2\/posts\/633934\/revisions"}],"wp:featuredmedia":[{"embeddable":true,"href":"https:\/\/www.europesays.com\/fr\/wp-json\/wp\/v2\/media\/633935"}],"wp:attachment":[{"href":"https:\/\/www.europesays.com\/fr\/wp-json\/wp\/v2\/media?parent=633934"}],"wp:term":[{"taxonomy":"category","embeddable":true,"href":"https:\/\/www.europesays.com\/fr\/wp-json\/wp\/v2\/categories?post=633934"},{"taxonomy":"post_tag","embeddable":true,"href":"https:\/\/www.europesays.com\/fr\/wp-json\/wp\/v2\/tags?post=633934"}],"curies":[{"name":"wp","href":"https:\/\/api.w.org\/{rel}","templated":true}]}}