{"id":633947,"date":"2026-01-01T09:49:12","date_gmt":"2026-01-01T09:49:12","guid":{"rendered":"https:\/\/www.europesays.com\/fr\/633947\/"},"modified":"2026-01-01T09:49:12","modified_gmt":"2026-01-01T09:49:12","slug":"enorme-coup-de-frein-dans-cette-piste-prioritaire","status":"publish","type":"post","link":"https:\/\/www.europesays.com\/fr\/633947\/","title":{"rendered":"Enorme coup de frein dans cette piste prioritaire"},"content":{"rendered":"<p><b>L&rsquo;AS Saint-Etienne s&rsquo;int\u00e9resse grandement \u00e0 l&rsquo;attaquant br\u00e9silien Raykkonen. Le joueur de 17 ans est une cible privil\u00e9gi\u00e9e des recruteurs europ\u00e9ens. Cependant, l&rsquo;ASSE n&rsquo;envisage pas de faire une offre d\u00e8s cet hiver.<\/b><\/p>\n<p>Avec le fonds canadien Kilmer Sports \u00e0 sa t\u00eate, l&rsquo;<a href=\"https:\/\/www.foot01.com\/st-etienne\" target=\"_self\" rel=\"noopener\">AS Saint-Etienne<\/a> a internationalis\u00e9 son recrutement. Les Verts ont r\u00e9cemment int\u00e9gr\u00e9 un Portugais, un Jama\u00efcain, un Isra\u00e9lien ou encore un N\u00e9o-Z\u00e9landais \u00e0 leur effectif. Avec une utilisation accrue de la data, les recruteurs st\u00e9phanois scrutent chaque recoin de la plan\u00e8te pour d\u00e9nicher des p\u00e9pites. Dans cette optique, le club du Forez est un pr\u00e9tendant s\u00e9rieux pour <a href=\"https:\/\/www.foot01.com\/st-etienne\/lasse-en-pole-position-sur-un-petit-genie-offensif\" target=\"_self\" rel=\"noopener\">le jeune attaquant br\u00e9silien Raykkonen <\/a>(17 ans). Le joueur appartenant \u00e0 Goias (D2 br\u00e9silienne) est aussi dans le viseur de Porto et de Newcastle.Saint-Etienne attendra pour Raykkonen<\/p>\n<p>Avec une concurrence aussi fournie et solide, on peut penser que l&rsquo;ASSE va faire une offre d\u00e8s le d\u00e9but du mois de janvier pour s&rsquo;offrir le Br\u00e9silien. Mais, selon le site Peuple Vert, c&rsquo;est tout le contraire qui va se passer. Raykkonen est surveill\u00e9 par Saint-Etienne sans plus. Aucune n\u00e9gociation n&rsquo;est pr\u00e9vue avec son club br\u00e9silien et aucune offre n&rsquo;est en pr\u00e9paration. Janvier 2026 est trop t\u00f4t pour envisager une arriv\u00e9e de ce jeune talent en Europe surtout dans un championnat aussi difficile que la Ligue 2.<\/p>\n<p>Raykkonen est encore en \u00ab d\u00e9veloppement \u00bb dans son pays natal. Pr\u00eat\u00e9 \u00e0 l&rsquo;Internacional Porto Alegre en 2025, il n&rsquo;a jamais \u00e9t\u00e9 titularis\u00e9 en championnat. Un manque de temps de jeu qui oblige les recruteurs st\u00e9phanois \u00e0 attendre plusieurs mois avant d&rsquo;attaquer dans ce dossier. De plus, l&rsquo;Internacional a un accord avec Goias pour acqu\u00e9rir d\u00e9finitivement l&rsquo;avant-centre dans les prochaines semaines.<\/p>\n<p>Reste \u00e0 esp\u00e9rer qu&rsquo;aucun gros club europ\u00e9en ne l\u00e2che une belle somme pour l&rsquo;attaquant avant la premi\u00e8re offensive des Verts. S&rsquo;il explosait vite en Europe comme certains de ses compatriotes avant lui, l&rsquo;AS Saint-Etienne s&rsquo;en voudra \u00e9norm\u00e9ment.<\/p>\n","protected":false},"excerpt":{"rendered":"L&rsquo;AS Saint-Etienne s&rsquo;int\u00e9resse grandement \u00e0 l&rsquo;attaquant br\u00e9silien Raykkonen. Le joueur de 17 ans est une cible privil\u00e9gi\u00e9e des&hellip;\n","protected":false},"author":2,"featured_media":633948,"comment_status":"","ping_status":"","sticky":false,"template":"","format":"standard","meta":{"footnotes":""},"categories":[9653],"tags":[1111,11,461,2430,1777,674,1011,27,1434,12,25,4001],"class_list":{"0":"post-633947","1":"post","2":"type-post","3":"status-publish","4":"format-standard","5":"has-post-thumbnail","7":"category-saint-etienne","8":"tag-actu","9":"tag-actualites","10":"tag-asse","11":"tag-auvergne-rhone-alpes","12":"tag-eu","13":"tag-europe","14":"tag-fr","15":"tag-france","16":"tag-mercato","17":"tag-news","18":"tag-republique-francaise","19":"tag-saint-etienne"},"share_on_mastodon":{"url":"https:\/\/pubeurope.com\/@fr\/115819221117096724","error":""},"_links":{"self":[{"href":"https:\/\/www.europesays.com\/fr\/wp-json\/wp\/v2\/posts\/633947","targetHints":{"allow":["GET"]}}],"collection":[{"href":"https:\/\/www.europesays.com\/fr\/wp-json\/wp\/v2\/posts"}],"about":[{"href":"https:\/\/www.europesays.com\/fr\/wp-json\/wp\/v2\/types\/post"}],"author":[{"embeddable":true,"href":"https:\/\/www.europesays.com\/fr\/wp-json\/wp\/v2\/users\/2"}],"replies":[{"embeddable":true,"href":"https:\/\/www.europesays.com\/fr\/wp-json\/wp\/v2\/comments?post=633947"}],"version-history":[{"count":0,"href":"https:\/\/www.europesays.com\/fr\/wp-json\/wp\/v2\/posts\/633947\/revisions"}],"wp:featuredmedia":[{"embeddable":true,"href":"https:\/\/www.europesays.com\/fr\/wp-json\/wp\/v2\/media\/633948"}],"wp:attachment":[{"href":"https:\/\/www.europesays.com\/fr\/wp-json\/wp\/v2\/media?parent=633947"}],"wp:term":[{"taxonomy":"category","embeddable":true,"href":"https:\/\/www.europesays.com\/fr\/wp-json\/wp\/v2\/categories?post=633947"},{"taxonomy":"post_tag","embeddable":true,"href":"https:\/\/www.europesays.com\/fr\/wp-json\/wp\/v2\/tags?post=633947"}],"curies":[{"name":"wp","href":"https:\/\/api.w.org\/{rel}","templated":true}]}}