{"id":633951,"date":"2026-01-01T09:51:08","date_gmt":"2026-01-01T09:51:08","guid":{"rendered":"https:\/\/www.europesays.com\/fr\/633951\/"},"modified":"2026-01-01T09:51:08","modified_gmt":"2026-01-01T09:51:08","slug":"il-navait-pas-fait-aussi-froid-un-31-decembre-a-nancy-depuis-pres-de-30-ans","status":"publish","type":"post","link":"https:\/\/www.europesays.com\/fr\/633951\/","title":{"rendered":"il n\u2019avait pas fait aussi froid un 31\u00a0d\u00e9cembre \u00e0 Nancy depuis pr\u00e8s de 30 ans"},"content":{"rendered":"<p>Une fine couche de neige recouvrait divers lieux de l\u2019agglom\u00e9ration de Nancy ce 1er \u00a0janvier, mais les temp\u00e9ratures avaient nettement remont\u00e9 depuis la veille\u00a0: avec -8,0\u00a0\u00b0C, il n\u2019avait pas fait aussi froid pour une Saint-Sylvestre depuis 1996, o\u00f9 le thermom\u00e8tre \u00e9tait descendu \u00e0 -12,5\u00a0\u00b0C.<\/p>\n<p>En 1950, la station d\u2019Essey-l\u00e8s-Nancy enregistrait un -15,4\u00b0 C mais en 2022, nous \u00e9tions \u00e0 11,6\u00b0 C.<\/p>\n<p>Ce jeudi, la temp\u00e9rature tournait plut\u00f4t autour d\u2019un modeste z\u00e9ro degr\u00e9. Mais des averses de neige et de pluie sont attendues ce vendredi\u00a02. Voil\u00e0 qui fait de l\u2019hiver 25-26 un hiver comme on les imagine.<\/p>\n<p>Rappelons que m\u00e9t\u00e9orologie et climat sont deux choses diff\u00e9rentes\u00a0: froid et neige \u00e0 cette p\u00e9riode de l\u2019ann\u00e9e n\u2019\u00f4tent rien au fait que 2025 a \u00e9t\u00e9 une des ann\u00e9es les plus chaudes que l\u2019humanit\u00e9 ait connue.<\/p>\n","protected":false},"excerpt":{"rendered":"Une fine couche de neige recouvrait divers lieux de l\u2019agglom\u00e9ration de Nancy ce 1er \u00a0janvier, mais les temp\u00e9ratures&hellip;\n","protected":false},"author":2,"featured_media":633952,"comment_status":"","ping_status":"","sticky":false,"template":"","format":"standard","meta":{"footnotes":""},"categories":[9635],"tags":[1111,11,1704,436,1777,674,1011,27,775,8423,3457,1702,1703,12,25],"class_list":{"0":"post-633951","1":"post","2":"type-post","3":"status-publish","4":"format-standard","5":"has-post-thumbnail","7":"category-nancy","8":"tag-actu","9":"tag-actualites","10":"tag-edition-nancy-et-agglomeration","11":"tag-environnement","12":"tag-eu","13":"tag-europe","14":"tag-fr","15":"tag-france","16":"tag-grand-est","17":"tag-meteorologie-climat","18":"tag-meurthe-et-moselle","19":"tag-nancy","20":"tag-nancy-ville-54b","21":"tag-news","22":"tag-republique-francaise"},"share_on_mastodon":{"url":"https:\/\/pubeurope.com\/@fr\/115819228884424376","error":""},"_links":{"self":[{"href":"https:\/\/www.europesays.com\/fr\/wp-json\/wp\/v2\/posts\/633951","targetHints":{"allow":["GET"]}}],"collection":[{"href":"https:\/\/www.europesays.com\/fr\/wp-json\/wp\/v2\/posts"}],"about":[{"href":"https:\/\/www.europesays.com\/fr\/wp-json\/wp\/v2\/types\/post"}],"author":[{"embeddable":true,"href":"https:\/\/www.europesays.com\/fr\/wp-json\/wp\/v2\/users\/2"}],"replies":[{"embeddable":true,"href":"https:\/\/www.europesays.com\/fr\/wp-json\/wp\/v2\/comments?post=633951"}],"version-history":[{"count":0,"href":"https:\/\/www.europesays.com\/fr\/wp-json\/wp\/v2\/posts\/633951\/revisions"}],"wp:featuredmedia":[{"embeddable":true,"href":"https:\/\/www.europesays.com\/fr\/wp-json\/wp\/v2\/media\/633952"}],"wp:attachment":[{"href":"https:\/\/www.europesays.com\/fr\/wp-json\/wp\/v2\/media?parent=633951"}],"wp:term":[{"taxonomy":"category","embeddable":true,"href":"https:\/\/www.europesays.com\/fr\/wp-json\/wp\/v2\/categories?post=633951"},{"taxonomy":"post_tag","embeddable":true,"href":"https:\/\/www.europesays.com\/fr\/wp-json\/wp\/v2\/tags?post=633951"}],"curies":[{"name":"wp","href":"https:\/\/api.w.org\/{rel}","templated":true}]}}