{"id":633953,"date":"2026-01-01T09:54:12","date_gmt":"2026-01-01T09:54:12","guid":{"rendered":"https:\/\/www.europesays.com\/fr\/633953\/"},"modified":"2026-01-01T09:54:12","modified_gmt":"2026-01-01T09:54:12","slug":"toulon-a-su-reagir","status":"publish","type":"post","link":"https:\/\/www.europesays.com\/fr\/633953\/","title":{"rendered":"Toulon a su r\u00e9agir"},"content":{"rendered":"<p><strong>Une semaine apr\u00e8s sa lourde<br \/>\nd\u00e9faite sur la pelouse de Bordeaux, Toulon a relev\u00e9 la t\u00eate, ce<br \/>\ndimanche, en s&rsquo;imposant 31-16 face \u00e0 Perpignan \u00e0 l&rsquo;occasion de la<br \/>\n13e journ\u00e9e du Top 14. Les Varois sont 3es du<br \/>\nchampionnat.<\/strong><\/p>\n<p>Une semaine apr\u00e8s une lourde et cinglante d\u00e9faite sur la pelouse<br \/>\nde Bordeaux (46-7), Toulon a r\u00e9pondu de la meilleure des mani\u00e8res<br \/>\nce dimanche, en disposant assez facilement de la lanterne rouge du<br \/>\nchampionnat (31-16). Une rencontre qui a parfaitement d\u00e9but\u00e9 pour<br \/>\nune formation varoise rapidement mise sur orbite gr\u00e2ce au premier<br \/>\nessai de la partie inscrit par Ludlam (15e) transform\u00e9 dans la<br \/>\nfoul\u00e9e par Domon. Malgr\u00e9 cela, le RCT a d\u00e9jou\u00e9 voyant m\u00eame<br \/>\nPerpignan lui passer devant \u00e0 la pause apr\u00e8s un essai de Granell,<br \/>\ntransform\u00e9 par Reus, puis une p\u00e9nalit\u00e9 inscrite par ce m\u00eame<br \/>\nReus.<\/p>\n<p>Men\u00e9e de trois points apr\u00e8s les quarante premi\u00e8res minutes de<br \/>\njeu, Toulon a su r\u00e9agir au retour des vestiaires en reprenant<br \/>\nrapidement les r\u00eanes de la rencontre apr\u00e8s les essais d\u2019Alainu\u2019uese<br \/>\npuis Billiere, tous les deux transform\u00e9s par Domon et Garbisi afin<br \/>\nde permettre au club du sud de la France de reprendre le dessus sur<br \/>\nson adversaire. Dans la foul\u00e9e de cette temp\u00eate varoise et une<br \/>\nsemaine apr\u00e8s sa premi\u00e8re victoire de la saison face \u00e0 Clermont,<br \/>\nl\u2019USAP s\u2019est mise \u00e0 croire \u00e0 un nouvel exploit gr\u00e2ce \u00e0 Reus auteur<br \/>\nde deux p\u00e9nalit\u00e9s permettant aux Catalans de croire \u00e0 un \u00e9ni\u00e9me<br \/>\nretour dans cette partie. En vain. En fin de match, Toulon a su une<br \/>\nnouvelle fois faire parler son exp\u00e9rience gr\u00e2ce notamment au<br \/>\ndeuxi\u00e8me essai de la rencontre d\u2019Alainu\u2019uese puis celui de Drean<br \/>\nafin de parachever le succ\u00e8s toulonnais qui glane par la m\u00eame<br \/>\noccasion le point de bonus offensif.<\/p>\n<p>Sept jours apr\u00e8s l\u2019humiliation bordelaise, Toulon a donc trouv\u00e9<br \/>\nles ressources afin de se remobiliser et remporter une derni\u00e8re<br \/>\nvictoire en championnat en 2025 et ainsi passer le jour de l\u2019An au<br \/>\nchaud, install\u00e9 \u00e0 la troisi\u00e8me place du classement, derrri\u00e8re Pau<br \/>\net Toulouse. De son c\u00f4t\u00e9, Perpignan retombe dans ses travers et<br \/>\nreste scotch\u00e9 \u00e0 la derni\u00e8re place du Top 14 avec 5 points, deux<br \/>\npoints de moins que Montauban (13e).<\/p>\n","protected":false},"excerpt":{"rendered":"Une semaine apr\u00e8s sa lourde d\u00e9faite sur la pelouse de Bordeaux, Toulon a relev\u00e9 la t\u00eate, ce dimanche,&hellip;\n","protected":false},"author":2,"featured_media":633954,"comment_status":"","ping_status":"","sticky":false,"template":"","format":"standard","meta":{"footnotes":""},"categories":[9619],"tags":[1111,11,1777,674,1011,27,12,882,25,57681,2310],"class_list":{"0":"post-633953","1":"post","2":"type-post","3":"status-publish","4":"format-standard","5":"has-post-thumbnail","7":"category-toulon","8":"tag-actu","9":"tag-actualites","10":"tag-eu","11":"tag-europe","12":"tag-fr","13":"tag-france","14":"tag-news","15":"tag-provence-alpes-cote-dazur","16":"tag-republique-francaise","17":"tag-sport365-fr","18":"tag-toulon"},"share_on_mastodon":{"url":"https:\/\/pubeurope.com\/@fr\/115819241045535818","error":""},"_links":{"self":[{"href":"https:\/\/www.europesays.com\/fr\/wp-json\/wp\/v2\/posts\/633953","targetHints":{"allow":["GET"]}}],"collection":[{"href":"https:\/\/www.europesays.com\/fr\/wp-json\/wp\/v2\/posts"}],"about":[{"href":"https:\/\/www.europesays.com\/fr\/wp-json\/wp\/v2\/types\/post"}],"author":[{"embeddable":true,"href":"https:\/\/www.europesays.com\/fr\/wp-json\/wp\/v2\/users\/2"}],"replies":[{"embeddable":true,"href":"https:\/\/www.europesays.com\/fr\/wp-json\/wp\/v2\/comments?post=633953"}],"version-history":[{"count":0,"href":"https:\/\/www.europesays.com\/fr\/wp-json\/wp\/v2\/posts\/633953\/revisions"}],"wp:featuredmedia":[{"embeddable":true,"href":"https:\/\/www.europesays.com\/fr\/wp-json\/wp\/v2\/media\/633954"}],"wp:attachment":[{"href":"https:\/\/www.europesays.com\/fr\/wp-json\/wp\/v2\/media?parent=633953"}],"wp:term":[{"taxonomy":"category","embeddable":true,"href":"https:\/\/www.europesays.com\/fr\/wp-json\/wp\/v2\/categories?post=633953"},{"taxonomy":"post_tag","embeddable":true,"href":"https:\/\/www.europesays.com\/fr\/wp-json\/wp\/v2\/tags?post=633953"}],"curies":[{"name":"wp","href":"https:\/\/api.w.org\/{rel}","templated":true}]}}