{"id":633957,"date":"2026-01-01T09:56:09","date_gmt":"2026-01-01T09:56:09","guid":{"rendered":"https:\/\/www.europesays.com\/fr\/633957\/"},"modified":"2026-01-01T09:56:09","modified_gmt":"2026-01-01T09:56:09","slug":"montpellier-face-a-la-disparition-dun-createur-hors-norme","status":"publish","type":"post","link":"https:\/\/www.europesays.com\/fr\/633957\/","title":{"rendered":"Montpellier face \u00e0 la disparition d\u2019un cr\u00e9ateur hors norme"},"content":{"rendered":"<p>                    Par<br \/>\n        <strong><br \/>\n            <a href=\"https:\/\/actu.fr\/auteur\/metropoop\" title=\"Consulter tous les articles de R\u00e9daction M\u00e9tropolitain\" target=\"_blank\" rel=\"noopener\">R\u00e9daction M\u00e9tropolitain<\/a><br \/>\n                    <\/strong><\/p>\n<p>        Publi\u00e9 le<\/p>\n<p>            1 janv. 2026 \u00e0 9h32        <\/p>\n<p>Chaque hiver, Montpellier change de visage. Les rues se parent de d\u00e9cors lumineux attendus par des milliers de passants. En 2025 encore, la signature reste la m\u00eame : celle de Blach\u00e8re Illumination. Son fondateur et PDG, Jean-Paul Blach\u00e8re, est d\u00e9c\u00e9d\u00e9 <strong>ce mercredi 24 d\u00e9cembre 2025<\/strong> \u00e0 Dakar \u00e0 l\u2019\u00e2ge de 75 ans. La date frappe les esprits : elle co\u00efncide avec la f\u00eate qu\u2019il a contribu\u00e9 \u00e0 magnifier pendant des d\u00e9cennies.<\/p>\n<p>D\u2019Apt au monde entier<\/p>\n<p class=\" wall-content\">Le si\u00e8ge de l\u2019entreprise se situe \u00e0 Apt, dans le Vaucluse. De cette ville proven\u00e7ale, Jean-Paul Blach\u00e8re a b\u00e2ti un groupe de renomm\u00e9e internationale. Les cr\u00e9ations illuminent les grandes capitales. \u00c0 Paris, les d\u00e9cors des Champs-\u00c9lys\u00e9es portent sa marque. \u00c0 l\u2019\u00e9tranger, les rues de New York s\u2019illuminent aussi gr\u00e2ce \u00e0 ses \u00e9quipes. Montpellier figure parmi ces villes embl\u00e9matiques. \u00a0Les obs\u00e8ques de Jean-Paul Blach\u00e8re auront lieu <strong>le jeudi 8 janvier 2026<\/strong>. La c\u00e9r\u00e9monie d\u00e9butera \u00e0 15h et se tiendra \u00e0 la cath\u00e9drale Sainte-Anne d\u2019Apt.<\/p>\n<p class=\" wall-content\">Personnalisez votre actualit\u00e9 en ajoutant vos villes et m\u00e9dias en favori avec <a href=\"https:\/\/moncompte.actu.fr\" title=\"D\u00e9couvez Mon Actu\" rel=\"nofollow noopener\" data-trk=\"{&quot;cta&quot;:{&quot;action&quot;:&quot;https:\\\/\\\/moncompte.actu.fr&quot;,&quot;category&quot;:&quot;mon compte&quot;,&quot;from&quot;:&quot;article footer&quot;,&quot;name&quot;:&quot;Mon actu&quot;,&quot;type&quot;:&quot;cta&quot;}}\" target=\"_blank\">Mon Actu<\/a>.<\/p>\n","protected":false},"excerpt":{"rendered":"Par R\u00e9daction M\u00e9tropolitain Publi\u00e9 le 1 janv. 2026 \u00e0 9h32 Chaque hiver, Montpellier change de visage. Les rues&hellip;\n","protected":false},"author":2,"featured_media":633958,"comment_status":"","ping_status":"","sticky":false,"template":"","format":"standard","meta":{"footnotes":""},"categories":[9599],"tags":[1111,11,1777,674,1011,27,2208,12,15830,2680,25,104],"class_list":{"0":"post-633957","1":"post","2":"type-post","3":"status-publish","4":"format-standard","5":"has-post-thumbnail","7":"category-montpellier","8":"tag-actu","9":"tag-actualites","10":"tag-eu","11":"tag-europe","12":"tag-fr","13":"tag-france","14":"tag-montpellier","15":"tag-news","16":"tag-noel","17":"tag-occitanie","18":"tag-republique-francaise","19":"tag-societe"},"share_on_mastodon":{"url":"https:\/\/pubeurope.com\/@fr\/115819248690929325","error":""},"_links":{"self":[{"href":"https:\/\/www.europesays.com\/fr\/wp-json\/wp\/v2\/posts\/633957","targetHints":{"allow":["GET"]}}],"collection":[{"href":"https:\/\/www.europesays.com\/fr\/wp-json\/wp\/v2\/posts"}],"about":[{"href":"https:\/\/www.europesays.com\/fr\/wp-json\/wp\/v2\/types\/post"}],"author":[{"embeddable":true,"href":"https:\/\/www.europesays.com\/fr\/wp-json\/wp\/v2\/users\/2"}],"replies":[{"embeddable":true,"href":"https:\/\/www.europesays.com\/fr\/wp-json\/wp\/v2\/comments?post=633957"}],"version-history":[{"count":0,"href":"https:\/\/www.europesays.com\/fr\/wp-json\/wp\/v2\/posts\/633957\/revisions"}],"wp:featuredmedia":[{"embeddable":true,"href":"https:\/\/www.europesays.com\/fr\/wp-json\/wp\/v2\/media\/633958"}],"wp:attachment":[{"href":"https:\/\/www.europesays.com\/fr\/wp-json\/wp\/v2\/media?parent=633957"}],"wp:term":[{"taxonomy":"category","embeddable":true,"href":"https:\/\/www.europesays.com\/fr\/wp-json\/wp\/v2\/categories?post=633957"},{"taxonomy":"post_tag","embeddable":true,"href":"https:\/\/www.europesays.com\/fr\/wp-json\/wp\/v2\/tags?post=633957"}],"curies":[{"name":"wp","href":"https:\/\/api.w.org\/{rel}","templated":true}]}}