{"id":633963,"date":"2026-01-01T10:00:14","date_gmt":"2026-01-01T10:00:14","guid":{"rendered":"https:\/\/www.europesays.com\/fr\/633963\/"},"modified":"2026-01-01T10:00:14","modified_gmt":"2026-01-01T10:00:14","slug":"encore-du-changement-au-fcg-patrick-pezery-quitte-grenoble","status":"publish","type":"post","link":"https:\/\/www.europesays.com\/fr\/633963\/","title":{"rendered":"Encore du changement au FCG : Patrick Pezery quitte Grenoble"},"content":{"rendered":"<p itemprop=\"description\"><strong>Apr\u00e8s Nicolas Nadau, c&rsquo;est un autre membre du staff du FCG qui est d\u00e9barqu\u00e9.<\/strong><\/p>\n<p>Le club grenoblois s&rsquo;est s\u00e9par\u00e9 de Patrick Pezery, l&rsquo;entra\u00eeneur des avants qui \u00e9tait en froid avec sa direction depuis le d\u00e9part pol\u00e9mique de Nadau en octobre.<\/p>\n<p>Selon le Dauphin\u00e9 Lib\u00e9r\u00e9, Pierre Caillet et J\u00e9r\u00f4me Villegas sont attendus \u00e0 Grenoble pour le remplacer. Le premier, ancien coach de B\u00e9ziers, sera charg\u00e9 du recrutement et le second, entra\u00eeneur de la m\u00eal\u00e9e et de la touche en Australie, s&rsquo;occupera de l&rsquo;entra\u00eenement au quotidien.<\/p>\n<p>Le duo, en soutien de Jean-Fr\u00e9d\u00e9ric Dubois, fera ses grands d\u00e9buts ce samedi lors de la reprise de l&rsquo;entra\u00eenement.<\/p>\n","protected":false},"excerpt":{"rendered":"Apr\u00e8s Nicolas Nadau, c&rsquo;est un autre membre du staff du FCG qui est d\u00e9barqu\u00e9. Le club grenoblois s&rsquo;est&hellip;\n","protected":false},"author":2,"featured_media":633964,"comment_status":"","ping_status":"","sticky":false,"template":"","format":"standard","meta":{"footnotes":""},"categories":[9566],"tags":[1111,11,2813,2430,1109,251,1112,2811,1777,674,118,1011,27,21780,2731,14004,1922,1110,1114,108,12,316,25,2812,517,800],"class_list":{"0":"post-633963","1":"post","2":"type-post","3":"status-publish","4":"format-standard","5":"has-post-thumbnail","7":"category-grenoble","8":"tag-actu","9":"tag-actualites","10":"tag-article","11":"tag-auvergne-rhone-alpes","12":"tag-breves","13":"tag-culture","14":"tag-depeches","15":"tag-economique","16":"tag-eu","17":"tag-europe","18":"tag-faits-divers","19":"tag-fr","20":"tag-france","21":"tag-gf38","22":"tag-grenoble","23":"tag-grenoblemag","24":"tag-info","25":"tag-informations","26":"tag-infos","27":"tag-isere","28":"tag-news","29":"tag-politique","30":"tag-republique-francaise","31":"tag-sociale","32":"tag-sport","33":"tag-transports"},"share_on_mastodon":{"url":"https:\/\/pubeurope.com\/@fr\/115819264440472808","error":""},"_links":{"self":[{"href":"https:\/\/www.europesays.com\/fr\/wp-json\/wp\/v2\/posts\/633963","targetHints":{"allow":["GET"]}}],"collection":[{"href":"https:\/\/www.europesays.com\/fr\/wp-json\/wp\/v2\/posts"}],"about":[{"href":"https:\/\/www.europesays.com\/fr\/wp-json\/wp\/v2\/types\/post"}],"author":[{"embeddable":true,"href":"https:\/\/www.europesays.com\/fr\/wp-json\/wp\/v2\/users\/2"}],"replies":[{"embeddable":true,"href":"https:\/\/www.europesays.com\/fr\/wp-json\/wp\/v2\/comments?post=633963"}],"version-history":[{"count":0,"href":"https:\/\/www.europesays.com\/fr\/wp-json\/wp\/v2\/posts\/633963\/revisions"}],"wp:featuredmedia":[{"embeddable":true,"href":"https:\/\/www.europesays.com\/fr\/wp-json\/wp\/v2\/media\/633964"}],"wp:attachment":[{"href":"https:\/\/www.europesays.com\/fr\/wp-json\/wp\/v2\/media?parent=633963"}],"wp:term":[{"taxonomy":"category","embeddable":true,"href":"https:\/\/www.europesays.com\/fr\/wp-json\/wp\/v2\/categories?post=633963"},{"taxonomy":"post_tag","embeddable":true,"href":"https:\/\/www.europesays.com\/fr\/wp-json\/wp\/v2\/tags?post=633963"}],"curies":[{"name":"wp","href":"https:\/\/api.w.org\/{rel}","templated":true}]}}