{"id":633965,"date":"2026-01-01T10:01:28","date_gmt":"2026-01-01T10:01:28","guid":{"rendered":"https:\/\/www.europesays.com\/fr\/633965\/"},"modified":"2026-01-01T10:01:28","modified_gmt":"2026-01-01T10:01:28","slug":"le-chalutage-dit-4-panneaux-est-suspendu-dans-les-eaux-du-finistere","status":"publish","type":"post","link":"https:\/\/www.europesays.com\/fr\/633965\/","title":{"rendered":"Le chalutage dit \u00ab\u00a04\u00a0panneaux\u00a0\u00bb est suspendu dans les eaux du Finist\u00e8re"},"content":{"rendered":"<p>Le\u00a029\u00a0d\u00e9cembre 2025, le juge des r\u00e9f\u00e9r\u00e9s du tribunal administratif de Rennes (Ille-et-Vilaine), a suspendu l\u2019ex\u00e9cution de l\u2019arr\u00eat\u00e9 pr\u00e9fectoral du 15\u00a0septembre 2025 autorisant <a href=\"https:\/\/quimper.maville.com\/actu\/actudet_-cette-reglementation-des-chalutiers-pour-limiter-les-conflits-provoque-la-colere-des-ligneurs-_6-6962375_actu.Htm\" target=\"_blank\" rel=\"noopener\">la pratique du chalutage \u00ab\u00a04\u00a0panneaux\u00a0\u00bb<\/a> dans la bande c\u00f4ti\u00e8re du Finist\u00e8re.<\/p>\n<p>Ce texte approuvait la d\u00e9lib\u00e9ration du Comit\u00e9 r\u00e9gional des p\u00eaches maritimes et des \u00e9levages marins de Bretagne (CRPMEM) encadrant l\u2019usage du chalut de fond dans les eaux territoriales du Finist\u00e8re.<\/p>\n<p><a href=\"https:\/\/lemarin.ouest-france.fr\/peche\/utilisation-du-chalut-a-quatre-panneaux-deux-associations-bretonnes-contestent-larrete-prefectoral-9371cfce-bfcd-11f0-a7a6-0300a242c945\" target=\"_blank\" rel=\"noopener\">Le 7\u00a0novembre, deux associations repr\u00e9sentant plus d\u2019une centaine de marins-p\u00eacheurs ont d\u00e9pos\u00e9 un recours.<\/a> Elles d\u00e9noncent une technique <strong>\u00ab\u00a0assimilable au chalutage p\u00e9lagique\u00a0\u00bb<\/strong>, habituellement interdit \u00e0 moins de neuf milles des c\u00f4tes, contre trois pour le chalut de fond, et un risque de d\u00e9s\u00e9quilibre pour la p\u00eache artisanale.<\/p>\n<p>Le CRPMEM, qui dispose de quinze jours pour contester l\u2019ordonnance, voit dans la d\u00e9cision du juge des r\u00e9f\u00e9r\u00e9s<strong> \u00ab\u00a0un coup de frein \u00e0 l\u2019action des comit\u00e9s pour am\u00e9liorer la cohabitation entre p\u00eacheurs\u00a0\u00bb.<\/strong> <\/p>\n<p>\u00a0<\/p>\n","protected":false},"excerpt":{"rendered":"Le\u00a029\u00a0d\u00e9cembre 2025, le juge des r\u00e9f\u00e9r\u00e9s du tribunal administratif de Rennes (Ille-et-Vilaine), a suspendu l\u2019ex\u00e9cution de l\u2019arr\u00eat\u00e9 pr\u00e9fectoral&hellip;\n","protected":false},"author":2,"featured_media":633966,"comment_status":"","ping_status":"","sticky":false,"template":"","format":"standard","meta":{"footnotes":""},"categories":[2821],"tags":[15540,1111,11,829,74233,2827,27261,1777,674,3321,1011,27,12,13081,584,25,20719],"class_list":{"0":"post-633965","1":"post","2":"type-post","3":"status-publish","4":"format-standard","5":"has-post-thumbnail","7":"category-rennes","8":"tag-15540","9":"tag-actu","10":"tag-actualites","11":"tag-bretagne","12":"tag-chalutage","13":"tag-dit","14":"tag-eaux","15":"tag-eu","16":"tag-europe","17":"tag-finistere","18":"tag-fr","19":"tag-france","20":"tag-news","21":"tag-panneaux","22":"tag-rennes","23":"tag-republique-francaise","24":"tag-suspendu"},"share_on_mastodon":{"url":"https:\/\/pubeurope.com\/@fr\/115819268311690162","error":""},"_links":{"self":[{"href":"https:\/\/www.europesays.com\/fr\/wp-json\/wp\/v2\/posts\/633965","targetHints":{"allow":["GET"]}}],"collection":[{"href":"https:\/\/www.europesays.com\/fr\/wp-json\/wp\/v2\/posts"}],"about":[{"href":"https:\/\/www.europesays.com\/fr\/wp-json\/wp\/v2\/types\/post"}],"author":[{"embeddable":true,"href":"https:\/\/www.europesays.com\/fr\/wp-json\/wp\/v2\/users\/2"}],"replies":[{"embeddable":true,"href":"https:\/\/www.europesays.com\/fr\/wp-json\/wp\/v2\/comments?post=633965"}],"version-history":[{"count":0,"href":"https:\/\/www.europesays.com\/fr\/wp-json\/wp\/v2\/posts\/633965\/revisions"}],"wp:featuredmedia":[{"embeddable":true,"href":"https:\/\/www.europesays.com\/fr\/wp-json\/wp\/v2\/media\/633966"}],"wp:attachment":[{"href":"https:\/\/www.europesays.com\/fr\/wp-json\/wp\/v2\/media?parent=633965"}],"wp:term":[{"taxonomy":"category","embeddable":true,"href":"https:\/\/www.europesays.com\/fr\/wp-json\/wp\/v2\/categories?post=633965"},{"taxonomy":"post_tag","embeddable":true,"href":"https:\/\/www.europesays.com\/fr\/wp-json\/wp\/v2\/tags?post=633965"}],"curies":[{"name":"wp","href":"https:\/\/api.w.org\/{rel}","templated":true}]}}