{"id":633968,"date":"2026-01-01T10:03:17","date_gmt":"2026-01-01T10:03:17","guid":{"rendered":"https:\/\/www.europesays.com\/fr\/633968\/"},"modified":"2026-01-01T10:03:17","modified_gmt":"2026-01-01T10:03:17","slug":"mundolsheim-un-feu-de-stockage-disolant-maitrise-par-les-pompiers","status":"publish","type":"post","link":"https:\/\/www.europesays.com\/fr\/633968\/","title":{"rendered":"Mundolsheim. Un feu de stockage d\u2019isolant ma\u00eetris\u00e9 par les pompiers"},"content":{"rendered":"<p>Un feu de stockage d&rsquo;isolant pour habitation, accol\u00e9 \u00e0 un entrep\u00f4t, a mobilis\u00e9 les sapeurs-pompiers du Bas-Rhin dans la nuit du 1er janvier, vers 0 h 38, rue Vauban \u00e0 Mundolsheim.<\/p>\n<p>Le sinistre a \u00e9t\u00e9 ma\u00eetris\u00e9 \u00e0 l\u2019aide de quatre lances \u00e0 incendie, dont une d\u00e9ploy\u00e9e sur une \u00e9chelle. L\u2019intervention a permis de pr\u00e9server l\u2019entrep\u00f4t. 22 pompiers ont \u00e9t\u00e9 mobilis\u00e9s.<\/p>\n","protected":false},"excerpt":{"rendered":"Un feu de stockage d&rsquo;isolant pour habitation, accol\u00e9 \u00e0 un entrep\u00f4t, a mobilis\u00e9 les sapeurs-pompiers du Bas-Rhin dans&hellip;\n","protected":false},"author":2,"featured_media":633969,"comment_status":"","ping_status":"","sticky":false,"template":"","format":"standard","meta":{"footnotes":""},"categories":[2820],"tags":[1111,11,2880,1777,674,274,107,1011,27,775,1310,3264,12,25,640],"class_list":{"0":"post-633968","1":"post","2":"type-post","3":"status-publish","4":"format-standard","5":"has-post-thumbnail","7":"category-strasbourg","8":"tag-actu","9":"tag-actualites","10":"tag-edition-strasbourg","11":"tag-eu","12":"tag-europe","13":"tag-faits-divers-justice","14":"tag-fil-info","15":"tag-fr","16":"tag-france","17":"tag-grand-est","18":"tag-incendie","19":"tag-mundolsheim","20":"tag-news","21":"tag-republique-francaise","22":"tag-strasbourg"},"share_on_mastodon":{"url":"https:\/\/pubeurope.com\/@fr\/115819276109137514","error":""},"_links":{"self":[{"href":"https:\/\/www.europesays.com\/fr\/wp-json\/wp\/v2\/posts\/633968","targetHints":{"allow":["GET"]}}],"collection":[{"href":"https:\/\/www.europesays.com\/fr\/wp-json\/wp\/v2\/posts"}],"about":[{"href":"https:\/\/www.europesays.com\/fr\/wp-json\/wp\/v2\/types\/post"}],"author":[{"embeddable":true,"href":"https:\/\/www.europesays.com\/fr\/wp-json\/wp\/v2\/users\/2"}],"replies":[{"embeddable":true,"href":"https:\/\/www.europesays.com\/fr\/wp-json\/wp\/v2\/comments?post=633968"}],"version-history":[{"count":0,"href":"https:\/\/www.europesays.com\/fr\/wp-json\/wp\/v2\/posts\/633968\/revisions"}],"wp:featuredmedia":[{"embeddable":true,"href":"https:\/\/www.europesays.com\/fr\/wp-json\/wp\/v2\/media\/633969"}],"wp:attachment":[{"href":"https:\/\/www.europesays.com\/fr\/wp-json\/wp\/v2\/media?parent=633968"}],"wp:term":[{"taxonomy":"category","embeddable":true,"href":"https:\/\/www.europesays.com\/fr\/wp-json\/wp\/v2\/categories?post=633968"},{"taxonomy":"post_tag","embeddable":true,"href":"https:\/\/www.europesays.com\/fr\/wp-json\/wp\/v2\/tags?post=633968"}],"curies":[{"name":"wp","href":"https:\/\/api.w.org\/{rel}","templated":true}]}}