{"id":633972,"date":"2026-01-01T10:05:12","date_gmt":"2026-01-01T10:05:12","guid":{"rendered":"https:\/\/www.europesays.com\/fr\/633972\/"},"modified":"2026-01-01T10:05:12","modified_gmt":"2026-01-01T10:05:12","slug":"saint-jean-cap-ferrat-lesprit-de-cocteau-sur-les-murs-de-la-villa-santo-sospir","status":"publish","type":"post","link":"https:\/\/www.europesays.com\/fr\/633972\/","title":{"rendered":"Saint Jean Cap Ferrat. L&rsquo;esprit de Cocteau sur les murs de la villa Santo Sospir\u2026"},"content":{"rendered":"<p><img decoding=\"async\" alt=\"\" src=\"https:\/\/www.europesays.com\/fr\/wp-content\/uploads\/2026\/01\/cocteau-table.jpg\" title=\"\"\/><\/p>\n<p>C&rsquo;est avec beaucoup d&rsquo;\u00e9motion que Carole Weisweiller a re\u00e7ue quelques privil\u00e9gi\u00e9s dans la villa familiale de Saint Jean Cap Ferrat qui fut construite entre 1931 et 1935 dans le style r\u00e9gionaliste m\u00e9diterran\u00e9en. Pour leur faire visiter un v\u00e9ritable sanctuaire o\u00f9 vit l&rsquo;esprit bien vivant de l&rsquo;artiste hors norme qu&rsquo;\u00e9tait Jean Cocteau. Quant au corps, id\u00e9alis\u00e9, il est pr\u00e9sent lui aussi sur les murs\u2026 o\u00f9 la mythologie grecque et la M\u00e9diterran\u00e9e lui offraient un support id\u00e9al.<\/p>\n<p>En 1950, la m\u00e8re de Carole, Francine, le rencontre \u00e0 l&rsquo;occasion du tournage du Testament d&rsquo;Orph\u00e9e qu&rsquo;elle cofinance. Elle l&rsquo;invite \u00e0 passer quelques jours de d\u00e9tente au Cap. Les deux s&rsquo;entendent \u00e0 merveille et Jean commence \u00e0 \u00ab\u00a0tatouer\u00a0\u00bb les murs de la villa. Il y s\u00e9journera \u00e0 de nombreuses reprises sur une p\u00e9riode de 13 ann\u00e9es, jusqu&rsquo;\u00e0 sa mort. Chaque fois il laissera son empreinte un peu profond\u00e9ment. Il transforme peu \u00e0 peu la villa en atelier, dessinant sur les murs, les plafonds, sur les armoires et laissant ici et l\u00e0 des objets personnels, traces pr\u00e9gnantes de son passage.\u00a0<\/p>\n<p>Face \u00e0 la baie de Villefranche, le cadre est idyllique. La villa, elle, para\u00eet modeste entour\u00e9e par les demeures cossues des millionnaires venus du monde entier. Cette simplicit\u00e9 est de bon aloi, et Carole a tenu \u00e0 la garder intacte. C&rsquo;est l\u00e0 qu&rsquo;elle passait ses vacances, c&rsquo;est l\u00e0 qu&rsquo;elle le voyait \u00e9crire, peindre, dessin\u00e9, perch\u00e9 parfois sur une \u00e9chelle ou un \u00e9chafaudage, heureux de cette activit\u00e9 qui le distrayait de sa solitude vagabonde.<\/p>\n<p><img decoding=\"async\" alt=\"\" src=\"https:\/\/www.europesays.com\/fr\/wp-content\/uploads\/2026\/01\/cocteau-francine.jpg\" title=\"\"\/><br \/>&#8211; Jean Marais, Francine Weiweiller et son mari Alec, Jean Cocteau &#8211;<\/p>\n<p>Carole Weiweiller a r\u00e9sist\u00e9 pour l\u2019instant aux sir\u00e8nes des marchands de biens. Tout est intact alors qu&rsquo;elle-m\u00eame s\u00e9journe fr\u00e9quemment dans la villa. Un patrimoine qu&rsquo;elle pr\u00e9serve avec passion et qu&rsquo;elle veut l\u00e9guer aux g\u00e9n\u00e9rations futures. C&rsquo;est pour cette raison qu&rsquo;elle s&rsquo;est rapproch\u00e9e du Conseil r\u00e9gional du tourisme, pr\u00e9sid\u00e9 par Dominique Charpentier et de l&rsquo;Association des vieilles maisons fran\u00e7aises repr\u00e9sent\u00e9 par un passionn\u00e9, Patrice Mattant. Pas question n\u00e9anmoins de livrer sans pr\u00e9caution au public l&rsquo;intimit\u00e9 d&rsquo;un artiste fragile autant que les fresques le sont. Une solution doit \u00eatre trouv\u00e9e pour prot\u00e9ger et s\u00e9curiser ce t\u00e9moignage qui d\u00e9gage tant de caract\u00e8re et tant de force.<\/p>\n<p>A la question\u00a0: s&rsquo;il y avait le feu chez vous, qu&rsquo;est-ce que vous emporteriez\u00a0? Cocteau r\u00e9pondait\u00a0: le feu. <br \/>A la villa du Cap, c&rsquo;est le feu int\u00e9rieur qui br\u00fble, entretenu jalousement par une Pythie moderne qu&rsquo;il convient d&rsquo;encourager. (2006)<\/p>\n<p><img decoding=\"async\" alt=\"\" src=\"https:\/\/www.europesays.com\/fr\/wp-content\/uploads\/2026\/01\/cocteau-cheminee.jpg\" title=\"\"\/><br \/>&#8211; le s\u00e9jour &#8211;<\/p>\n<p><img decoding=\"async\" alt=\"\" src=\"https:\/\/www.europesays.com\/fr\/wp-content\/uploads\/2026\/01\/cocteau-escalier.jpg\" title=\"\"\/><br \/>&#8211; escalier &#8211;\n<\/p>\n<p><img decoding=\"async\" alt=\"\" src=\"https:\/\/www.europesays.com\/fr\/wp-content\/uploads\/2026\/01\/cocteau-chambre.jpg\" title=\"\"\/><br \/>&#8211; la chambre de Jean Cocteau &#8211;<\/p>\n<p>[la villa, depuis 2016 propri\u00e9t\u00e9 d\u2019un oligarque russe, Ilia Malia, est en cours de restauration. Le b\u00e2timent, class\u00e9 monument historique depuis 1995, est prot\u00e9g\u00e9 par de nombreuses contraintes. De plus, l\u2019Association des Amis de la villa Santo Sospir continue \u00e0 veiller sur ce bijou.]\u00a0<\/p>\n","protected":false},"excerpt":{"rendered":"C&rsquo;est avec beaucoup d&rsquo;\u00e9motion que Carole Weisweiller a re\u00e7ue quelques privil\u00e9gi\u00e9s dans la villa familiale de Saint Jean&hellip;\n","protected":false},"author":2,"featured_media":633973,"comment_status":"","ping_status":"","sticky":false,"template":"","format":"standard","meta":{"footnotes":""},"categories":[2819],"tags":[1111,47,11,1777,674,1011,27,1110,1031,12,2401,882,25],"class_list":{"0":"post-633972","1":"post","2":"type-post","3":"status-publish","4":"format-standard","5":"has-post-thumbnail","7":"category-nice","8":"tag-actu","9":"tag-actualite","10":"tag-actualites","11":"tag-eu","12":"tag-europe","13":"tag-fr","14":"tag-france","15":"tag-informations","16":"tag-magazine","17":"tag-news","18":"tag-nice","19":"tag-provence-alpes-cote-dazur","20":"tag-republique-francaise"},"share_on_mastodon":{"url":"https:\/\/pubeurope.com\/@fr\/115819284209896316","error":""},"_links":{"self":[{"href":"https:\/\/www.europesays.com\/fr\/wp-json\/wp\/v2\/posts\/633972","targetHints":{"allow":["GET"]}}],"collection":[{"href":"https:\/\/www.europesays.com\/fr\/wp-json\/wp\/v2\/posts"}],"about":[{"href":"https:\/\/www.europesays.com\/fr\/wp-json\/wp\/v2\/types\/post"}],"author":[{"embeddable":true,"href":"https:\/\/www.europesays.com\/fr\/wp-json\/wp\/v2\/users\/2"}],"replies":[{"embeddable":true,"href":"https:\/\/www.europesays.com\/fr\/wp-json\/wp\/v2\/comments?post=633972"}],"version-history":[{"count":0,"href":"https:\/\/www.europesays.com\/fr\/wp-json\/wp\/v2\/posts\/633972\/revisions"}],"wp:featuredmedia":[{"embeddable":true,"href":"https:\/\/www.europesays.com\/fr\/wp-json\/wp\/v2\/media\/633973"}],"wp:attachment":[{"href":"https:\/\/www.europesays.com\/fr\/wp-json\/wp\/v2\/media?parent=633972"}],"wp:term":[{"taxonomy":"category","embeddable":true,"href":"https:\/\/www.europesays.com\/fr\/wp-json\/wp\/v2\/categories?post=633972"},{"taxonomy":"post_tag","embeddable":true,"href":"https:\/\/www.europesays.com\/fr\/wp-json\/wp\/v2\/tags?post=633972"}],"curies":[{"name":"wp","href":"https:\/\/api.w.org\/{rel}","templated":true}]}}