{"id":633980,"date":"2026-01-01T10:10:11","date_gmt":"2026-01-01T10:10:11","guid":{"rendered":"https:\/\/www.europesays.com\/fr\/633980\/"},"modified":"2026-01-01T10:10:11","modified_gmt":"2026-01-01T10:10:11","slug":"top-14-jean-luc-du-preez-bordeaux-begles-va-faire-ses-grands-debuts","status":"publish","type":"post","link":"https:\/\/www.europesays.com\/fr\/633980\/","title":{"rendered":"Top 14 &#8211; Jean-Luc Du Preez (Bordeaux-B\u00e8gles) va faire ses grands d\u00e9buts"},"content":{"rendered":"<p>\n                Recrut\u00e9 l\u2019\u00e9t\u00e9 dernier, l\u2019international sud-africain, Jean-Luc Du Preez est arriv\u00e9 bless\u00e9 \u00e0 Bordeaux au mois de septembre. Son genou est maintenant r\u00e9tabli et il devrait faire ses grands d\u00e9buts avec l\u2019UBB \u00e0 l\u2019occasion de la r\u00e9ception du Racing 92 ce samedi \u00e0 Chaban-Delmas.\n            <\/p>\n<p>C\u2019est une grande premi\u00e8re qui \u00e9tait attendue depuis tr\u00e8s longtemps du c\u00f4t\u00e9 de l\u2019<strong><a href=\"https:\/\/www.rugbyrama.fr\/equipe\/union-bordeaux-begles\/\" target=\"_self\" rel=\"noopener\">Union Bordeaux-B\u00e8gles<\/a><\/strong>. En effet, le troisi\u00e8me ligne international Jean-Luc Du Preez, t\u00eate de gondole du dernier recrutement puisqu\u2019il avait \u00e9t\u00e9 engag\u00e9 avec la mission de faire oublier Tevita Tatafu et Pete Samu, n\u2019a toujours pas pu enfiler son nouveau maillot. L\u2019ancien joueur de Sale s\u2019\u00e9tait bless\u00e9 \u00e0 un genou alors qu\u2019il pr\u00e9parait le troisi\u00e8me match du Rugby Championship avec les <strong><a href=\"https:\/\/www.rugbyrama.fr\/equipe\/afrique-du-sud\/\" target=\"_self\" rel=\"noopener\">Springboks <\/a><\/strong>d\u00e9but septembre. Son retour ne pouvant avoir lieu avant la fin de cette comp\u00e9tition, Jean-Luc Du Preez avait tout de suite rejoint son nouveau club pour pouvoir commencer au plus vite sa r\u00e9\u00e9ducation. Dans un premier temps, l\u2019UBB avait annonc\u00e9 une indisponibilit\u00e9 comprise entre six et huit semaines, mais son retour \u00e0 l\u2019entra\u00eenement n\u2019a cess\u00e9 d\u2019\u00eatre repouss\u00e9.<\/p>\n<p>D\u00e9j\u00e0 esp\u00e9r\u00e9 face \u00e0 Clermont<\/p>\n<p>\u00ab\u00a0Il a fait tous les entra\u00eenements depuis trois semaines avec l\u2019\u00e9quipe, expliquait Noel McNamara en d\u00e9but de semaine. J\u2019esp\u00e8re qu\u2019il sera disponible cette semaine pour disputer le match. Cela permettra aussi de faire souffler certains joueurs de troisi\u00e8me ligne qui ont beaucoup jou\u00e9. J\u2019esp\u00e8re que Jean-Luc pourra nous apporter, car c\u2019est un joueur de haut niveau. Il l\u2019a d\u00e9j\u00e0 montr\u00e9 avec les Springboks, les Sharks et Sale.\u00a0\u00bb Alors que sa pr\u00e9sence \u00e0 Clermont le week-end dernier avait d\u00e9j\u00e0 \u00e9t\u00e9 envisag\u00e9e, il devrait selon nos informations faire ses grands d\u00e9buts face au <strong><a href=\"https:\/\/www.rugbyrama.fr\/equipe\/racing-92\/\" target=\"_self\" rel=\"noopener\">Racing 92<\/a><\/strong>, en commen\u00e7ant la rencontre au c\u0153ur de la troisi\u00e8me ligne titulaire. Ce sera sa premi\u00e8re rencontre officielle depuis le 28\u00a0juin dernier lors d\u2019une confrontation de l\u2019Afrique du Sud face aux Barbarians. C\u2019est une tr\u00e8s bonne nouvelle pour l\u2019Union Bordeaux-B\u00e8gles qui va pouvoir s\u2019appuyer sur un gros-porteur alors que le club girondin doit toujours se passer des services de Marko Gazzotti (cheville).<\/p>\n","protected":false},"excerpt":{"rendered":"Recrut\u00e9 l\u2019\u00e9t\u00e9 dernier, l\u2019international sud-africain, Jean-Luc Du Preez est arriv\u00e9 bless\u00e9 \u00e0 Bordeaux au mois de septembre. Son&hellip;\n","protected":false},"author":2,"featured_media":633981,"comment_status":"","ping_status":"","sticky":false,"template":"","format":"standard","meta":{"footnotes":""},"categories":[2817],"tags":[1111,11,1997,1777,674,1011,27,12,2219,25,68796,478],"class_list":{"0":"post-633980","1":"post","2":"type-post","3":"status-publish","4":"format-standard","5":"has-post-thumbnail","7":"category-bordeaux","8":"tag-actu","9":"tag-actualites","10":"tag-bordeaux","11":"tag-eu","12":"tag-europe","13":"tag-fr","14":"tag-france","15":"tag-news","16":"tag-nouvelle-aquitaine","17":"tag-republique-francaise","18":"tag-rugby-u00e0-xv","19":"tag-top-14"},"share_on_mastodon":{"url":"https:\/\/pubeurope.com\/@fr\/115819303663882612","error":""},"_links":{"self":[{"href":"https:\/\/www.europesays.com\/fr\/wp-json\/wp\/v2\/posts\/633980","targetHints":{"allow":["GET"]}}],"collection":[{"href":"https:\/\/www.europesays.com\/fr\/wp-json\/wp\/v2\/posts"}],"about":[{"href":"https:\/\/www.europesays.com\/fr\/wp-json\/wp\/v2\/types\/post"}],"author":[{"embeddable":true,"href":"https:\/\/www.europesays.com\/fr\/wp-json\/wp\/v2\/users\/2"}],"replies":[{"embeddable":true,"href":"https:\/\/www.europesays.com\/fr\/wp-json\/wp\/v2\/comments?post=633980"}],"version-history":[{"count":0,"href":"https:\/\/www.europesays.com\/fr\/wp-json\/wp\/v2\/posts\/633980\/revisions"}],"wp:featuredmedia":[{"embeddable":true,"href":"https:\/\/www.europesays.com\/fr\/wp-json\/wp\/v2\/media\/633981"}],"wp:attachment":[{"href":"https:\/\/www.europesays.com\/fr\/wp-json\/wp\/v2\/media?parent=633980"}],"wp:term":[{"taxonomy":"category","embeddable":true,"href":"https:\/\/www.europesays.com\/fr\/wp-json\/wp\/v2\/categories?post=633980"},{"taxonomy":"post_tag","embeddable":true,"href":"https:\/\/www.europesays.com\/fr\/wp-json\/wp\/v2\/tags?post=633980"}],"curies":[{"name":"wp","href":"https:\/\/api.w.org\/{rel}","templated":true}]}}