{"id":633987,"date":"2026-01-01T10:16:29","date_gmt":"2026-01-01T10:16:29","guid":{"rendered":"https:\/\/www.europesays.com\/fr\/633987\/"},"modified":"2026-01-01T10:16:29","modified_gmt":"2026-01-01T10:16:29","slug":"marseille-une-femme-morte-defenestree-le-soir-de-noel-son-conjoint-mis-en-examen","status":"publish","type":"post","link":"https:\/\/www.europesays.com\/fr\/633987\/","title":{"rendered":"Marseille. Une femme morte d\u00e9fenestr\u00e9e le soir de No\u00ebl, son conjoint mis en examen"},"content":{"rendered":"<p>Une femme est morte au pied d&rsquo;un immeuble \u00e0 Marseille apr\u00e8s une d\u00e9fenestration la nuit de No\u00ebl et son conjoint a \u00e9t\u00e9 mis en examen pour homicide et plac\u00e9 en d\u00e9tention provisoire, a-t-on appris dimanche aupr\u00e8s du parquet.<\/p>\n<p>Les faits se sont d\u00e9roul\u00e9s jeudi peu avant 20h lorsque les marins-pompiers sont intervenus pour une femme, \u00e2g\u00e9e de 43 ans, qui avait fait une chute du quatri\u00e8me \u00e9tage de la tour Bel Horizon, copropri\u00e9t\u00e9 d\u00e9grad\u00e9e situ\u00e9e dans le centre de Marseille, selon une source polici\u00e8re.<\/p>\n<p>Des traces de lutte<\/p>\n<p>Malgr\u00e9 l&rsquo;intervention des secours, son d\u00e9c\u00e8s est prononc\u00e9 quelques minutes apr\u00e8s sa chute. La victime, de nationalit\u00e9 alg\u00e9rienne, \u00e9tait m\u00e8re de trois enfants.<\/p>\n<p>Son conjoint, qui se trouvait \u00e0 ses c\u00f4t\u00e9s et tenait des propos incoh\u00e9rents, a \u00e9t\u00e9 interpell\u00e9 et plac\u00e9 en garde \u00e0 vue, d&rsquo;apr\u00e8s une source polici\u00e8re.<\/p>\n<p>L&rsquo;appartement du couple pr\u00e9sentait des traces de lutte, de sang et des tessons de bouteilles, selon des sources proches de l&rsquo;enqu\u00eate.<\/p>\n<p>  Enqu\u00eate pour violences conjugales<\/p>\n<p>Le conjoint, \u00e2g\u00e9 de 35 ans et \u00e9galement de nationalit\u00e9 alg\u00e9rienne, a \u00e9t\u00e9 d\u00e9f\u00e9r\u00e9 samedi soir et mis en examen pour \u00ab homicide aggrav\u00e9 par la conjugalit\u00e9 en \u00e9tat d&rsquo;ivresse \u00bb, indique le parquet de Marseille qui a ouvert une information judiciaire pour d\u00e9terminer les circonstances des faits.\u00a0<\/p>\n<p>En 2024, une enqu\u00eate concernant le couple avait \u00e9t\u00e9 ouverte pour violences conjugales r\u00e9ciproques et class\u00e9e sans suite faute de preuve suffisamment caract\u00e9ris\u00e9e, pr\u00e9cise le parquet.<\/p>\n<p>Chaque jour en France, plus de trois femmes sont victimes de f\u00e9minicide ou tentative de f\u00e9minicide conjugal, un chiffre en hausse sur un an, selon les donn\u00e9es de 2024 de la mission interminist\u00e9rielle pour la protection des femmes (Miprof) publi\u00e9es en novembre. Cent-sept femmes ont \u00e9t\u00e9 victimes de f\u00e9minicides au sein du couple en 2024, contre 96 en 2023.<\/p>\n","protected":false},"excerpt":{"rendered":"Une femme est morte au pied d&rsquo;un immeuble \u00e0 Marseille apr\u00e8s une d\u00e9fenestration la nuit de No\u00ebl et&hellip;\n","protected":false},"author":2,"featured_media":633988,"comment_status":"","ping_status":"","sticky":false,"template":"","format":"standard","meta":{"footnotes":""},"categories":[2814],"tags":[1111,11,271,272,1777,674,274,107,1011,27,329,884,12,882,25],"class_list":{"0":"post-633987","1":"post","2":"type-post","3":"status-publish","4":"format-standard","5":"has-post-thumbnail","7":"category-marseille","8":"tag-actu","9":"tag-actualites","10":"tag-crime","11":"tag-delit-et-contravention","12":"tag-eu","13":"tag-europe","14":"tag-faits-divers-justice","15":"tag-fil-info","16":"tag-fr","17":"tag-france","18":"tag-france-monde","19":"tag-marseille","20":"tag-news","21":"tag-provence-alpes-cote-dazur","22":"tag-republique-francaise"},"share_on_mastodon":{"url":"https:\/\/pubeurope.com\/@fr\/115819327194834170","error":""},"_links":{"self":[{"href":"https:\/\/www.europesays.com\/fr\/wp-json\/wp\/v2\/posts\/633987","targetHints":{"allow":["GET"]}}],"collection":[{"href":"https:\/\/www.europesays.com\/fr\/wp-json\/wp\/v2\/posts"}],"about":[{"href":"https:\/\/www.europesays.com\/fr\/wp-json\/wp\/v2\/types\/post"}],"author":[{"embeddable":true,"href":"https:\/\/www.europesays.com\/fr\/wp-json\/wp\/v2\/users\/2"}],"replies":[{"embeddable":true,"href":"https:\/\/www.europesays.com\/fr\/wp-json\/wp\/v2\/comments?post=633987"}],"version-history":[{"count":0,"href":"https:\/\/www.europesays.com\/fr\/wp-json\/wp\/v2\/posts\/633987\/revisions"}],"wp:featuredmedia":[{"embeddable":true,"href":"https:\/\/www.europesays.com\/fr\/wp-json\/wp\/v2\/media\/633988"}],"wp:attachment":[{"href":"https:\/\/www.europesays.com\/fr\/wp-json\/wp\/v2\/media?parent=633987"}],"wp:term":[{"taxonomy":"category","embeddable":true,"href":"https:\/\/www.europesays.com\/fr\/wp-json\/wp\/v2\/categories?post=633987"},{"taxonomy":"post_tag","embeddable":true,"href":"https:\/\/www.europesays.com\/fr\/wp-json\/wp\/v2\/tags?post=633987"}],"curies":[{"name":"wp","href":"https:\/\/api.w.org\/{rel}","templated":true}]}}