{"id":633991,"date":"2026-01-01T10:18:11","date_gmt":"2026-01-01T10:18:11","guid":{"rendered":"https:\/\/www.europesays.com\/fr\/633991\/"},"modified":"2026-01-01T10:18:11","modified_gmt":"2026-01-01T10:18:11","slug":"rhone-deux-exces-de-vitesse-superieurs-a-100-km-h-sur-la7-et-le-peripherique-lyonnais","status":"publish","type":"post","link":"https:\/\/www.europesays.com\/fr\/633991\/","title":{"rendered":"Rh\u00f4ne. Deux exc\u00e8s de vitesse sup\u00e9rieurs \u00e0 100\u00a0km\/h sur l\u2019A7 et le p\u00e9riph\u00e9rique lyonnais"},"content":{"rendered":"<p>Le conducteur d\u2019un v\u00e9hicule l\u00e9ger a \u00e9t\u00e9 flash\u00e9 \u00e0 211\u00a0km\/h, sur une portion limit\u00e9e \u00e0 110\u00a0km\/h, par les policiers de la CRS autorouti\u00e8re Rh\u00f4ne-Alpes-Auvergne, le 24\u00a0d\u00e9cembre, sur l\u2019autoroute A7, \u00e0 hauteur de Ternay, dans le sud du d\u00e9partement du Rh\u00f4ne.<\/p>\n<p>  Mise en danger de la vie d\u2019autrui<\/p>\n<p>Un mois plus t\u00f4t, le 26\u00a0novembre, un autre chauffard avait \u00e9t\u00e9 flash\u00e9 par les CRS, au volant d\u2019une Audi, \u00e0 186\u00a0km\/h, sur une portion limit\u00e9e \u00e0 70\u00a0km\/h, sur le boulevard p\u00e9riph\u00e9rique de Lyon (RD383).<\/p>\n<p>L\u2019automobiliste, en d\u00e9faut d\u2019assurance, est notamment poursuivi pour mise en danger de la vie d\u2019autrui, pour cet exc\u00e8s de vitesse de 116\u00a0km\/h.<\/p>\n","protected":false},"excerpt":{"rendered":"Le conducteur d\u2019un v\u00e9hicule l\u00e9ger a \u00e9t\u00e9 flash\u00e9 \u00e0 211\u00a0km\/h, sur une portion limit\u00e9e \u00e0 110\u00a0km\/h, par les&hellip;\n","protected":false},"author":2,"featured_media":633992,"comment_status":"","ping_status":"","sticky":false,"template":"","format":"standard","meta":{"footnotes":""},"categories":[1889],"tags":[1111,11,2430,271,272,3152,2757,1777,674,274,1011,27,2428,2756,12,25,2429,21447],"class_list":{"0":"post-633991","1":"post","2":"type-post","3":"status-publish","4":"format-standard","5":"has-post-thumbnail","7":"category-lyon","8":"tag-actu","9":"tag-actualites","10":"tag-auvergne-rhone-alpes","11":"tag-crime","12":"tag-delit-et-contravention","13":"tag-edition-est-lyonnais","14":"tag-edition-lyon-villeurbanne","15":"tag-eu","16":"tag-europe","17":"tag-faits-divers-justice","18":"tag-fr","19":"tag-france","20":"tag-lyon","21":"tag-lyon-bassin","22":"tag-news","23":"tag-republique-francaise","24":"tag-rhone","25":"tag-ternay"},"share_on_mastodon":{"url":"https:\/\/pubeurope.com\/@fr\/115819335264664751","error":""},"_links":{"self":[{"href":"https:\/\/www.europesays.com\/fr\/wp-json\/wp\/v2\/posts\/633991","targetHints":{"allow":["GET"]}}],"collection":[{"href":"https:\/\/www.europesays.com\/fr\/wp-json\/wp\/v2\/posts"}],"about":[{"href":"https:\/\/www.europesays.com\/fr\/wp-json\/wp\/v2\/types\/post"}],"author":[{"embeddable":true,"href":"https:\/\/www.europesays.com\/fr\/wp-json\/wp\/v2\/users\/2"}],"replies":[{"embeddable":true,"href":"https:\/\/www.europesays.com\/fr\/wp-json\/wp\/v2\/comments?post=633991"}],"version-history":[{"count":0,"href":"https:\/\/www.europesays.com\/fr\/wp-json\/wp\/v2\/posts\/633991\/revisions"}],"wp:featuredmedia":[{"embeddable":true,"href":"https:\/\/www.europesays.com\/fr\/wp-json\/wp\/v2\/media\/633992"}],"wp:attachment":[{"href":"https:\/\/www.europesays.com\/fr\/wp-json\/wp\/v2\/media?parent=633991"}],"wp:term":[{"taxonomy":"category","embeddable":true,"href":"https:\/\/www.europesays.com\/fr\/wp-json\/wp\/v2\/categories?post=633991"},{"taxonomy":"post_tag","embeddable":true,"href":"https:\/\/www.europesays.com\/fr\/wp-json\/wp\/v2\/tags?post=633991"}],"curies":[{"name":"wp","href":"https:\/\/api.w.org\/{rel}","templated":true}]}}