{"id":634003,"date":"2026-01-01T10:26:12","date_gmt":"2026-01-01T10:26:12","guid":{"rendered":"https:\/\/www.europesays.com\/fr\/634003\/"},"modified":"2026-01-01T10:26:12","modified_gmt":"2026-01-01T10:26:12","slug":"laccord-de-paix-est-pret-a-90-zelensky-fixe-le-cap-pour-2026-et-les-10-decisifs-pour-la-paix-en-ukraine","status":"publish","type":"post","link":"https:\/\/www.europesays.com\/fr\/634003\/","title":{"rendered":"\u00ab\u00a0L\u2019accord de paix est pr\u00eat \u00e0 90\u00a0%\u00a0\u00bb\u00a0: Zelensky fixe le cap pour 2026 et les 10\u00a0% d\u00e9cisifs pour la paix en Ukraine"},"content":{"rendered":"<p>\u00ab L\u2019accord de paix est pr\u00eat \u00e0 90 %. Il reste 10 % (\u2026) Ces 10 % contiennent tout, en fait. Ce sont ces 10 % qui d\u00e9termineront le destin de la paix, le destin de <a href=\"https:\/\/www.letelegramme.fr\/monde\/guerre-ukraine-russie\/\" target=\"_blank\" rel=\"noopener\">l\u2019Ukraine<\/a> et de l\u2019Europe \u00bb, a d\u00e9clar\u00e9, mercredi soir, le pr\u00e9sident ukrainien Volodymyr Zelensky dans un message vid\u00e9o publi\u00e9 sur son compte Telegram lors de ses v\u0153ux pour 2026.<\/p>\n<p>Le dirigeant a r\u00e9affirm\u00e9 que son pays souhaitait la fin du conflit qui fait rage depuis f\u00e9vrier 2022, mais pas \u00ab \u00e0 n\u2019importe quel prix \u00bb, appelant une fois de plus \u00e0 des garanties de s\u00e9curit\u00e9 solide afin de dissuader toute nouvelle offensive.<\/p>\n<p>\u00ab Nous croyons en vous et en notre victoire ! \u00bb, lance Poutine<\/p>\n<p>L\u2019une des questions cl\u00e9s reste celle de l\u2019avenir des territoires, alors que la Russie occupe environ 19 % de l\u2019Ukraine. \u00c9galement lors de son discours du Nouvel An, le pr\u00e9sident Vladimir Poutine a exhort\u00e9 les Russes \u00e0 croire en la victoire en Ukraine dans le conflit le plus meurtrier en Europe depuis la Deuxi\u00e8me Guerre mondiale.<\/p>\n<p>Sur le front, les troupes du Kremlin, plus nombreuses, continuent d\u2019attaquer et de grignoter du terrain, et Moscou accuse Kiev d\u2019avoir men\u00e9 une attaque de drones contre une r\u00e9sidence du pr\u00e9sident russe, faisant craindre un blocage des pourparlers.<\/p>\n<p>L\u2019envoy\u00e9 sp\u00e9cial am\u00e9ricain Steve Witkoff a annonc\u00e9, mercredi, avoir discut\u00e9 avec de hauts responsables ukrainiens, dont le n\u00e9gociateur en chef de Kiev, Roustem Oumerov, et des conseillers europ\u00e9ens en mati\u00e8re de s\u00e9curit\u00e9 de la fa\u00e7on de relancer les efforts de paix pendant la nouvelle ann\u00e9e, affirmant qu\u2019un \u00ab travail important \u00bb restait \u00e0 accomplir.<\/p>\n<p>Dans son allocution t\u00e9l\u00e9vis\u00e9e, qui a dur\u00e9 un peu plus de trois minutes, Poutine s\u2019est adress\u00e9 aux soldats russes participant \u00e0 \u00ab l\u2019op\u00e9ration militaire sp\u00e9ciale \u00bb en Ukraine.<\/p>\n<p>\u00ab Nous croyons en vous et en notre victoire ! \u00bb, a-t-il lanc\u00e9, assurant que ses troupes combattaient \u00ab pour leur terre natale, la v\u00e9rit\u00e9 et la justice \u00bb.<\/p>\n<p>Cette allocution marquait symboliquement les 26 ans de son arriv\u00e9e au pouvoir : le 31 d\u00e9cembre 1999, son pr\u00e9d\u00e9cesseur, Boris Eltsine, avait annonc\u00e9 sa d\u00e9mission et la nomination de Vladimir Poutine comme pr\u00e9sident par int\u00e9rim.<\/p>\n","protected":false},"excerpt":{"rendered":"\u00ab L\u2019accord de paix est pr\u00eat \u00e0 90 %. Il reste 10 % (\u2026) Ces 10 % contiennent&hellip;\n","protected":false},"author":2,"featured_media":634004,"comment_status":"","ping_status":"","sticky":false,"template":"","format":"standard","meta":{"footnotes":""},"categories":[1591],"tags":[11,765,1887,131,2069,74,12,1885,1886,132,220,134],"class_list":{"0":"post-634003","1":"post","2":"type-post","3":"status-publish","4":"format-standard","5":"has-post-thumbnail","7":"category-russie","8":"tag-actualites","9":"tag-en-continu","10":"tag-federation-de-russie","11":"tag-guerre-en-ukraine","12":"tag-guerre-ukraine-russie","13":"tag-monde","14":"tag-news","15":"tag-russia","16":"tag-russian-federation","17":"tag-russie","18":"tag-ukraine","19":"tag-volodymyr-zelensky"},"share_on_mastodon":{"url":"https:\/\/pubeurope.com\/@fr\/115819366964847666","error":""},"_links":{"self":[{"href":"https:\/\/www.europesays.com\/fr\/wp-json\/wp\/v2\/posts\/634003","targetHints":{"allow":["GET"]}}],"collection":[{"href":"https:\/\/www.europesays.com\/fr\/wp-json\/wp\/v2\/posts"}],"about":[{"href":"https:\/\/www.europesays.com\/fr\/wp-json\/wp\/v2\/types\/post"}],"author":[{"embeddable":true,"href":"https:\/\/www.europesays.com\/fr\/wp-json\/wp\/v2\/users\/2"}],"replies":[{"embeddable":true,"href":"https:\/\/www.europesays.com\/fr\/wp-json\/wp\/v2\/comments?post=634003"}],"version-history":[{"count":0,"href":"https:\/\/www.europesays.com\/fr\/wp-json\/wp\/v2\/posts\/634003\/revisions"}],"wp:featuredmedia":[{"embeddable":true,"href":"https:\/\/www.europesays.com\/fr\/wp-json\/wp\/v2\/media\/634004"}],"wp:attachment":[{"href":"https:\/\/www.europesays.com\/fr\/wp-json\/wp\/v2\/media?parent=634003"}],"wp:term":[{"taxonomy":"category","embeddable":true,"href":"https:\/\/www.europesays.com\/fr\/wp-json\/wp\/v2\/categories?post=634003"},{"taxonomy":"post_tag","embeddable":true,"href":"https:\/\/www.europesays.com\/fr\/wp-json\/wp\/v2\/tags?post=634003"}],"curies":[{"name":"wp","href":"https:\/\/api.w.org\/{rel}","templated":true}]}}