{"id":634009,"date":"2026-01-01T10:29:33","date_gmt":"2026-01-01T10:29:33","guid":{"rendered":"https:\/\/www.europesays.com\/fr\/634009\/"},"modified":"2026-01-01T10:29:33","modified_gmt":"2026-01-01T10:29:33","slug":"petition-sauvez-les-militant%c2%b7es-pour-la-palestine-en-greve-de-la-faim-au-royaume-uni","status":"publish","type":"post","link":"https:\/\/www.europesays.com\/fr\/634009\/","title":{"rendered":"P\u00e9tition \/ Sauvez les militant\u00b7es pour la Palestine en gr\u00e8ve de la faim au Royaume-Uni"},"content":{"rendered":"<p><strong>24 personnes sont emprisonn\u00e9es depuis plus d\u2019un an en Grande-Bretagne pour leur soutien actif \u00e0 la Palestine.<\/strong>Parmi elles, 8 militant\u00b7es d\u00e9tenu\u00b7es sont en gr\u00e8ve de la faim. Trois d\u2019entre elles et eux ont d\u00e9j\u00e0 fait plus de 57 jours de je\u00fbne. Ils et elles ont cess\u00e9 de se nourrir depuis le 2 novembre pour d\u00e9noncer les conditions de leur incarc\u00e9ration, la complicit\u00e9 du Royaume-Uni avec Isra\u00ebl et la r\u00e9pression contre le mouvement de solidarit\u00e9 avec la Palestine. <strong>Faisons entendre notre soutien aux gr\u00e9vistes et exigeons du gouvernement britannique qu\u2019il garantisse aux prisonnier\u00b7es leur droit \u00e0 un proc\u00e8s \u00e9quitable et leur accorde une remise en libert\u00e9 imm\u00e9diate.<\/strong>\n<\/p>\n<p><strong><a href=\"https:\/\/secure.avaaz.org\/campaign\/en\/save_palestine_action_hunger_strikers_1_3\/\" class=\"spip_out\" rel=\"external noopener\" target=\"_blank\">&gt;&gt; Je signe la p\u00e9tition<\/a><\/strong><\/p>\n<p>Derni\u00e8re mise \u00e0 jour &#8211; 17 d\u00e9cembre\u00a0: deux gr\u00e9vistes de la faim n\u2019ont pas mang\u00e9 depuis 46 jours et ont besoin de soins m\u00e9dicaux urgents.<\/p>\n<p>Au moment o\u00f9 vous lisez ces lignes, <strong>huit jeunes militant\u00b7es britanniques (photo) qui n\u2019ont pas encore \u00e9t\u00e9 jug\u00e9\u00b7es sont trop faibles pour se tenir debout, ont la bouche trop ulc\u00e9r\u00e9e pour parler et sont en danger de mort imminent.<\/strong><\/p>\n<p>Pour mettre ces 46 jours en perspective, Martin Hurson, un gr\u00e9viste de la faim de l\u2019IRA \u00e2g\u00e9 de 24 ans, est mort le 46e jour de sa gr\u00e8ve de la faim en 1981.<\/p>\n<p>Ils et elles sont actuellement en prison et attendent leur proc\u00e8s pour avoir perturb\u00e9 une entreprise d\u2019armement isra\u00e9lienne afin d\u2019endommager des armes destin\u00e9es \u00e0 la Palestine dans des bases britanniques au nom de Palestine Action avant que le groupe ne soit interdit en tant qu\u2019organisation terroriste.<\/p>\n<p>Ils et elles se sont vu refuser les conditions normales de lib\u00e9ration sous caution et, en cette p\u00e9riode de crise, ne re\u00e7oivent pas les soins m\u00e9dicaux dont ils ont d\u00e9sesp\u00e9r\u00e9ment besoin. C\u2019est une catastrophe dont David Lammy, le ministre britannique de la Justice, sera responsable s\u2019il n\u2019agit pas.<\/p>\n<p><strong>Il n\u2019y a pas de temps \u00e0 perdre\u00a0: le risque imminent de mort augmente d\u2019heure en heure. David Lammy doit intervenir imm\u00e9diatement.<\/strong><\/p>\n<p><strong><a href=\"https:\/\/secure.avaaz.org\/campaign\/en\/save_palestine_action_hunger_strikers_1_3\/\" class=\"spip_out\" rel=\"external noopener\" target=\"_blank\">&gt;&gt; Je signe la p\u00e9tition<\/a><\/strong><\/p>\n","protected":false},"excerpt":{"rendered":"24 personnes sont emprisonn\u00e9es depuis plus d\u2019un an en Grande-Bretagne pour leur soutien actif \u00e0 la Palestine.Parmi elles,&hellip;\n","protected":false},"author":2,"featured_media":634010,"comment_status":"","ping_status":"","sticky":false,"template":"","format":"standard","meta":{"footnotes":""},"categories":[1588],"tags":[11,1777,674,12,473,1853,1851,1850,1852],"class_list":{"0":"post-634009","1":"post","2":"type-post","3":"status-publish","4":"format-standard","5":"has-post-thumbnail","7":"category-royaume-uni","8":"tag-actualites","9":"tag-eu","10":"tag-europe","11":"tag-news","12":"tag-royaume-uni","13":"tag-royaume-uni-de-grande-bretagne-et-dirlande-du-nord","14":"tag-uk","15":"tag-united-kingdom","16":"tag-united-kingdom-of-great-britain-and-northern-ireland"},"share_on_mastodon":{"url":"https:\/\/pubeurope.com\/@fr\/115819378582586428","error":""},"_links":{"self":[{"href":"https:\/\/www.europesays.com\/fr\/wp-json\/wp\/v2\/posts\/634009","targetHints":{"allow":["GET"]}}],"collection":[{"href":"https:\/\/www.europesays.com\/fr\/wp-json\/wp\/v2\/posts"}],"about":[{"href":"https:\/\/www.europesays.com\/fr\/wp-json\/wp\/v2\/types\/post"}],"author":[{"embeddable":true,"href":"https:\/\/www.europesays.com\/fr\/wp-json\/wp\/v2\/users\/2"}],"replies":[{"embeddable":true,"href":"https:\/\/www.europesays.com\/fr\/wp-json\/wp\/v2\/comments?post=634009"}],"version-history":[{"count":0,"href":"https:\/\/www.europesays.com\/fr\/wp-json\/wp\/v2\/posts\/634009\/revisions"}],"wp:featuredmedia":[{"embeddable":true,"href":"https:\/\/www.europesays.com\/fr\/wp-json\/wp\/v2\/media\/634010"}],"wp:attachment":[{"href":"https:\/\/www.europesays.com\/fr\/wp-json\/wp\/v2\/media?parent=634009"}],"wp:term":[{"taxonomy":"category","embeddable":true,"href":"https:\/\/www.europesays.com\/fr\/wp-json\/wp\/v2\/categories?post=634009"},{"taxonomy":"post_tag","embeddable":true,"href":"https:\/\/www.europesays.com\/fr\/wp-json\/wp\/v2\/tags?post=634009"}],"curies":[{"name":"wp","href":"https:\/\/api.w.org\/{rel}","templated":true}]}}