{"id":634011,"date":"2026-01-01T10:30:24","date_gmt":"2026-01-01T10:30:24","guid":{"rendered":"https:\/\/www.europesays.com\/fr\/634011\/"},"modified":"2026-01-01T10:30:24","modified_gmt":"2026-01-01T10:30:24","slug":"nuit-de-reveillon-tragique-en-allemagne-et-pays-bas-4-morts","status":"publish","type":"post","link":"https:\/\/www.europesays.com\/fr\/634011\/","title":{"rendered":"Nuit de r\u00e9veillon tragique en Allemagne et Pays-Bas : 4 morts"},"content":{"rendered":"<p>Deux personnes sont d\u00e9c\u00e9d\u00e9es dans des accidents de feu d\u2019artifice aux Pays-Bas, aux premi\u00e8res heures de\u00a02026, a indiqu\u00e9 la police n\u00e9erlandaise dans la nuit de mercredi \u00e0 jeudi.<\/p>\n<p>Un individu a perdu la vie \u00e0 Nim\u00e8gue, dans l\u2019est du pays. L\u2019autre victime, un homme de 38 ans originaire d\u2019Aalsmeer (une localit\u00e9 situ\u00e9e \u00e0 une petite trentaine de kilom\u00e8tres au sud d\u2019Amsterdam) est mort \u00e0 son domicile alors qu\u2019il manipulait l\u2019engin pyrotechnique.\u00a0Dans les deux cas, la police a ouvert une enqu\u00eate pour d\u00e9terminer les circonstances pr\u00e9cises de cet incident mortel.<\/p>\n<p>La nuit a aussi \u00e9t\u00e9 mouvement\u00e9e \u00e0 Breda, pr\u00e8s de la fronti\u00e8re belge, o\u00f9 la police a \u00e9t\u00e9 vis\u00e9e par des cocktails Molotov et des jets de dalles, arrach\u00e9es au trottoir. Un v\u00e9hicule des forces de l\u2019ordre a ainsi \u00e9t\u00e9 endommag\u00e9. Cinq personnes ont \u00e9t\u00e9 interpell\u00e9es, selon la police.<\/p>\n<p>Des individus ont bout\u00e9 le feu \u00e0 plusieurs v\u00e9hicules. Des bagarres ont \u00e9galement \u00e9clat\u00e9 dans la ville.<\/p>\n<p>Dans la localit\u00e9 de Rosendael, adjacente elle aussi \u00e0 la fronti\u00e8re belge, la police a interpell\u00e9 sept individus qui dirigeaient contre elle des engins pyrotechniques.<\/p>\n<p>\u00c0 La\u00a0Haye, les forces de l\u2019ordre ont \u00e9galement essuy\u00e9 des jets de p\u00e9tards.<\/p>\n","protected":false},"excerpt":{"rendered":"Deux personnes sont d\u00e9c\u00e9d\u00e9es dans des accidents de feu d\u2019artifice aux Pays-Bas, aux premi\u00e8res heures de\u00a02026, a indiqu\u00e9&hellip;\n","protected":false},"author":2,"featured_media":634012,"comment_status":"","ping_status":"","sticky":false,"template":"","format":"standard","meta":{"footnotes":""},"categories":[1587],"tags":[11,672,1804,1805,1803,1777,674,1801,12,1802],"class_list":{"0":"post-634011","1":"post","2":"type-post","3":"status-publish","4":"format-standard","5":"has-post-thumbnail","7":"category-allemagne","8":"tag-actualites","9":"tag-allemagne","10":"tag-bundesrepublik-deutschland","11":"tag-de","12":"tag-deutschland","13":"tag-eu","14":"tag-europe","15":"tag-germany","16":"tag-news","17":"tag-republique-federale-dallemagne"},"share_on_mastodon":{"url":"https:\/\/pubeurope.com\/@fr\/115819382365988936","error":""},"_links":{"self":[{"href":"https:\/\/www.europesays.com\/fr\/wp-json\/wp\/v2\/posts\/634011","targetHints":{"allow":["GET"]}}],"collection":[{"href":"https:\/\/www.europesays.com\/fr\/wp-json\/wp\/v2\/posts"}],"about":[{"href":"https:\/\/www.europesays.com\/fr\/wp-json\/wp\/v2\/types\/post"}],"author":[{"embeddable":true,"href":"https:\/\/www.europesays.com\/fr\/wp-json\/wp\/v2\/users\/2"}],"replies":[{"embeddable":true,"href":"https:\/\/www.europesays.com\/fr\/wp-json\/wp\/v2\/comments?post=634011"}],"version-history":[{"count":0,"href":"https:\/\/www.europesays.com\/fr\/wp-json\/wp\/v2\/posts\/634011\/revisions"}],"wp:featuredmedia":[{"embeddable":true,"href":"https:\/\/www.europesays.com\/fr\/wp-json\/wp\/v2\/media\/634012"}],"wp:attachment":[{"href":"https:\/\/www.europesays.com\/fr\/wp-json\/wp\/v2\/media?parent=634011"}],"wp:term":[{"taxonomy":"category","embeddable":true,"href":"https:\/\/www.europesays.com\/fr\/wp-json\/wp\/v2\/categories?post=634011"},{"taxonomy":"post_tag","embeddable":true,"href":"https:\/\/www.europesays.com\/fr\/wp-json\/wp\/v2\/tags?post=634011"}],"curies":[{"name":"wp","href":"https:\/\/api.w.org\/{rel}","templated":true}]}}