{"id":634020,"date":"2026-01-01T10:35:10","date_gmt":"2026-01-01T10:35:10","guid":{"rendered":"https:\/\/www.europesays.com\/fr\/634020\/"},"modified":"2026-01-01T10:35:10","modified_gmt":"2026-01-01T10:35:10","slug":"les-ventes-de-voitures-neuves-en-france-ont-recule-nettement-en-2025","status":"publish","type":"post","link":"https:\/\/www.europesays.com\/fr\/634020\/","title":{"rendered":"Les ventes de voitures neuves en France ont recul\u00e9 nettement en 2025"},"content":{"rendered":"<p>Les ventes de voitures neuves en France ont continu\u00e9 de reculer nettement en 2025 par rapport \u00e0 l&rsquo;ann\u00e9e pr\u00e9c\u00e9dente avec 1 632 154 immatriculations, soit une baisse de 5,02 %, lors d&rsquo;une ann\u00e9e marqu\u00e9e notamment par un fort repli de <a href=\"https:\/\/www.latribune.fr\/article\/transports\/automobile\/29343593269179\/tesla-a-rate-plus-d-un-million-de-ventes-a-cause-d-elon-musk\" target=\"_blank\" rel=\"noopener\">Tesla <\/a>(-37,5 %).<\/p>\n<p>\u00ab D\u00e9cembre a \u00e9t\u00e9 dans la continuit\u00e9 de 2025, ann\u00e9e marqu\u00e9e par l&rsquo;attentisme des consommateurs \u00bb sur fond d&rsquo;incertitudes politiques, a comment\u00e9 jeudi aupr\u00e8s de l&rsquo;AFP un porte-parole de La Plateforme automobile (PFA), qui d\u00e9fend les int\u00e9r\u00eats de la fili\u00e8re automobile fran\u00e7aise.<\/p>\n<p>580 000 v\u00e9hicules de moins qu&rsquo;en 2019&#13;\n<\/p>\n<p>Il s&rsquo;est vendu en 2025 environ 580 000 v\u00e9hicules de moins qu&rsquo;en 2019, dernier exercice avant la pand\u00e9mie de<a href=\"https:\/\/www.latribune.fr\/entreprises-finance\/industrie\/chimie-pharmacie\/covid-5-ans-apres-le-monde-est-il-pret-a-affronter-la-prochaine-pandemie-1015372.html\" target=\"_blank\" rel=\"noopener\"> Covid-19<\/a>, suivie d&rsquo;une p\u00e9riode de forte inflation. Soit une \u00e9rosion des ventes de plus d&rsquo;un quart en six ans, une \u00ab vraie crise de volume qui p\u00e8se sur l&rsquo;industrie fran\u00e7aise et europ\u00e9enne \u00bb, selon PFA.<\/p>\n","protected":false},"excerpt":{"rendered":"Les ventes de voitures neuves en France ont continu\u00e9 de reculer nettement en 2025 par rapport \u00e0 l&rsquo;ann\u00e9e&hellip;\n","protected":false},"author":2,"featured_media":634021,"comment_status":"","ping_status":"","sticky":false,"template":"","format":"standard","meta":{"footnotes":""},"categories":[4],"tags":[17,5734,11,1011,27,151,42345,74235,12,74236,25,800,6180,3888],"class_list":{"0":"post-634020","1":"post","2":"type-post","3":"status-publish","4":"format-standard","5":"has-post-thumbnail","7":"category-france","8":"tag-17","9":"tag-5734","10":"tag-actualites","11":"tag-fr","12":"tag-france","13":"tag-les","14":"tag-nettement","15":"tag-neuves","16":"tag-news","17":"tag-recule","18":"tag-republique-francaise","19":"tag-transports","20":"tag-ventes","21":"tag-voitures"},"share_on_mastodon":{"url":"https:\/\/pubeurope.com\/@fr\/115819402090742839","error":""},"_links":{"self":[{"href":"https:\/\/www.europesays.com\/fr\/wp-json\/wp\/v2\/posts\/634020","targetHints":{"allow":["GET"]}}],"collection":[{"href":"https:\/\/www.europesays.com\/fr\/wp-json\/wp\/v2\/posts"}],"about":[{"href":"https:\/\/www.europesays.com\/fr\/wp-json\/wp\/v2\/types\/post"}],"author":[{"embeddable":true,"href":"https:\/\/www.europesays.com\/fr\/wp-json\/wp\/v2\/users\/2"}],"replies":[{"embeddable":true,"href":"https:\/\/www.europesays.com\/fr\/wp-json\/wp\/v2\/comments?post=634020"}],"version-history":[{"count":0,"href":"https:\/\/www.europesays.com\/fr\/wp-json\/wp\/v2\/posts\/634020\/revisions"}],"wp:featuredmedia":[{"embeddable":true,"href":"https:\/\/www.europesays.com\/fr\/wp-json\/wp\/v2\/media\/634021"}],"wp:attachment":[{"href":"https:\/\/www.europesays.com\/fr\/wp-json\/wp\/v2\/media?parent=634020"}],"wp:term":[{"taxonomy":"category","embeddable":true,"href":"https:\/\/www.europesays.com\/fr\/wp-json\/wp\/v2\/categories?post=634020"},{"taxonomy":"post_tag","embeddable":true,"href":"https:\/\/www.europesays.com\/fr\/wp-json\/wp\/v2\/tags?post=634020"}],"curies":[{"name":"wp","href":"https:\/\/api.w.org\/{rel}","templated":true}]}}