{"id":634026,"date":"2026-01-01T10:38:17","date_gmt":"2026-01-01T10:38:17","guid":{"rendered":"https:\/\/www.europesays.com\/fr\/634026\/"},"modified":"2026-01-01T10:38:17","modified_gmt":"2026-01-01T10:38:17","slug":"romain-ntamack-avec-sa-femme-et-son-fils-ange-capuozzo-avec-son-bebe-les-joueurs-du-stade-toulousain-celebrent-les-fetes-de-fin-dannee","status":"publish","type":"post","link":"https:\/\/www.europesays.com\/fr\/634026\/","title":{"rendered":"Romain Ntamack avec sa femme et son fils, Ange Capuozzo avec son b\u00e9b\u00e9\u2026 Les joueurs du Stade Toulousain c\u00e9l\u00e8brent les f\u00eates de fin d\u2019ann\u00e9e"},"content":{"rendered":"<p>\n                                                                    l&rsquo;essentiel<br \/>\n                                                                Les joueurs de rugby de Toulouse ont c\u00e9l\u00e9br\u00e9 le R\u00e9veillon et le passage \u00e0 la nouvelle ann\u00e9e 2026 aupr\u00e8s de leurs proches et de leurs familles. Ils en ont apport\u00e9 plusieurs t\u00e9moignages sur les r\u00e9seaux.\n                            <\/p>\n<p>\u00ab\u00a0Merci 2025\u00a0!\u00a0\u00bb C\u2019est ainsi que le Stade Toulousain a signifi\u00e9, sur son compte Instagram, le passage \u00e0 la nouvelle ann\u00e9e 2026. Le club de rugby de Toulouse entend rem\u00e9morer \u00e0 ses fans tous les beaux moments de l\u2019ann\u00e9e \u00e9coul\u00e9e, notamment marqu\u00e9e par la conqu\u00eate d\u2019un nouveau titre de champion de France, pour le club, le 24\u1d49 et le troisi\u00e8me d\u2019affil\u00e9e.<\/p>\n<p>Toujours sur les r\u00e9seaux sociaux, les joueurs, eux aussi, ont tenu \u00e0 marquer le coup \u00ab\u00a02026\u00a0\u00bb aupr\u00e8s des supporters. \u00c0 commencer par Ange Capuozzo, qui a post\u00e9 sur Instagram plusieurs photos touchantes de sa famille\u00a0: sa compagne, <a href=\"https:\/\/www.ladepeche.fr\/2024\/01\/09\/ange-capuozzo-qui-est-emma-deveza-la-compagne-du-joueur-du-stade-toulousain-11685644.php#:~:text=L&#039;ailier%20ou%20arri%C3%A8re%20international,avril%202021%2C%20avec%20Emma%20Deveza.\" target=\"_blank\" rel=\"noopener\">Emma Deveza<\/a>, dont il partage la vie depuis 2021. Ensemble, ils ont tout r\u00e9cemment connu l\u2019immense joie d\u2019\u00eatre parents, apr\u00e8s la naissance d\u2019un petit gar\u00e7on pr\u00e9nomm\u00e9 Charles.<\/p>\n<p>        <img decoding=\"async\" class=\"std-img__img responsive-img\" src=\"https:\/\/www.europesays.com\/fr\/wp-content\/uploads\/2026\/01\/1767263892_483_image.jpg\" alt=\"Ange Capuozzo, sa compagne Emma, et leur fils Charles.\"\/><\/p>\n<p>                Ange Capuozzo, sa compagne Emma, et leur fils Charles.<br \/>\n                                    Instagram &#8211; Ange Capuozzo<\/p>\n<p>Quelques jours plus t\u00f4t, l\u2019ailier ou arri\u00e8re des \u00ab\u00a0rouge et noir\u00a0\u00bb, <a href=\"https:\/\/www.ladepeche.fr\/2025\/12\/30\/stade-toulousain-ange-capuozzo-sajoute-a-la-liste-des-blesses-chez-les-trois-quarts-on-vous-en-dit-plus-sur-sa-duree-dindisponibilite-13137241.php\" target=\"_blank\" rel=\"noopener\">qui ne pourra pas jouer avec Toulouse plusieurs semaines en raison d\u2019une blessure<\/a>, avait \u00e9galement partag\u00e9 des photos du soir de No\u00ebl. Prenant soin de masquer le visage du petit Charles, il avait n\u00e9anmoins t\u00e9moign\u00e9 de la beaut\u00e9 de la soir\u00e9e, proposant notamment \u00e0 ses abonn\u00e9s la table de No\u00ebl.<\/p>\n<p>        <img decoding=\"async\" class=\"std-img__img responsive-img\" src=\"https:\/\/www.europesays.com\/fr\/wp-content\/uploads\/2026\/01\/1767263893_996_image.jpg\" alt=\"Ange Capuozzo, Emma et Charles ont c\u00e9l\u00e9br\u00e9 No\u00ebl.\"\/><\/p>\n<p>                Ange Capuozzo, Emma et Charles ont c\u00e9l\u00e9br\u00e9 No\u00ebl.<br \/>\n                                    Instagram &#8211; Ange Capuozzo<\/p>\n<p>        <img decoding=\"async\" class=\"std-img__img responsive-img\" src=\"https:\/\/www.europesays.com\/fr\/wp-content\/uploads\/2026\/01\/1767263893_542_image.jpg\" alt=\"Ange Capuozzo, Emma et Charles ont c\u00e9l\u00e9br\u00e9 No\u00ebl.\"\/><\/p>\n<p>                Ange Capuozzo, Emma et Charles ont c\u00e9l\u00e9br\u00e9 No\u00ebl.<br \/>\n                                    Instagram &#8211; Ange Capuozzo<\/p>\n<p>Discr\u00e9tion du c\u00f4t\u00e9 d\u2019Antoine Dupont qui n\u2019a pas r\u00e9alis\u00e9 de publications sur Instagram, sauf une rapide mention \u00e0 Gaia, restaurant rue Croix-Baragnon \u00e0 Toulouse dont il assure une partie de la gestion.<\/p>\n<p>Traditionnellement prolixe sur le r\u00e9seau social, Romain Ntamack n\u2019a pas d\u00e9rog\u00e9 \u00e0 la r\u00e8gle en cette fin d\u2019ann\u00e9e 2025. Le demi d\u2019ouverture vedette a propos\u00e9 plusieurs photos de lui, accompagn\u00e9 de sa compagne Lisa et de son fils Noah le soir de No\u00ebl.<\/p>\n<p>        <img decoding=\"async\" class=\"std-img__img responsive-img\" src=\"https:\/\/www.europesays.com\/fr\/wp-content\/uploads\/2026\/01\/1767263894_338_image.jpg\" alt=\"Romain Ntamack et sa famille ont c\u00e9l\u00e9br\u00e9 No\u00ebl.\"\/><\/p>\n<p>                Romain Ntamack et sa famille ont c\u00e9l\u00e9br\u00e9 No\u00ebl.<br \/>\n                                    Instagram &#8211; Romain Ntamack<\/p>\n<p>        <img decoding=\"async\" class=\"std-img__img responsive-img\" src=\"https:\/\/www.europesays.com\/fr\/wp-content\/uploads\/2026\/01\/1767263895_497_image.jpg\" alt=\"Romain Ntamack et sa famille ont c\u00e9l\u00e9br\u00e9 No\u00ebl.\"\/><\/p>\n<p>                Romain Ntamack et sa famille ont c\u00e9l\u00e9br\u00e9 No\u00ebl.<br \/>\n                                    Instagram &#8211; Romain Ntamack<\/p>\n<p>        <img decoding=\"async\" class=\"std-img__img responsive-img\" src=\"https:\/\/www.europesays.com\/fr\/wp-content\/uploads\/2026\/01\/1767263896_625_image.jpg\" alt=\"Romain Ntamack et sa famille ont c\u00e9l\u00e9br\u00e9 No\u00ebl.\"\/><\/p>\n<p>                Romain Ntamack et sa famille ont c\u00e9l\u00e9br\u00e9 No\u00ebl.<br \/>\n                                    Instagram &#8211; Romain Ntamack<\/p>\n<p>De son c\u00f4t\u00e9, Thomas Ramos a renvoy\u00e9 \u00e0 ses abonn\u00e9s l\u2019un de ses bons souvenirs de 2025, le mois de juin (celui lors duquel Toulouse a \u00e9t\u00e9 sacr\u00e9 champion de France en battant en finale Bordeaux-B\u00e8gles 39-33), proposant une photo de lui soulevant le Brennus, issue des r\u00e9seaux sociaux officiels du club.<\/p>\n<p>Par ailleurs, d\u2019autres joueurs ont post\u00e9 des photos de f\u00eate, comme Alexandre Roumat ou encore Blair Kinghorn, qui a rappel\u00e9 \u00e0 ses abonn\u00e9s son\u2026 <a href=\"https:\/\/www.ladepeche.fr\/2025\/06\/29\/video-finale-stade-toulousain-ubb-incroyable-image-quand-blair-kinghorn-se-presente-devant-les-journalistes-en-slip-12792868.php\" target=\"_blank\" rel=\"noopener\">mythique slip<\/a>\u00a0!<\/p>\n<p>        <img decoding=\"async\" class=\"std-img__img responsive-img\" src=\"https:\/\/www.europesays.com\/fr\/wp-content\/uploads\/2026\/01\/1767263896_11_image.jpg\" alt=\"Alexandre Roumat a c\u00e9l\u00e9br\u00e9 la nouvelle ann\u00e9e.\"\/><\/p>\n<p>                Alexandre Roumat a c\u00e9l\u00e9br\u00e9 la nouvelle ann\u00e9e.<br \/>\n                                    Instagram &#8211; Alexandre Roumat<\/p>\n<p>        <img decoding=\"async\" class=\"std-img__img responsive-img\" src=\"https:\/\/www.europesays.com\/fr\/wp-content\/uploads\/2026\/01\/1767263897_600_image.jpg\" alt=\"Blair Kinghorn a c\u00e9l\u00e9br\u00e9 la nouvelle ann\u00e9e en rem\u00e9morant \u00e0 ses abonn\u00e9s son c\u00e9l\u00e8bre slip.\"\/><\/p>\n<p>                Blair Kinghorn a c\u00e9l\u00e9br\u00e9 la nouvelle ann\u00e9e en rem\u00e9morant \u00e0 ses abonn\u00e9s son c\u00e9l\u00e8bre slip.<br \/>\n                                    Instagram &#8211; blairkinghorn<\/p>\n<p>Des joueurs du Stade Toulousain qui toutefois ne sont pas du tout en vacances\u00a0: ils s\u2019entra\u00eenent en pr\u00e9vision du choc attendu dense et physique, ce samedi 3\u00a0janvier (14\u00a0h\u00a030), contre les joueurs de Perpignan qui luttent pour leur survie en Top 14.<\/p>\n","protected":false},"excerpt":{"rendered":"l&rsquo;essentiel Les joueurs de rugby de Toulouse ont c\u00e9l\u00e9br\u00e9 le R\u00e9veillon et le passage \u00e0 la nouvelle ann\u00e9e&hellip;\n","protected":false},"author":2,"featured_media":634027,"comment_status":"","ping_status":"","sticky":false,"template":"","format":"standard","meta":{"footnotes":""},"categories":[1416],"tags":[1011,27,2722,479,1468,68796,517,60,476,2312],"class_list":{"0":"post-634026","1":"post","2":"type-post","3":"status-publish","4":"format-standard","5":"has-post-thumbnail","7":"category-rugby","8":"tag-fr","9":"tag-france","10":"tag-haute-garonne","11":"tag-rugby","12":"tag-rugby-football","13":"tag-rugby-u00e0-xv","14":"tag-sport","15":"tag-sports","16":"tag-stade-toulousain","17":"tag-toulouse"},"share_on_mastodon":{"url":"https:\/\/pubeurope.com\/@fr\/115819414083741834","error":""},"_links":{"self":[{"href":"https:\/\/www.europesays.com\/fr\/wp-json\/wp\/v2\/posts\/634026","targetHints":{"allow":["GET"]}}],"collection":[{"href":"https:\/\/www.europesays.com\/fr\/wp-json\/wp\/v2\/posts"}],"about":[{"href":"https:\/\/www.europesays.com\/fr\/wp-json\/wp\/v2\/types\/post"}],"author":[{"embeddable":true,"href":"https:\/\/www.europesays.com\/fr\/wp-json\/wp\/v2\/users\/2"}],"replies":[{"embeddable":true,"href":"https:\/\/www.europesays.com\/fr\/wp-json\/wp\/v2\/comments?post=634026"}],"version-history":[{"count":0,"href":"https:\/\/www.europesays.com\/fr\/wp-json\/wp\/v2\/posts\/634026\/revisions"}],"wp:featuredmedia":[{"embeddable":true,"href":"https:\/\/www.europesays.com\/fr\/wp-json\/wp\/v2\/media\/634027"}],"wp:attachment":[{"href":"https:\/\/www.europesays.com\/fr\/wp-json\/wp\/v2\/media?parent=634026"}],"wp:term":[{"taxonomy":"category","embeddable":true,"href":"https:\/\/www.europesays.com\/fr\/wp-json\/wp\/v2\/categories?post=634026"},{"taxonomy":"post_tag","embeddable":true,"href":"https:\/\/www.europesays.com\/fr\/wp-json\/wp\/v2\/tags?post=634026"}],"curies":[{"name":"wp","href":"https:\/\/api.w.org\/{rel}","templated":true}]}}