{"id":634038,"date":"2026-01-01T10:48:10","date_gmt":"2026-01-01T10:48:10","guid":{"rendered":"https:\/\/www.europesays.com\/fr\/634038\/"},"modified":"2026-01-01T10:48:10","modified_gmt":"2026-01-01T10:48:10","slug":"paga-les-marseillais-son-temoin-de-mariage-rejoint-en-couple-la-nouvelle-saison-de-lile-de-la-tentation","status":"publish","type":"post","link":"https:\/\/www.europesays.com\/fr\/634038\/","title":{"rendered":"Paga (Les Marseillais)\u00a0: son t\u00e9moin de mariage rejoint en couple la nouvelle saison de l\u2019\u00cele de la tentation"},"content":{"rendered":"<p>      R\u00e9sum\u00e9<\/p>\n<p>Julien et Elisa mettront leur couple \u00e0 rude \u00e9preuve lors de la douzi\u00e8me saison de \u00ab\u00a0L&rsquo;\u00cele de la tentation\u00a0\u00bb sur W9 d\u00e8s les 20 janvier. Julien qui est un ami tr\u00e8s proche de Paga, figure phare de la t\u00e9l\u00e9r\u00e9alit\u00e9 en France.<\/p>\n<p>        Sommaire<\/p>\n<p>\u00ab\u00a0<strong>Le meilleur moyen de r\u00e9sister \u00e0 la tentation est d&rsquo;y c\u00e9der<\/strong>\u00ab\u00a0. C&rsquo;est par cette citation d&rsquo;Oscar Wilde que commence \u00ab\u00a0L&rsquo;\u00cele de la tentation\u00a0\u00bb depuis des ann\u00e9es. <a href=\"https:\/\/www.public.fr\/lile-de-la-tentation-cette-candidate-grillee-par-le-fisc\" target=\"_blank\" rel=\"noopener\">Un programme<\/a> qui <strong>a vu le jour en 2002<\/strong> sur TF1 et qui, lors de sa premi\u00e8re diffusion, en a choqu\u00e9 certains. Il faut dire que le principe de <a href=\"https:\/\/www.public.fr\/julien-odoul-passe-le-casting-de-lile-de-la-tentation-pour-etre-tentateur-revelations-inattendues-sur-son-passe\" target=\"_blank\" rel=\"noopener\">l&rsquo;\u00e9mission<\/a> est loin d&rsquo;\u00eatre ordinaire. Le deal\u00a0? Proposer aux candidats de <strong>mettre leur couple en danger<\/strong>. Pour ce faire, hommes et femmes sont <strong>s\u00e9par\u00e9s pendant plusieurs jours<\/strong> sur une \u00eele paradisiaque. <a href=\"https:\/\/www.public.fr\/exclu-public-chloe-lile-de-la-tentation-accusee-de-blackfishing-elle-presente-enfin-ses-excuses\" target=\"_blank\" rel=\"noopener\">Mesdames et Messieurs<\/a> se retrouvent alors sur une plage o\u00f9 sont install\u00e9s <strong>une dizaine de tentatrices et tentateurs<\/strong>. <\/p>\n<p>D&rsquo;ailleurs, bonne nouvelle pour les fans de \u00ab\u00a0L&rsquo;\u00cele de la tentation\u00a0\u00bb diffus\u00e9e d\u00e9sormais sur W9. <a href=\"https:\/\/www.google.com\/url?sa=t&amp;source=web&amp;rct=j&amp;opi=89978449&amp;url=https:\/\/vsd.fr\/69882-delphine-wespiser-lex-miss-france-se-lance-dans-un-nouveau-job-kev-adams-la-soutient\/&amp;ved=2ahUKEwj_zqzu8OmRAxVyhf0HHWY5MtAQFnoECBoQAQ&amp;usg=AOvVaw10jB_yloMzua5WGtAKFISs\" target=\"_blank\" rel=\"noopener\">L&rsquo;ancienne Miss Delphine Wespiser<\/a> donnera le <strong>coup d&rsquo;envoi de la saison 12 le 20\u00a0janvier prochain<\/strong>. Cinq couples ont accept\u00e9 le challenge afin de savoir si, entre eux, c&rsquo;est du s\u00e9rieux. Parmi eux, il y aura <strong>Julien et Elisa<\/strong>. Le jeune homme de 35 ans partage la vie de la jeune femme de 27 ans <strong>depuis bient\u00f4t quatre ans<\/strong>. Leur avantage\u00a0? Ils connaissent les rouages de la t\u00e9l\u00e9r\u00e9alit\u00e9.<\/p>\n<p>Et pour cause\u2026 Le joli brun est un<strong> proche de <\/strong><a href=\"https:\/\/www.public.fr\/paga-et-giuseppa-les-divorces-ne-se-quittent-plus\" target=\"_blank\" rel=\"noopener\"><strong>Paga<\/strong>, la star des Marseillais<\/a>. Ce dernier a m\u00eame \u00e9t\u00e9 le t\u00e9moin de mariage de son ami avec Giuseppa \u00e0 Marseille (Bouches-du-Rh\u00f4ne). Nul doute que <a href=\"https:\/\/www.google.com\/url?sa=t&amp;source=web&amp;rct=j&amp;opi=89978449&amp;url=https:\/\/vsd.fr\/86016-giuseppa-la-compagne-de-paga-assure-quil-ny-a-eu-aucun-viol\/&amp;ved=2ahUKEwjC5LmO8-mRAxXBlP0HHXqgFWoQFnoECC0QAQ&amp;usg=AOvVaw2_o0R3WvzpBzLUR8NwRgys\" target=\"_blank\" rel=\"noopener\">le papa de Giorgia et Adrianna<\/a>, d\u00e9sormais divorc\u00e9, lui a apport\u00e9 de pr\u00e9cieux conseils avant de passer devant les cam\u00e9ras. <\/p>\n<p>L\u2019\u00cele de la tentation 2026\u00a0: qui sont les autres candidats\u00a0?<\/p>\n<p>Julien et Elisa ne seront \u00e9videmment pas seuls \u00e0 mettre en danger leur relation. En effet, <strong>quatre autres couples<\/strong> se sont inscrits \u00e0 l&rsquo;aventure. Les doyens du programme cette saison seront <strong>R\u00e9mi et Virginie<\/strong>. \u00c2g\u00e9s respectivement de <strong>39 et 38 ans<\/strong>, tous les deux se sont rencontr\u00e9s sur une application de rencontres. Pour lui, \u00e7a a \u00e9t\u00e9 le coup de foudre. Pour elle, toujours songeuse \u00e0 son ex, un peu moins. Mais, d\u00e9sormais, Virginie a tourn\u00e9 la page du pass\u00e9 et, sur l&rsquo;\u00eele, esp\u00e8re renforcer ses liens avec sa moiti\u00e9.<\/p>\n<p>Autres candidats : <strong>Diego et Nelly \u00e2g\u00e9s de 26 et 25 ans.<\/strong> Tous les deux, particuli\u00e8rement jaloux, s&rsquo;aiment depuis six ans d\u00e9j\u00e0 et vivent ensemble \u00e0 Bruxelles. Si par le pass\u00e9 la jeune femme a \u00e9t\u00e9 infid\u00e8le, son ch\u00e9ri a d\u00e9cid\u00e9 de lui pardonner. Par ailleurs, les t\u00e9l\u00e9spectateurs d\u00e9couvriront aussi les visages de <strong>Lucie et Hugo<\/strong> (23 et 26 ans). Originaires de N\u00eemes, eux sont <strong>en couple depuis bient\u00f4t deux ans<\/strong> mais ne partagent pas encore le m\u00eame toit. Cette exp\u00e9rience pourrait leur permettre de franchir le pas\u2026 ou pas.<\/p>\n<p>Enfin, <strong>cinqui\u00e8me et dernier couple<\/strong> de cette douzi\u00e8me saison\u00a0: <strong>Tino et Laureen<\/strong> \u00e2g\u00e9s de 25 et 22 ans. Ensemble depuis trois ans, tous les deux vivent ensemble en Corse. Malheureusement, leur couple commence \u00e0 battre de l\u2019aile \u00e0 cause notamment de<strong> la jalousie incessante de la jeune femme<\/strong>. Jalousie qui a fini par fragiliser s\u00e9rieusement leur amour. Une chose est s\u00fbre, sur \u00ab\u00a0L&rsquo;\u00cele de la tentation\u00a0\u00bb, elle ne devrait pas passer que de bons moments.<\/p>\n<p>\n          Hits &amp; People en continu\n        <\/p>\n<p>\n          Public Radio\n        <\/p>\n<p>      Mentionn\u00e9s dans cet article<\/p>\n<p>      Sur le m\u00eame sujet<\/p>\n","protected":false},"excerpt":{"rendered":"R\u00e9sum\u00e9 Julien et Elisa mettront leur couple \u00e0 rude \u00e9preuve lors de la douzi\u00e8me saison de \u00ab\u00a0L&rsquo;\u00cele de&hellip;\n","protected":false},"author":2,"featured_media":634039,"comment_status":"","ping_status":"","sticky":false,"template":"","format":"standard","meta":{"footnotes":""},"categories":[1356],"tags":[1376,41979,1193,33841,58,59,1011,27,20382,252,1364,2395],"class_list":{"0":"post-634038","1":"post","2":"type-post","3":"status-publish","4":"format-standard","5":"has-post-thumbnail","7":"category-television","8":"tag-amour","9":"tag-anthony-paggini-paga","10":"tag-couple","11":"tag-delphine-wespiser","12":"tag-divertissement","13":"tag-entertainment","14":"tag-fr","15":"tag-france","16":"tag-lile-de-la-tentation","17":"tag-television","18":"tag-tv","19":"tag-w9"},"share_on_mastodon":{"url":"https:\/\/pubeurope.com\/@fr\/115819453151705650","error":""},"_links":{"self":[{"href":"https:\/\/www.europesays.com\/fr\/wp-json\/wp\/v2\/posts\/634038","targetHints":{"allow":["GET"]}}],"collection":[{"href":"https:\/\/www.europesays.com\/fr\/wp-json\/wp\/v2\/posts"}],"about":[{"href":"https:\/\/www.europesays.com\/fr\/wp-json\/wp\/v2\/types\/post"}],"author":[{"embeddable":true,"href":"https:\/\/www.europesays.com\/fr\/wp-json\/wp\/v2\/users\/2"}],"replies":[{"embeddable":true,"href":"https:\/\/www.europesays.com\/fr\/wp-json\/wp\/v2\/comments?post=634038"}],"version-history":[{"count":0,"href":"https:\/\/www.europesays.com\/fr\/wp-json\/wp\/v2\/posts\/634038\/revisions"}],"wp:featuredmedia":[{"embeddable":true,"href":"https:\/\/www.europesays.com\/fr\/wp-json\/wp\/v2\/media\/634039"}],"wp:attachment":[{"href":"https:\/\/www.europesays.com\/fr\/wp-json\/wp\/v2\/media?parent=634038"}],"wp:term":[{"taxonomy":"category","embeddable":true,"href":"https:\/\/www.europesays.com\/fr\/wp-json\/wp\/v2\/categories?post=634038"},{"taxonomy":"post_tag","embeddable":true,"href":"https:\/\/www.europesays.com\/fr\/wp-json\/wp\/v2\/tags?post=634038"}],"curies":[{"name":"wp","href":"https:\/\/api.w.org\/{rel}","templated":true}]}}