{"id":634040,"date":"2026-01-01T10:49:24","date_gmt":"2026-01-01T10:49:24","guid":{"rendered":"https:\/\/www.europesays.com\/fr\/634040\/"},"modified":"2026-01-01T10:49:24","modified_gmt":"2026-01-01T10:49:24","slug":"lartiste-eoda-sort-un-nouveau-titre-et-un-clip-tourne-en-haute-loire-2","status":"publish","type":"post","link":"https:\/\/www.europesays.com\/fr\/634040\/","title":{"rendered":"L&rsquo;artiste Eoda sort un nouveau titre et un clip tourn\u00e9 en Haute-Loire"},"content":{"rendered":"<p>\t\t\t\t\t\t\t\t\t\t\t\t\t\t\t\t\t\t\t\t\t\t\t\t\t\t\t\t\t\t\t\t\t\t\t\t\t\t\t\t\t\t\t\t\t\t\t\t\t\t\t\t\t\t\t\t\t\t\t\t\t\t\t<a href=\"https:\/\/www.lacommere43.fr\/component\/banners\/click\/1869.html\" target=\"_blank\" title=\"Saint-Romain-Lachalm Durieux Fermetures d\u00e9cembre 2025\" rel=\"noopener\"><br \/>\n\t\t\t\t\t\t\t<img decoding=\"async\" loading=\"lazy\" src=\"https:\/\/www.europesays.com\/fr\/wp-content\/uploads\/2025\/12\/La-Commre-43---du-20-12-25-au-09-01-2026.gif\" alt=\"Saint-Romain-Lachalm Durieux Fermetures d\u00e9cembre 2025\"\/><br \/>\n\t\t\t\t\t\t<\/a><\/p>\n<p><strong>Eddy Barioz, alias Eoda, vient de sortir un nouveau titre \u00ab Lac Mineur \u00bb, assorti d&rsquo;un clip tourn\u00e9 en Haute-Loire.<\/strong><\/p>\n<p>\u00ab Lac Mineur \u00bb m\u00eale pop alternative et pop rock dans une atmosph\u00e8re sombre et intrigante. Eoda\u00a0y incarne trois personnages, trois facettes de lui-m\u00eame, entre introspection et dualit\u00e9.<\/p>\n<p>Port\u00e9 par des guitares distordues, des synth\u00e9s \u00e9tranges et une voix claire et nonchalante, le morceau s&rsquo;inscrit dans un univers singulier qui pourrait parler aux auditeurs amateurs de Zaho de Sagazan ou Calogero.<\/p>\n<p>Le clip a \u00e9t\u00e9 enti\u00e8rement tourn\u00e9 en Haute-Loire, notamment au Lac Bleu et au ch\u00e2teau de Marcoux \u00e0 Montregard, des lieux qui participent pleinement \u00e0 l&rsquo;identit\u00e9 visuelle et \u00e9motionnelle du projet.<\/p>\n<p>\u00ab\u00a0J&rsquo;ai eu l&rsquo;occasion de d\u00e9fendre ce projet sur sc\u00e8ne, notamment lors d&rsquo;un concert au Ninkasi de Villefranche-sur-Sa\u00f4ne, d&rsquo;autres dates arrivent en 2026 en Haute-Loire\u00a0\u00bb, annonce l&rsquo;artiste install\u00e9 \u00e0 Montregard.<\/p>\n<p>L&rsquo;ann\u00e9e 2025 se referme avec cinq titres d\u00e9voil\u00e9s et deux featurings, <a href=\"https:\/\/www.lacommere43.fr\/loisirs\/item\/75317-eoda-buche-une-trilogie-musicale-entre-introspection-et-hommage-video.html\" target=\"_blank\" rel=\"noopener\">dont un avec son fr\u00e8re Yoan, alias Buche<\/a>.<\/p><\/p>\n","protected":false},"excerpt":{"rendered":"Eddy Barioz, alias Eoda, vient de sortir un nouveau titre \u00ab Lac Mineur \u00bb, assorti d&rsquo;un clip tourn\u00e9&hellip;\n","protected":false},"author":2,"featured_media":632596,"comment_status":"","ping_status":"","sticky":false,"template":"","format":"standard","meta":{"footnotes":""},"categories":[1355],"tags":[2281,58,59,2282,1011,27,2280,2284,2285,2283,1361,873],"class_list":{"0":"post-634040","1":"post","2":"type-post","3":"status-publish","4":"format-standard","5":"has-post-thumbnail","7":"category-musique","8":"tag-actualite-43","9":"tag-divertissement","10":"tag-entertainment","11":"tag-faits-divers-auvergne","12":"tag-fr","13":"tag-france","14":"tag-information-haute-loire","15":"tag-infos-43","16":"tag-journal-haute-loire","17":"tag-la-commere-43","18":"tag-music","19":"tag-musique"},"share_on_mastodon":{"url":"https:\/\/pubeurope.com\/@fr\/115819457013466537","error":""},"_links":{"self":[{"href":"https:\/\/www.europesays.com\/fr\/wp-json\/wp\/v2\/posts\/634040","targetHints":{"allow":["GET"]}}],"collection":[{"href":"https:\/\/www.europesays.com\/fr\/wp-json\/wp\/v2\/posts"}],"about":[{"href":"https:\/\/www.europesays.com\/fr\/wp-json\/wp\/v2\/types\/post"}],"author":[{"embeddable":true,"href":"https:\/\/www.europesays.com\/fr\/wp-json\/wp\/v2\/users\/2"}],"replies":[{"embeddable":true,"href":"https:\/\/www.europesays.com\/fr\/wp-json\/wp\/v2\/comments?post=634040"}],"version-history":[{"count":0,"href":"https:\/\/www.europesays.com\/fr\/wp-json\/wp\/v2\/posts\/634040\/revisions"}],"wp:featuredmedia":[{"embeddable":true,"href":"https:\/\/www.europesays.com\/fr\/wp-json\/wp\/v2\/media\/632596"}],"wp:attachment":[{"href":"https:\/\/www.europesays.com\/fr\/wp-json\/wp\/v2\/media?parent=634040"}],"wp:term":[{"taxonomy":"category","embeddable":true,"href":"https:\/\/www.europesays.com\/fr\/wp-json\/wp\/v2\/categories?post=634040"},{"taxonomy":"post_tag","embeddable":true,"href":"https:\/\/www.europesays.com\/fr\/wp-json\/wp\/v2\/tags?post=634040"}],"curies":[{"name":"wp","href":"https:\/\/api.w.org\/{rel}","templated":true}]}}