{"id":634043,"date":"2026-01-01T10:52:10","date_gmt":"2026-01-01T10:52:10","guid":{"rendered":"https:\/\/www.europesays.com\/fr\/634043\/"},"modified":"2026-01-01T10:52:10","modified_gmt":"2026-01-01T10:52:10","slug":"les-bonnes-nouvelles-de-2026-et-surtout-la-sante-sud-ouest","status":"publish","type":"post","link":"https:\/\/www.europesays.com\/fr\/634043\/","title":{"rendered":"Les bonnes nouvelles de 2026 : \u00ab Et surtout la sant\u00e9 ! \u00bb &#8211; Sud Ouest"},"content":{"rendered":"<ol>\n<li><a href=\"https:\/\/news.google.com\/rss\/articles\/CBMilgFBVV95cUxQV29ZOXRoX2JxZzZ3X2VhaEY3QnA2b3NtNEwtRFA0YWh1ZkNKYlZBaUlaZGplZzFEMVgxNlpObWs4VlRVMDJiNTE3b0VBUHhpYXh5TUtVUGtNOVdQZHN5Rm1qXzNDcXFsUDhKVlhSTnRMYXU5eHJWMXBJdW9TbndzdERFYW9LNzhCVnhsLURVRTMwSWQzS3c?oc=5\" target=\"_blank\" rel=\"noopener\">Les bonnes nouvelles de 2026 : \u00ab Et surtout la sant\u00e9 ! \u00bb<\/a>&nbsp;&nbsp;Sud Ouest<\/li>\n<li><a href=\"https:\/\/news.google.com\/rss\/articles\/CBMi4wFBVV95cUxPS1JBLW14TWdpNHI2VmRUTUx3dU12c3JUbmZEdXAycU9tWms4ZkM3ZEJQOWJOeldzbDVzREVvbmNIcmE5YlVXYmtpdW5iM1VQR0k1MVhhcWFlcEZCcHF6QWRNMzR2QjV0WUhiR0w0dkZfWlQ1cFJ1eDBpT2xNRkE0dHdXcldOYlFaeUlaU2RoOU1FdWFXUk9ySGs3c19BNjlxQTQ0b2pvcHVIdHFaWVlmbDFvbzlMNjZuaEUzUDJnZGFudWIwV3FzTjUycnRsWlRIcWVIZEhKb1VvbVdNOWRvdnNvbw?oc=5\" target=\"_blank\" rel=\"noopener\">Cancer, Covid long, tuberculose : les dix perc\u00e9es m\u00e9dicales les plus attendues en 2026<\/a>&nbsp;&nbsp;L&rsquo;Express<\/li>\n<li><a href=\"https:\/\/news.google.com\/rss\/articles\/CBMi-gFBVV95cUxNRHlVeHJtTlVsLVE1cDNQdUZPdzh2eWJDVVZSY0wtQV8tUklIeW5ia1AtZGxxckFXR3VpMWhIa0VhM3hjSXlJVUpfZkRkaVE0cWlwOGxRTVhDX2Z6VlluX0VidDU5Y2xaRDVxZ3Z1eUwxTHVIbU1JdFZseC1INjVZT2d1MWJrOEZWUTg1YXB6QTJkcTFzVG1PdU13WU5oNXZvSk1Ud1AxTkIycGNkSUVibFQzTVJHVjBuQWktNHdpYlV3WmxTT3RLNXJtT3BxUExpYUxIczNub0EybEF6VkFpOHU2eEpmUXBlNUZZOEFobnN4NWNUbTJyNUV3?oc=5\" target=\"_blank\" rel=\"noopener\">Les dix commandements de l\u2019\u00e9dition du soir pour \u00eatre en bonne sant\u00e9 en 2026<\/a>&nbsp;&nbsp;Ouest-France<\/li>\n<li><a href=\"https:\/\/news.google.com\/rss\/articles\/CBMitwFBVV95cUxOcHZxcXNoUy1SX28zZ3p3WGt3MmdnN0EyUDRzRUV4U1FnTk9nb1BscFRXZTRjTFFNQ2xiZ0RuY3drT21CSFgxenkwUUNUYzY2dTczQ0w2bS16RGoteGlhdUdWM2RWSThySUoyS2VpSk00YTFNbm8yZ0lkTEtHOXdxdmF5b0wtLUtRTDdVZ1JnLV9VQVUzbmJTLXR1M0ZYWWFpZEg5NUY1YmtoUndXaXIxUTlabWZmeTQ?oc=5\" target=\"_blank\" rel=\"noopener\">7 bonnes nouvelles sant\u00e9 pour bien commencer l&rsquo;ann\u00e9e 2026<\/a>&nbsp;&nbsp;Notre Temps<\/li>\n<li><a href=\"https:\/\/news.google.com\/rss\/articles\/CBMipAFBVV95cUxNZ3JxcUY4VlpuUGd4RXZPSEpzb2R4R2dLZFhLMnVJVWc5aUVXNGVlYmFfVmdDc29RcElGLTNFSzVnSTgwTHVzeE51V0Jub1hrTVBrbE9JaHg2X1NicldNS1RhRDV5ZGlkTVdmY2NSQmtqU3Y0dkZiSENfbXZzTVNlcFVlNzRIazU5blZGeG94OG1RdnFrVGYtWXk2ZGxRRGNRUU5RRg?oc=5\" target=\"_blank\" rel=\"noopener\">5 conseils pour attaquer janvier du bon pied<\/a>&nbsp;&nbsp;La Provence<\/li>\n<\/ol>\n","protected":false},"excerpt":{"rendered":"Les bonnes nouvelles de 2026 : \u00ab Et surtout la sant\u00e9 ! \u00bb&nbsp;&nbsp;Sud Ouest Cancer, Covid long, tuberculose&hellip;\n","protected":false},"author":2,"featured_media":634044,"comment_status":"","ping_status":"","sticky":false,"template":"","format":"standard","meta":{"footnotes":""},"categories":[10],"tags":[1011,27,72,71],"class_list":{"0":"post-634043","1":"post","2":"type-post","3":"status-publish","4":"format-standard","5":"has-post-thumbnail","7":"category-sante","8":"tag-fr","9":"tag-france","10":"tag-health","11":"tag-sante"},"share_on_mastodon":{"url":"https:\/\/pubeurope.com\/@fr\/115819469170981689","error":""},"_links":{"self":[{"href":"https:\/\/www.europesays.com\/fr\/wp-json\/wp\/v2\/posts\/634043","targetHints":{"allow":["GET"]}}],"collection":[{"href":"https:\/\/www.europesays.com\/fr\/wp-json\/wp\/v2\/posts"}],"about":[{"href":"https:\/\/www.europesays.com\/fr\/wp-json\/wp\/v2\/types\/post"}],"author":[{"embeddable":true,"href":"https:\/\/www.europesays.com\/fr\/wp-json\/wp\/v2\/users\/2"}],"replies":[{"embeddable":true,"href":"https:\/\/www.europesays.com\/fr\/wp-json\/wp\/v2\/comments?post=634043"}],"version-history":[{"count":0,"href":"https:\/\/www.europesays.com\/fr\/wp-json\/wp\/v2\/posts\/634043\/revisions"}],"wp:featuredmedia":[{"embeddable":true,"href":"https:\/\/www.europesays.com\/fr\/wp-json\/wp\/v2\/media\/634044"}],"wp:attachment":[{"href":"https:\/\/www.europesays.com\/fr\/wp-json\/wp\/v2\/media?parent=634043"}],"wp:term":[{"taxonomy":"category","embeddable":true,"href":"https:\/\/www.europesays.com\/fr\/wp-json\/wp\/v2\/categories?post=634043"},{"taxonomy":"post_tag","embeddable":true,"href":"https:\/\/www.europesays.com\/fr\/wp-json\/wp\/v2\/tags?post=634043"}],"curies":[{"name":"wp","href":"https:\/\/api.w.org\/{rel}","templated":true}]}}