{"id":634065,"date":"2026-01-01T11:05:10","date_gmt":"2026-01-01T11:05:10","guid":{"rendered":"https:\/\/www.europesays.com\/fr\/634065\/"},"modified":"2026-01-01T11:05:10","modified_gmt":"2026-01-01T11:05:10","slug":"toulon-trop-limite-lavis-tranchant-de-dimitri-yachvili-sur-leffectif-varois","status":"publish","type":"post","link":"https:\/\/www.europesays.com\/fr\/634065\/","title":{"rendered":"Toulon trop limit\u00e9 ? L\u2019avis tranchant de Dimitri Yachvili sur l\u2019effectif Varois"},"content":{"rendered":"<p>Lors d\u2019un entretien accord\u00e9 \u00e0 <a href=\"https:\/\/www.sudouest.fr\/sport\/rugby\/entretien-xv-de-france-top-14-champions-cup-dimitri-yachvili-fait-le-bilan-de-l-annee-2025-et-evoque-2026-27160054.php\" target=\"_blank\" rel=\"noopener\">Sud-Ouest<\/a>, l\u2019ancien demi-de-m\u00eal\u00e9e du XV de France, Dimitri Yachvili a \u00e9voqu\u00e9 la saison 2025 \/ 2026 du Top 14.<\/p>\n<p>Selon lui, deux \u00e9quipes sont au-dessus du lot en terme d\u2019effectif, \u00e0 savoir Toulouse et l\u2019Union Bordeaux-B\u00e8gles.<\/p>\n<p>Concernant le Rugby Club Toulonnais, il estime que le groupe Varois est encore trop limit\u00e9 \u00e0 certains postes.<\/p>\n<p><strong>A lire ci-dessous :<\/strong><\/p>\n<p>\u00ab\u00a0D\u00e9j\u00e0, la derni\u00e8re finale se joue \u00e0 pas grand-chose ! Si l\u2019UBB gagne, il n\u2019y a pas scandale. Pour cette saison, si on prend les effectifs, Toulouse et l\u2019UBB sont au-dessus. Apr\u00e8s, d\u2019autres \u00e9quipes peuvent entrer dans la danse. Toulon n\u2019a pas la m\u00eame marge de man\u0153uvre, un ou deux bless\u00e9s \u00e0 des postes cl\u00e9s et ce n\u2019est pas la m\u00eame. <\/p>\n<p>Pau est tr\u00e8s r\u00e9gulier. Ils font un peu la m\u00eame saison que Bayonne l\u2019an dernier. Tout peut arriver pour eux, m\u00eame si les phases finales, c\u2019est une autre approche. Il faut de l\u2019exp\u00e9rience, des joueurs solides mentalement.\u00a0\u00bb<\/p>\n<p>Par ailleurs, il explique qu\u2019il est tr\u00e8s plaisant de voir le nombre d\u2019essais augmenter dans le Top 14.<\/p>\n<p><strong>Selon lui, les \u00e9quipes pratiquent davantage de jeu qu\u2019avant. Extrait:<\/strong><\/p>\n<p>\u00ab\u00a0Il y a quelques ann\u00e9es, en plein hiver, tu savais que tu allais voir des chandelles, des ballons port\u00e9s, des m\u00eal\u00e9es \u00e0 refaire, etc. L\u00e0, avec les terrains synth\u00e9tiques ou hybrides, \u00e7a change tout. La vitesse de jeu est bien sup\u00e9rieure. Pour ma part, je me r\u00e9jouis de voir plus d\u2019essais. <\/p>\n<p>Apr\u00e8s, la d\u00e9fense et la conqu\u00eate restent des secteurs de jeu importants dans le rugby fran\u00e7ais. Je ne vois pas le Top 14 devenir comme le Super Rugby, offensif \u00e0 outrance, en oubliant les fondamentaux.\u00a0\u00bb<\/p>\n","protected":false},"excerpt":{"rendered":"Lors d\u2019un entretien accord\u00e9 \u00e0 Sud-Ouest, l\u2019ancien demi-de-m\u00eal\u00e9e du XV de France, Dimitri Yachvili a \u00e9voqu\u00e9 la saison&hellip;\n","protected":false},"author":2,"featured_media":634066,"comment_status":"","ping_status":"","sticky":false,"template":"","format":"standard","meta":{"footnotes":""},"categories":[9619],"tags":[1111,11,1777,674,1011,27,12,882,25,2310],"class_list":{"0":"post-634065","1":"post","2":"type-post","3":"status-publish","4":"format-standard","5":"has-post-thumbnail","7":"category-toulon","8":"tag-actu","9":"tag-actualites","10":"tag-eu","11":"tag-europe","12":"tag-fr","13":"tag-france","14":"tag-news","15":"tag-provence-alpes-cote-dazur","16":"tag-republique-francaise","17":"tag-toulon"},"share_on_mastodon":{"url":"https:\/\/pubeurope.com\/@fr\/115819520038070454","error":""},"_links":{"self":[{"href":"https:\/\/www.europesays.com\/fr\/wp-json\/wp\/v2\/posts\/634065","targetHints":{"allow":["GET"]}}],"collection":[{"href":"https:\/\/www.europesays.com\/fr\/wp-json\/wp\/v2\/posts"}],"about":[{"href":"https:\/\/www.europesays.com\/fr\/wp-json\/wp\/v2\/types\/post"}],"author":[{"embeddable":true,"href":"https:\/\/www.europesays.com\/fr\/wp-json\/wp\/v2\/users\/2"}],"replies":[{"embeddable":true,"href":"https:\/\/www.europesays.com\/fr\/wp-json\/wp\/v2\/comments?post=634065"}],"version-history":[{"count":0,"href":"https:\/\/www.europesays.com\/fr\/wp-json\/wp\/v2\/posts\/634065\/revisions"}],"wp:featuredmedia":[{"embeddable":true,"href":"https:\/\/www.europesays.com\/fr\/wp-json\/wp\/v2\/media\/634066"}],"wp:attachment":[{"href":"https:\/\/www.europesays.com\/fr\/wp-json\/wp\/v2\/media?parent=634065"}],"wp:term":[{"taxonomy":"category","embeddable":true,"href":"https:\/\/www.europesays.com\/fr\/wp-json\/wp\/v2\/categories?post=634065"},{"taxonomy":"post_tag","embeddable":true,"href":"https:\/\/www.europesays.com\/fr\/wp-json\/wp\/v2\/tags?post=634065"}],"curies":[{"name":"wp","href":"https:\/\/api.w.org\/{rel}","templated":true}]}}