{"id":634088,"date":"2026-01-01T11:21:14","date_gmt":"2026-01-01T11:21:14","guid":{"rendered":"https:\/\/www.europesays.com\/fr\/634088\/"},"modified":"2026-01-01T11:21:14","modified_gmt":"2026-01-01T11:21:14","slug":"il-faudra-lever-les-yeux-pour-contempler-leclaircie","status":"publish","type":"post","link":"https:\/\/www.europesays.com\/fr\/634088\/","title":{"rendered":"il faudra lever les yeux pour contempler l\u2019\u00e9claircie"},"content":{"rendered":"<p>    Sur le m\u00eame sujet<\/p>\n<p>                        <a href=\"https:\/\/www.sudouest.fr\/sante\/les-bonnes-nouvelles-de-2026-et-surtout-la-sante-27211903.php\" title=\"Les bonnes nouvelles de 2026\u00a0: \u00ab\u00a0Et surtout la sant\u00e9\u00a0!\u00a0\u00bb\" target=\"_blank\" rel=\"noopener\"><br \/>\n                            <img decoding=\"async\" src=\"https:\/\/www.europesays.com\/fr\/wp-content\/uploads\/2026\/01\/1767266473_743_20250424120521-a14a2528.jpg\" alt=\"Les bonnes nouvelles de 2026\u00a0: \u00ab\u00a0Et surtout la sant\u00e9\u00a0!\u00a0\u00bb\"\/><br \/>\n                        <\/a><\/p>\n<p>                    <a href=\"https:\/\/www.sudouest.fr\/sante\/les-bonnes-nouvelles-de-2026-et-surtout-la-sante-27211903.php\" title=\"Les bonnes nouvelles de 2026\u00a0: \u00ab\u00a0Et surtout la sant\u00e9\u00a0!\u00a0\u00bb\" target=\"_blank\" rel=\"noopener\"><\/p>\n<p>\n                            Les bonnes nouvelles de 2026\u00a0: \u00ab\u00a0Et surtout la sant\u00e9\u00a0!\u00a0\u00bb\n                        <\/p>\n<p>                    <\/a><\/p>\n<p>\n                        Et si pour une fois, nous observions le verre \u00e0 moiti\u00e9 plein, plut\u00f4t que le contraire\u00a0? Malgr\u00e9 son cort\u00e8ge de mauvaises nouvelles, 2026 nous promet aussi quelques promesses r\u00e9jouissantes, dans le domaine de la sant\u00e9 notamment, pr\u00e9occupation majeure des Fran\u00e7ais \u00e0 ce jour\n                    <\/p>\n<p>C\u2019est le cas, par exemple, du c\u00f4t\u00e9 de l\u2019\u00e9conomie du spatial avec <a href=\"https:\/\/www.sudouest.fr\/gironde\/le-haillan\/conquete-spatiale-en-gironde-the-exploration-company-veut-tester-les-moteurs-de-ses-engins-a-merignac-27180771.php\" target=\"_blank\" rel=\"follow noopener\">The Exploration Company<\/a>, soci\u00e9t\u00e9 qui illustre parfaitement cette dynamique. La soci\u00e9t\u00e9 franco-allemande a r\u00e9cemment <a href=\"https:\/\/www.sudouest.fr\/gironde\/le-haillan\/conquete-spatiale-en-gironde-the-exploration-company-veut-tester-les-moteurs-de-ses-engins-a-merignac-27180771.php\" target=\"_blank\" rel=\"follow noopener\">inaugur\u00e9 un grand site industriel au Haillan<\/a>, \u00e0 proximit\u00e9 d\u2019ArianeGroup, o\u00f9 elle va produire des composants essentiels pour sa future capsule Nyx et investir massivement (150 \u00e0 200\u00a0millions d\u2019euros) dans les ann\u00e9es \u00e0 venir. Ce projet devrait g\u00e9n\u00e9rer de nombreux emplois et renforcer la fili\u00e8re a\u00e9rospatiale locale.<\/p>\n<p>P\u00e9pites de la mise en orbite et valeur s\u00fbre de l\u2019a\u00e9ronautique<\/p>\n<p>Autre p\u00e9pite bordelaise de la \u00ab\u00a0mise en orbite\u00a0\u00bb\u00a0: <a href=\"https:\/\/www.sudouest.fr\/economie\/neo-aquitains\/prix-de-l-economie-neo-aquitains-en-gironde-la-societe-hyprspace-se-rapproche-du-pas-de-tir-du-newspace-26753075.php\" target=\"_blank\" rel=\"follow noopener\">HyprSpace, qui a<\/a> boucl\u00e9 une lev\u00e9e de fonds de 21\u00a0millions d\u2019euros en novembre 2025 visant \u00e0 acc\u00e9l\u00e9rer le d\u00e9veloppement de ses lanceurs \u00e0 propulsion hybride et \u00e0 pr\u00e9parer son premier tir suborbital en 2026. Cette r\u00e9ussite renforce un peu plus la pr\u00e9sence technologique de la Nouvelle-Aquitaine dans le secteur du \u00ab\u00a0new space\u00a0\u00bb europ\u00e9en.<\/p>\n<p>Dans le secteur a\u00e9ronautique traditionnel, <a href=\"https:\/\/www.sudouest.fr\/economie\/aeronautique\/l-inde-confirme-l-acquisition-de-26-rafale-aupres-de-la-france-24213435.php\" target=\"_blank\" rel=\"follow noopener\">Dassault Aviation<\/a> continue de jouer un r\u00f4le de premier plan, notamment avec la production du Rafale qui encha\u00eene les commandes \u00e0 l\u2019export, sur ses quatre sites r\u00e9gionaux (M\u00e9rignac, Martignas-sur-Jalle, Poitiers et Biarritz) qui g\u00e9n\u00e8rent des retomb\u00e9es \u00e9conomiques significatives et confortent l\u2019emploi local. Son carnet de commandes lui garantit de l\u2019activit\u00e9 jusqu\u2019en\u2026 2032. Parall\u00e8lement, Safran Helicopter Engines, acteur essentiel, num\u00e9ro un mondial de la motorisation d\u2019h\u00e9licopt\u00e8res, pr\u00e9sent \u00e0 Bordes (64) et Tarnos (40), affiche des perspectives de croissance et des investissements soutenus, contribuant \u00e0 la vitalit\u00e9 industrielle de la r\u00e9gion.<\/p>\n<p>        <img decoding=\"async\" id=\"23699354\" src=\"https:\/\/www.europesays.com\/fr\/wp-content\/uploads\/2026\/01\/20250319145539-dsf6371.jpg\" alt=\"La Scop landaise COPLAND est un exemple de p\u00e9pites discr\u00e8tes mais efficaces \u00e0 suivre en cette ann\u00e9e 2026\" itemprop=\"contentURL\"\/><\/p>\n<p>    La Scop landaise COPLAND est un exemple de p\u00e9pites discr\u00e8tes mais efficaces \u00e0 suivre en cette ann\u00e9e 2026<\/p>\n<p>Matthieu Sartre\u00a0\/\u00a0SO<\/p>\n<p>    \u00c9nergie propre, \u00e9lectronique et \u00e9lectricit\u00e9<\/p>\n<p>L\u2019ann\u00e9e 2026 pourrait \u00e9galement \u00eatre marqu\u00e9e par de fortes avanc\u00e9es industrielles dans la transition \u00e9nerg\u00e9tique. <a href=\"https:\/\/www.sudouest.fr\/economie\/neo-aquitains\/prix-de-l-economie-neo-aquitains-2025-en-pyrenees-atlantiques-elyse-energy-la-pme-qui-avance-a-pas-de-geant-26632896.php\" target=\"_blank\" rel=\"follow noopener\">Elyse Energy,<\/a> entreprise sp\u00e9cialis\u00e9e dans la production de carburants bas carbone (e-m\u00e9thanol et carburants d\u2019aviation durables), participe \u00e0 des projets structurants qui pourraient attirer des financements importants et positionner la r\u00e9gion sur des fili\u00e8res d\u2019avenir.<\/p>\n<p>En Dordogne, l\u2019entreprise <a href=\"https:\/\/www.sudouest.fr\/economie\/eco-et-entreprises\/prix-de-l-economie-neo-aquitains-2025-en-dordogne-fedd-l-electronique-perigourdine-sous-haute-tension-de-croissance-26226303.php\" target=\"_blank\" rel=\"follow noopener\">FEDD (Fabrication \u00e9lectronique de Dordogne)<\/a> est un exemple de PME industrielle qui modernise son outil de production et pr\u00e9voit une croissance de ses capacit\u00e9s, favorisant l\u2019emploi et l\u2019innovation, notamment dans le secteur a\u00e9ronautique, spatial et d\u00e9fense.<\/p>\n","protected":false},"excerpt":{"rendered":"Sur le m\u00eame sujet Les bonnes nouvelles de 2026\u00a0: \u00ab\u00a0Et surtout la sant\u00e9\u00a0!\u00a0\u00bb Et si pour une fois,&hellip;\n","protected":false},"author":2,"featured_media":634089,"comment_status":"","ping_status":"","sticky":false,"template":"","format":"standard","meta":{"footnotes":""},"categories":[2817],"tags":[1111,11,1997,1777,674,1011,27,12,2219,25],"class_list":{"0":"post-634088","1":"post","2":"type-post","3":"status-publish","4":"format-standard","5":"has-post-thumbnail","7":"category-bordeaux","8":"tag-actu","9":"tag-actualites","10":"tag-bordeaux","11":"tag-eu","12":"tag-europe","13":"tag-fr","14":"tag-france","15":"tag-news","16":"tag-nouvelle-aquitaine","17":"tag-republique-francaise"},"share_on_mastodon":{"url":"https:\/\/pubeurope.com\/@fr\/115819583065370179","error":""},"_links":{"self":[{"href":"https:\/\/www.europesays.com\/fr\/wp-json\/wp\/v2\/posts\/634088","targetHints":{"allow":["GET"]}}],"collection":[{"href":"https:\/\/www.europesays.com\/fr\/wp-json\/wp\/v2\/posts"}],"about":[{"href":"https:\/\/www.europesays.com\/fr\/wp-json\/wp\/v2\/types\/post"}],"author":[{"embeddable":true,"href":"https:\/\/www.europesays.com\/fr\/wp-json\/wp\/v2\/users\/2"}],"replies":[{"embeddable":true,"href":"https:\/\/www.europesays.com\/fr\/wp-json\/wp\/v2\/comments?post=634088"}],"version-history":[{"count":0,"href":"https:\/\/www.europesays.com\/fr\/wp-json\/wp\/v2\/posts\/634088\/revisions"}],"wp:featuredmedia":[{"embeddable":true,"href":"https:\/\/www.europesays.com\/fr\/wp-json\/wp\/v2\/media\/634089"}],"wp:attachment":[{"href":"https:\/\/www.europesays.com\/fr\/wp-json\/wp\/v2\/media?parent=634088"}],"wp:term":[{"taxonomy":"category","embeddable":true,"href":"https:\/\/www.europesays.com\/fr\/wp-json\/wp\/v2\/categories?post=634088"},{"taxonomy":"post_tag","embeddable":true,"href":"https:\/\/www.europesays.com\/fr\/wp-json\/wp\/v2\/tags?post=634088"}],"curies":[{"name":"wp","href":"https:\/\/api.w.org\/{rel}","templated":true}]}}